{"id":46904,"date":"2026-09-04T12:46:19","date_gmt":"2026-09-04T10:46:19","guid":{"rendered":"https:\/\/magazyn.travelist.pl\/?p=46904"},"modified":"2026-09-04T12:55:03","modified_gmt":"2026-09-04T10:55:03","slug":"gory-opawskie-najlepsze-atrakcje-i-szlaki","status":"publish","type":"post","link":"https:\/\/magazyn.travelist.pl\/gory-opawskie-najlepsze-atrakcje-i-szlaki","title":{"rendered":"Poznaj Polsk\u0119 poza utartym szlakiem: G\u00f3ry Opawskie \u2013 najlepsze atrakcje i szlaki"},"content":{"rendered":"\n<p>Zacienione doliny, skalne ambony, dawne kamienio\u0142omy, bystre potoki i \u015blady poszukiwaczy z\u0142ota ukryte w lasach&#8230; cho\u0107 G\u00f3ry Opawskie stanowi\u0105 jedno z najmniejszych pasm polskich Sudet\u00f3w, oferuj\u0105 ogromn\u0105 r\u00f3\u017cnorodno\u015b\u0107 tras i atrakcji. Kr\u00f3tkie, strome podej\u015bcia podnosz\u0105 t\u0119tno, metalowa drabinka w dawnym wyrobisku daje zastrzyk adrenaliny, a blisko\u015b\u0107 granicy pozwala w trakcie jednej wycieczki odwiedzi\u0107 czeskich s\u0105siad\u00f3w. Poznajcie z nami G\u00f3ry Opawskie \u2013 niewielkie, ale pe\u0142ne charakteru.<\/p>\n\n\n<div class=\"travelist-search-root wp-block-travelist-search\" data-travelist-search=\"\"><\/div>\n\n\n<div style=\"height:15px\" aria-hidden=\"true\" class=\"wp-block-spacer\"><\/div>\n\n\n\n<h2 class=\"wp-block-heading\">TOP atrakcji G\u00f3r Opawskich &#8211; podsumowanie&nbsp;<\/h2>\n\n\n\n<ul class=\"wp-block-list\">\n<li><strong>G\u00f3ry Opawskie &#8211; gdzie le\u017c\u0105 i dlaczego warto je odwiedzi\u0107? <\/strong>&#8211; po\u0142o\u017cenie pasma, r\u00f3\u017cnorodno\u015b\u0107 atrakcji i propozycja trzydniowego zwiedzania<\/li>\n\n\n\n<li><strong>Biskupia Kopa \u2013 najwy\u017cszy szczyt polskiej cz\u0119\u015bci G\u00f3r Opawskich i punkt Korony G\u00f3r Polski<\/strong> &#8211; trasy na szczyt, po\u0142o\u017cenie na granicy i najwa\u017cniejsze ciekawostki<\/li>\n\n\n\n<li><strong>Wie\u017ca widokowa na Biskupiej Kopie \u2013 panorama Sudet\u00f3w, Opolszczyzny i czeskich Jesionik\u00f3w<\/strong> &#8211; historia wie\u017cy, panoramy i praktyczne informacje o zwiedzaniu<\/li>\n\n\n\n<li><strong>Schronisko PTTK pod Biskupi\u0105 Kop\u0105 \u2013 g\u00f3rskie schronisko w G\u00f3rach Opawskich i kultowy przystanek na szlaku <\/strong>&#8211; historia schroniska, noclegi i tradycja obcinania krawat\u00f3w<\/li>\n\n\n\n<li><strong>Srebrna Kopa \u2013  szczyt dla os\u00f3b szukaj\u0105cych miejsca do spokojniejszej w\u0119dr\u00f3wki <\/strong>&#8211; spokojniejsza trasa, widoki i mo\u017cliwo\u015b\u0107 d\u0142u\u017cszej p\u0119tli<\/li>\n\n\n\n<li><strong>Gwarkowa Per\u0107 \u2013 najbardziej emocjonuj\u0105cy szlak G\u00f3r Opawskich z kultow\u0105 metalow\u0105 drabink\u0105 <\/strong>&#8211; dawny kamienio\u0142om, metalowa drabina i zasady bezpiecznego przej\u015bcia<\/li>\n\n\n\n<li><strong>Zamkowa G\u00f3ra \u2013 kameralny, le\u015bny szczyt z pozosta\u0142o\u015bciami dawnego zameczku i ciekaw\u0105 histori\u0105 &#8211; <\/strong>pozosta\u0142o\u015bci warowni, dawne granice i lokalne legendy<\/li>\n\n\n\n<li><strong>Szlak Prze\u0142omu Z\u0142otego Potoku \u2013 malownicza p\u0119tla spacerowa przez lasy, formacje skalne i g\u00f3rski strumie\u0144 <\/strong>&#8211; malownicza trasa przez ska\u0142y, kamienio\u0142omy i dolin\u0119<\/li>\n\n\n\n<li><strong>Dolina Bystrego Potoku i Rezerwat Cicha Dolina \u2013 urokliwe, le\u015bne \u015bcie\u017cki przyrodnicze u st\u00f3p Biskupiej Kopy <\/strong>&#8211; le\u015bna dolina, stare buczyny i trasy na Biskupi\u0105 Kop\u0119<\/li>\n\n\n\n<li><strong>Ska\u0142y Karolinki i Karliki \u2013 charakterystyczne formacje skalne nad dolin\u0105 Z\u0142otego Potoku <\/strong>&#8211; formacje skalne, punkty widokowe i dawne kamienio\u0142omy<\/li>\n\n\n\n<li><strong>Jarno\u0142t\u00f3wek \u2013 spokojna miejscowo\u015b\u0107 u st\u00f3p Biskupiej Kopy i punkt wyj\u015bciowy na szlak<\/strong>i &#8211; historia miejscowo\u015bci, zabytki i szlaki turystyczne<\/li>\n\n\n\n<li><strong>Pokrzywna \u2013 popularna baza wypadowa na najciekawsze atrakcje G\u00f3r Opawskich<\/strong> &#8211; szlaki, atrakcje rodzinne i infrastruktura turystyczna<\/li>\n\n\n\n<li><strong>G\u0142ucho\u0142azy \u2013 uzdrowiskowy klimat, Park Zdrojowy i G\u00f3ra Parkowa u podn\u00f3\u017ca G\u00f3r Opawskich <\/strong>&#8211; uzdrowiskowa historia, Park Zdrojowy, t\u0119\u017cnia i g\u00f3rskie trasy<\/li>\n\n\n\n<li><strong>Prudnik \u2013 historyczna wschodnia brama regionu i zabytkowa Wie\u017ca Woka <\/strong>&#8211; zabytki, historia miasta i szlaki w G\u00f3ry Opawskie<\/li>\n\n\n\n<li><strong>Park Krajobrazowy G\u00f3ry Opawskie \u2013 cenny obszar chronionej przyrody, z lasami, potokami i ciekawymi trasami g\u00f3rskimi <\/strong>&#8211; rezerwaty, przyroda, \u015blady g\u00f3rnictwa i trasy turystyczne<\/li>\n\n\n\n<li><strong>Zlat\u00e9 Hory \u2013 urokliwa baza wypadowa do w\u0119dr\u00f3wek po czeskiej stronie G\u00f3r Opawskich <\/strong>&#8211; g\u00f3rnicza historia miasta i szlaki po czeskiej stronie<\/li>\n\n\n\n<li><strong>Skansen Z\u0142ota w Zlatych Horach (Zlatorudn\u00e9 ml\u00fdny) <\/strong>\u2013 g\u00f3rnicze m\u0142yny i \u015bcie\u017cka edukacyjna w dolinie potoku &#8211; dawne m\u0142yny, historia wydobycia i p\u0142ukanie z\u0142ota<\/li>\n\n\n\n<li><strong>Rezerwat Rejv\u00edz i Wielkie Torfowisko <\/strong>\u2013 spacer po drewnianych k\u0142adkach a\u017c do tajemniczego Mechowego Jeziorka &#8211; torfowisko, drewniane k\u0142adki i Mechowe Jeziorko<\/li>\n\n\n\n<li><strong>G\u00f3ry Opawskie \u2013 gdzie zje\u015b\u0107?<\/strong> &#8211; regionalna kuchnia i polecane miejsca na obiad<\/li>\n\n\n\n<li><strong>G\u00f3ry Opawskie \u2013 gdzie si\u0119 zatrzyma\u0107? <\/strong>&#8211; propozycje nocleg\u00f3w w regionie<\/li>\n<\/ul>\n\n\n\n<div style=\"height:14px\" aria-hidden=\"true\" class=\"wp-block-spacer\"><\/div>\n\n\n\n<div class=\"wp-block-buttons is-content-justification-center is-layout-flex wp-container-core-buttons-is-layout-1 wp-block-buttons-is-layout-flex\">\n<div class=\"wp-block-button\"><a class=\"wp-block-button__link wp-element-button\" href=\"https:\/\/travelist.pl\/odkryj\/gory-opawskie\">Rezerwuj hotele w G\u00f3rach Opawskich TANIEJ na Travelist.pl>><\/a><\/div>\n<\/div>\n\n\n\n<div style=\"height:10px\" aria-hidden=\"true\" class=\"wp-block-spacer\"><\/div>\n\n\n\n<h2 class=\"wp-block-heading\">G\u00f3ry Opawskie &#8211; gdzie le\u017c\u0105 i dlaczego warto je odwiedzi\u0107?<\/h2>\n\n\n\n<p>Po\u0142o\u017cone na polsko-czeskim pograniczu G\u00f3ry Opawskie stanowi\u0105 najbardziej wysuni\u0119t\u0105 na wsch\u00f3d cz\u0119\u015b\u0107 polskich Sudet\u00f3w. Symbolem pasma po polskiej stronie jest Biskupia Kopa (890 m n.p.m.), cho\u0107 najwy\u017cszy wierzcho\u0142ek ca\u0142ego pasma \u2013 P\u0159\u00ed\u010dn\u00fd vrch (G\u00f3ra Poprzeczna, 975 m n.p.m.) \u2013 le\u017cy u naszych po\u0142udniowych s\u0105siad\u00f3w.<\/p>\n\n\n<div class=\"wp-block-image\">\n<figure class=\"aligncenter size-large\"><a href=\"https:\/\/travelist.pl\/odkryj\/gory-opawskie\"><img loading=\"lazy\" decoding=\"async\" width=\"1024\" height=\"576\" data-attachment-id=\"46920\" data-permalink=\"https:\/\/travelist.pl\/magazyn\/park-krajobrazowy-gory-opawskie\" data-orig-file=\"https:\/\/travelist.pl\/magazyn\/wp-content\/uploads\/2026\/09\/Park-Krajobrazowy-Gory-Opawskie.jpg\" data-orig-size=\"1920,1080\" data-comments-opened=\"0\" data-image-meta=\"{&quot;aperture&quot;:&quot;0&quot;,&quot;credit&quot;:&quot;&quot;,&quot;camera&quot;:&quot;&quot;,&quot;caption&quot;:&quot;&quot;,&quot;created_timestamp&quot;:&quot;0&quot;,&quot;copyright&quot;:&quot;&quot;,&quot;focal_length&quot;:&quot;0&quot;,&quot;iso&quot;:&quot;0&quot;,&quot;shutter_speed&quot;:&quot;0&quot;,&quot;title&quot;:&quot;&quot;,&quot;orientation&quot;:&quot;0&quot;}\" data-image-title=\"Magazyn Travelist: Poznaj Polsk\u0119 poza utartym szlakiem: G\u00f3ry Opawskie \u2013 ark Krajobrazowy G\u00f3ry Opawskie\" data-image-description=\"\" data-image-caption=\"\" data-medium-file=\"https:\/\/travelist.pl\/magazyn\/wp-content\/uploads\/2026\/09\/Park-Krajobrazowy-Gory-Opawskie-300x169.jpg\" data-large-file=\"https:\/\/travelist.pl\/magazyn\/wp-content\/uploads\/2026\/09\/Park-Krajobrazowy-Gory-Opawskie-1024x576.jpg\" src=\"https:\/\/travelist.pl\/magazyn\/wp-content\/uploads\/2026\/09\/Park-Krajobrazowy-Gory-Opawskie-1024x576.jpg\" alt=\"Magazyn Travelist: Poznaj Polsk\u0119 poza utartym szlakiem: G\u00f3ry Opawskie \u2013 ark Krajobrazowy G\u00f3ry Opawskie\" class=\"wp-image-46920\" srcset=\"https:\/\/travelist.pl\/magazyn\/wp-content\/uploads\/2026\/09\/Park-Krajobrazowy-Gory-Opawskie-1024x576.jpg 1024w, https:\/\/travelist.pl\/magazyn\/wp-content\/uploads\/2026\/09\/Park-Krajobrazowy-Gory-Opawskie-300x169.jpg 300w, https:\/\/travelist.pl\/magazyn\/wp-content\/uploads\/2026\/09\/Park-Krajobrazowy-Gory-Opawskie-768x432.jpg 768w, https:\/\/travelist.pl\/magazyn\/wp-content\/uploads\/2026\/09\/Park-Krajobrazowy-Gory-Opawskie-1536x864.jpg 1536w, https:\/\/travelist.pl\/magazyn\/wp-content\/uploads\/2026\/09\/Park-Krajobrazowy-Gory-Opawskie-18x10.jpg 18w, https:\/\/travelist.pl\/magazyn\/wp-content\/uploads\/2026\/09\/Park-Krajobrazowy-Gory-Opawskie.jpg 1920w\" sizes=\"(max-width: 1024px) 100vw, 1024px\" \/><\/a><\/figure><\/div>\n\n\n<p>Nie imponuj\u0105 wielko\u015bci\u0105 \u2013 to jedno z najmniejszych pasm Sudet\u00f3w \u2013 za to r\u00f3\u017cnorodno\u015bci\u0105 nadrabiaj\u0105 z nawi\u0105zk\u0105. Bardziej ambitni piechurzy mog\u0105 ruszy\u0107 G\u0142\u00f3wnym Szlakiem Sudeckim przez kolejne grzbiety, rodziny wybra\u0107 kr\u00f3tsze \u015bcie\u017cki przyrodnicze i formacje skalne w okolicach Pokrzywnej, a mi\u0142o\u015bnicy historii \u2013 tropi\u0107 \u015blady dawnego g\u00f3rnictwa, \u015bredniowiecznych trakt\u00f3w czy przedwojennej turystyki. Po stronie czeskiej portfolio atrakcji wzbogaca si\u0119 o m\u0142yny g\u00f3rnicze w Zlatych Horach i najwi\u0119kszy kompleks torfowisk wysokich Moraw i \u015al\u0105ska w Rejv\u00edzie. Sama oficjalna sie\u0107 Parku Krajobrazowego G\u00f3ry Opawskie obejmuje 128 km znakowanych tras oraz ponad 30 km \u015bcie\u017cek przyrodniczo-dydaktycznych. Jest wi\u0119c gdzie w\u0119drowa\u0107. I szuka\u0107 inspiracji oraz odpowiedzi na pytanie, <a href=\"https:\/\/travelist.pl\/magazyn\/gdzie-na-weekend-w-polsce-18-wyjatkowych-pomyslow\">gdzie na weekend w Polsce<\/a>.&nbsp;<\/p>\n\n\n\n<p>Na pierwsze rozpoznanie terenu optymalnie przeznaczy\u0107 trzy dni:<\/p>\n\n\n\n<ul class=\"wp-block-list\">\n<li>Dzie\u0144 1: Wyprawa na Biskupi\u0105 Kop\u0119 i grzbietowe szlaki.<\/li>\n\n\n\n<li>Dzie\u0144 2: Prze\u0142om Z\u0142otego Potoku, Dolina Bystrego Potoku oraz spacer po G\u0142ucho\u0142azach.<\/li>\n\n\n\n<li>Dzie\u0144 3: <a href=\"https:\/\/travelist.pl\/magazyn\/najwieksze-atrakcje-czech]\">Atrakcje Czech<\/a>: Czeskie Zlat\u00e9 Hory, Skansen Z\u0142ota oraz Rezerwat Rejv\u00edz.<\/li>\n<\/ul>\n\n\n\n<p>Planuj\u0105c d\u0142u\u017cszy pobyt, warto odwiedzi\u0107 Prudnik, mniej ucz\u0119szczane wschodnie grzbiety oraz historyczne miejsca zwi\u0105zane z wydobyciem kruszc\u00f3w. Noclegi naj\u0142atwiej zarezerwowa\u0107, przegl\u0105daj\u0105c<a href=\"https:\/\/travelist.pl\/hotele\/polska\/opolskie\"> hotele w wojew\u00f3dztwie opolskim<\/a>, a je\u015bli wyjazd ma obj\u0105\u0107 r\u00f3wnie\u017c inne sudeckie pasma \u2013 tak\u017ce<a href=\"https:\/\/travelist.pl\/odkryj\/polskie-gory\"> hotele w g\u00f3rach<\/a>.<\/p>\n\n\n\n<div class=\"wp-block-buttons is-content-justification-center is-layout-flex wp-container-core-buttons-is-layout-2 wp-block-buttons-is-layout-flex\">\n<div class=\"wp-block-button\"><a class=\"wp-block-button__link wp-element-button\" href=\"https:\/\/travelist.pl\/odkryj\/gory-opawskie\">Rezerwuj hotele w G\u00f3rach Opawskich TANIEJ na Travelist.pl&gt;&gt;<\/a><\/div>\n<\/div>\n\n\n\n<div style=\"height:19px\" aria-hidden=\"true\" class=\"wp-block-spacer\"><\/div>\n\n\n\n<h2 class=\"wp-block-heading\">Biskupia Kopa \u2013 najwy\u017cszy szczyt polskiej cz\u0119\u015bci G\u00f3r Opawskich i punkt Korony G\u00f3r Polski<\/h2>\n\n\n\n<p>Niech Was nie zwiedzie liczba z przodu. Nieca\u0142e 900 m n.p.m. brzmi przy tatrza\u0144skich czy karkonoskich dwutysi\u0119cznikach niemal niewinnie, ale Biskupia Kopa potrafi szybko przypomnie\u0107, \u017ce wysoko\u015b\u0107 bezwzgl\u0119dna to tylko cz\u0119\u015b\u0107 g\u00f3rskiej matematyki. Szczeg\u00f3lnie je\u015bli zamiast najkr\u00f3tszej drogi wybierzecie d\u0142u\u017cszy wariant w\u0119dr\u00f3wki przez dolin\u0119 Bystrego Potoku i Gwarkow\u0105 Per\u0107. Wtedy zwyk\u0142e \u201eidziemy na szczyt\u201d zmienia si\u0119 w \u201ezdobywamy\u201d, czyli pe\u0142nowymiarow\u0105 &#8211; pe\u0142n\u0105 potu i chwil zw\u0105tpienia &#8211; g\u00f3rsk\u0105 wypraw\u0119.<\/p>\n\n\n<div class=\"wp-block-image\">\n<figure class=\"aligncenter size-large\"><a href=\"https:\/\/travelist.pl\/odkryj\/gory-opawskie\"><img loading=\"lazy\" decoding=\"async\" width=\"1024\" height=\"576\" data-attachment-id=\"46944\" data-permalink=\"https:\/\/travelist.pl\/magazyn\/biskupia-kopa-2\" data-orig-file=\"https:\/\/travelist.pl\/magazyn\/wp-content\/uploads\/2026\/09\/Biskupia-Kopa-2.jpg\" data-orig-size=\"1920,1080\" data-comments-opened=\"0\" data-image-meta=\"{&quot;aperture&quot;:&quot;0&quot;,&quot;credit&quot;:&quot;&quot;,&quot;camera&quot;:&quot;&quot;,&quot;caption&quot;:&quot;&quot;,&quot;created_timestamp&quot;:&quot;0&quot;,&quot;copyright&quot;:&quot;&quot;,&quot;focal_length&quot;:&quot;0&quot;,&quot;iso&quot;:&quot;0&quot;,&quot;shutter_speed&quot;:&quot;0&quot;,&quot;title&quot;:&quot;&quot;,&quot;orientation&quot;:&quot;0&quot;}\" data-image-title=\"Magazyn Travelist: Poznaj Polsk\u0119 poza utartym szlakiem: G\u00f3ry Opawskie \u2013 Biskupia Kopa\" data-image-description=\"\" data-image-caption=\"\" data-medium-file=\"https:\/\/travelist.pl\/magazyn\/wp-content\/uploads\/2026\/09\/Biskupia-Kopa-2-300x169.jpg\" data-large-file=\"https:\/\/travelist.pl\/magazyn\/wp-content\/uploads\/2026\/09\/Biskupia-Kopa-2-1024x576.jpg\" src=\"https:\/\/travelist.pl\/magazyn\/wp-content\/uploads\/2026\/09\/Biskupia-Kopa-2-1024x576.jpg\" alt=\"Magazyn Travelist: Poznaj Polsk\u0119 poza utartym szlakiem: G\u00f3ry Opawskie \u2013 Biskupia Kopa\" class=\"wp-image-46944\" srcset=\"https:\/\/travelist.pl\/magazyn\/wp-content\/uploads\/2026\/09\/Biskupia-Kopa-2-1024x576.jpg 1024w, https:\/\/travelist.pl\/magazyn\/wp-content\/uploads\/2026\/09\/Biskupia-Kopa-2-300x169.jpg 300w, https:\/\/travelist.pl\/magazyn\/wp-content\/uploads\/2026\/09\/Biskupia-Kopa-2-768x432.jpg 768w, https:\/\/travelist.pl\/magazyn\/wp-content\/uploads\/2026\/09\/Biskupia-Kopa-2-1536x864.jpg 1536w, https:\/\/travelist.pl\/magazyn\/wp-content\/uploads\/2026\/09\/Biskupia-Kopa-2-18x10.jpg 18w, https:\/\/travelist.pl\/magazyn\/wp-content\/uploads\/2026\/09\/Biskupia-Kopa-2.jpg 1920w\" sizes=\"(max-width: 1024px) 100vw, 1024px\" \/><\/a><\/figure><\/div>\n\n\n<p>Sama Biskupia Kopa zreszt\u0105 lubi geograficzne komplikacje. Liczy 890 m n.p.m., jest najwy\u017cszym szczytem polskiej cz\u0119\u015bci G\u00f3r Opawskich i jednym z 28 wierzcho\u0142k\u00f3w Korony G\u00f3r Polski, cho\u0107 jej najwy\u017cszy fragment znajduje si\u0119 ju\u017c\u2026 w Czechach. A \u017ceby by\u0142o jeszcze ciekawiej, nawet w ca\u0142ych G\u00f3rach Opawskich nie jest numerem jeden. Wy\u017cszy jest czeski P\u0159\u00ed\u010dn\u00fd vrch. Niewysoka, troch\u0119 schowana w cieniu bardziej znanych sudeckich szczyt\u00f3w, a geograficznych niespodzianek kryje wi\u0119cej ni\u017c niejeden g\u00f3rski celebryta.<\/p>\n\n\n\n<p>Najpopularniejsze wej\u015bcia prowadz\u0105 z Pokrzywnej i Jarno\u0142t\u00f3wka. Je\u015bli zale\u017cy Wam przede wszystkim na zdobyciu szczytu, mo\u017cna wybra\u0107 stosunkowo \u0142agodny wariant przez schronisko. Je\u015bli czasu jest wi\u0119cej, warto potraktowa\u0107 Biskupi\u0105 Kop\u0119 jako fina\u0142 d\u0142u\u017cszej trasy przez dolin\u0119 Bystrego Potoku i Gwarkow\u0105 Per\u0107.<\/p>\n\n\n<div class=\"wp-block-image\">\n<figure class=\"aligncenter size-large\"><a href=\"https:\/\/travelist.pl\/odkryj\/gory-opawskie\"><img loading=\"lazy\" decoding=\"async\" width=\"1024\" height=\"576\" data-attachment-id=\"46943\" data-permalink=\"https:\/\/travelist.pl\/magazyn\/biskupia-kopa-1\" data-orig-file=\"https:\/\/travelist.pl\/magazyn\/wp-content\/uploads\/2026\/09\/Biskupia-Kopa-1.jpg\" data-orig-size=\"1920,1080\" data-comments-opened=\"0\" data-image-meta=\"{&quot;aperture&quot;:&quot;0&quot;,&quot;credit&quot;:&quot;&quot;,&quot;camera&quot;:&quot;&quot;,&quot;caption&quot;:&quot;&quot;,&quot;created_timestamp&quot;:&quot;0&quot;,&quot;copyright&quot;:&quot;&quot;,&quot;focal_length&quot;:&quot;0&quot;,&quot;iso&quot;:&quot;0&quot;,&quot;shutter_speed&quot;:&quot;0&quot;,&quot;title&quot;:&quot;&quot;,&quot;orientation&quot;:&quot;0&quot;}\" data-image-title=\"Magazyn Travelist: Poznaj Polsk\u0119 poza utartym szlakiem: G\u00f3ry Opawskie \u2013 Biskupia Kopa\" data-image-description=\"\" data-image-caption=\"\" data-medium-file=\"https:\/\/travelist.pl\/magazyn\/wp-content\/uploads\/2026\/09\/Biskupia-Kopa-1-300x169.jpg\" data-large-file=\"https:\/\/travelist.pl\/magazyn\/wp-content\/uploads\/2026\/09\/Biskupia-Kopa-1-1024x576.jpg\" src=\"https:\/\/travelist.pl\/magazyn\/wp-content\/uploads\/2026\/09\/Biskupia-Kopa-1-1024x576.jpg\" alt=\"Magazyn Travelist: Poznaj Polsk\u0119 poza utartym szlakiem: G\u00f3ry Opawskie \u2013 Biskupia Kopa\" class=\"wp-image-46943\" srcset=\"https:\/\/travelist.pl\/magazyn\/wp-content\/uploads\/2026\/09\/Biskupia-Kopa-1-1024x576.jpg 1024w, https:\/\/travelist.pl\/magazyn\/wp-content\/uploads\/2026\/09\/Biskupia-Kopa-1-300x169.jpg 300w, https:\/\/travelist.pl\/magazyn\/wp-content\/uploads\/2026\/09\/Biskupia-Kopa-1-768x432.jpg 768w, https:\/\/travelist.pl\/magazyn\/wp-content\/uploads\/2026\/09\/Biskupia-Kopa-1-1536x864.jpg 1536w, https:\/\/travelist.pl\/magazyn\/wp-content\/uploads\/2026\/09\/Biskupia-Kopa-1-18x10.jpg 18w, https:\/\/travelist.pl\/magazyn\/wp-content\/uploads\/2026\/09\/Biskupia-Kopa-1.jpg 1920w\" sizes=\"(max-width: 1024px) 100vw, 1024px\" \/><\/a><\/figure><\/div>\n\n\n<p>Mo\u017cna te\u017c urz\u0105dzi\u0107 sobie ca\u0142odzienn\u0105 wypraw\u0119 p\u0119tl\u0105 przez Srebrn\u0105 Kop\u0119 i Zamkow\u0105 G\u00f3r\u0119. Opcja dla tych, kt\u00f3rzy nie lubi\u0105 wraca\u0107 dok\u0142adnie t\u0105 sam\u0105 drog\u0105 \u2013 i dobra odpowied\u017a na zarzut, \u017ce G\u00f3ry Opawskie s\u0105 \u201eza ma\u0142e\u201d na porz\u0105dn\u0105 wycieczk\u0119. P\u0119tla z Pokrzywnej mo\u017ce liczy\u0107 blisko 14 km i oko\u0142o 660 m sumy podej\u015b\u0107. Nogi pod koniec dnia raczej nie b\u0119d\u0105 zainteresowane dyskusj\u0105 o tym, czy 890 m to du\u017co, ma\u0142o, a mo\u017ce \u015brednio.&nbsp;<\/p>\n\n\n\n<p>Tu\u017c przed szczytem przechodzi si\u0119 przez granic\u0119 pa\u0144stwow\u0105. Przej\u015bcie turystyczne uruchomiono tu w latach 90., a formalno\u015bci znikn\u0119\u0142y wraz z wej\u015bciem do strefy Schengen. Nazwa szczytu nawi\u0105zuje do historycznych w\u0142a\u015bcicieli tych ziem \u2013 biskup\u00f3w wroc\u0142awskich, do kt\u00f3rych Ksi\u0119stwo Nyskie nale\u017ca\u0142o od XIII wieku (status ten umocni\u0142 przywilej Henryka IV Probusa z 1290 roku). Druga hipoteza wskazuje na charakterystyczny kszta\u0142t g\u00f3ry, przypominaj\u0105cy biskupi\u0105 mitr\u0119.&nbsp;<\/p>\n\n\n\n<p>Tu\u017c przed szczytem przechodzi si\u0119 przez granic\u0119 pa\u0144stwow\u0105. W\u0142a\u015bciwie mo\u017cna j\u0105 przegapi\u0107. Polski szlak, czeskie drogowskazy, rozmowy w dw\u00f3ch j\u0119zykach, kilka krok\u00f3w i jeste\u015bmy w innym kraju. Nie zawsze by\u0142o tak \u0142atwo. Turystyczne przej\u015bcie graniczne na szczycie uruchomiono w latach 90., a po wej\u015bciu obu pa\u0144stw do strefy Schengen graniczne formalno\u015bci znikn\u0119\u0142y ca\u0142kowicie. Pograniczny charakter Biskupiej Kopy ma jednak znacznie d\u0142u\u017csz\u0105 histori\u0119. Jedna z popularnych wersji wi\u0105\u017ce jej nazw\u0119 z dawnymi w\u0142a\u015bcicielami tych ziem \u2013 biskupami wroc\u0142awskimi. Inna teoria odwo\u0142uje si\u0119 do kszta\u0142tu g\u00f3ry przypominaj\u0105cego biskupi\u0105 mitr\u0119. Dlatego nie warto traktowa\u0107 Biskupiej Kopy wy\u0142\u0105cznie jak kolejnej piecz\u0105tki do Korony G\u00f3r Polski. Szczyt mo\u017cna zdoby\u0107 stosunkowo szybko, ale znacznie ciekawiej potraktowa\u0107 go jako punkt wi\u0119kszej w\u0119dr\u00f3wki przez opawskie pogranicze. Cel jest tylko pretekstem.&nbsp;<\/p>\n\n\n\n<div class=\"wp-block-buttons is-content-justification-center is-layout-flex wp-container-core-buttons-is-layout-3 wp-block-buttons-is-layout-flex\">\n<div class=\"wp-block-button\"><a class=\"wp-block-button__link wp-element-button\" href=\"https:\/\/travelist.pl\/odkryj\/gory-opawskie\">Rezerwuj hotele w G\u00f3rach Opawskich TANIEJ na Travelist.pl&gt;&gt;<\/a><\/div>\n<\/div>\n\n\n\n<div style=\"height:17px\" aria-hidden=\"true\" class=\"wp-block-spacer\"><\/div>\n\n\n\n<h2 class=\"wp-block-heading\">Wie\u017ca widokowa na Biskupiej Kopie \u2013 panorama Sudet\u00f3w, Opolszczyzny i czeskich Jesionik\u00f3w<\/h2>\n\n\n\n<p>Gdyby kto\u015b wdrapa\u0142 si\u0119 na Biskupi\u0105 Kop\u0119 wy\u0142\u0105cznie dla widok\u00f3w ze szczytu, m\u00f3g\u0142by poczu\u0107\u2026 lekki niedosyt. Wierzcho\u0142ek jest zalesiony i sam z siebie nie oferuje panoram godnych rangi najwy\u017cszego szczytu polskiej cz\u0119\u015bci pasma. Na szcz\u0119\u015bcie pod koniec XIX w. kto\u015b prze\u017cy\u0142 ju\u017c to rozczarowanie\u2026 i postawi\u0142 wie\u017c\u0119. A w\u0142a\u015bciwie najpierw kamienn\u0105 platform\u0119 widokow\u0105, p\u00f3\u017aniej drewnian\u0105 wie\u017c\u0119, a dopiero za trzecim podej\u015bciem powsta\u0142a konstrukcja, kt\u00f3r\u0105 ogl\u0105damy dzisiaj. I nie by\u0142a to zwyk\u0142a inwestycja turystyczna. Wie\u017ca otrzyma\u0142a imi\u0119 cesarza Franciszka J\u00f3zefa I i powsta\u0142a z okazji 50-lecia jego panowania. Nad wej\u015bciem widnia\u0142 napis \u201eKaiser Franz Josef Warte\u201d, a sama konstrukcja przypomina\u0142a bardziej smuk\u0142\u0105 kamienn\u0105 baszt\u0119 ni\u017c wsp\u00f3\u0142czesne stalowe platformy widokowe. Ma oko\u0142o 18\u201319 m wysoko\u015bci i uchodzi za najstarsz\u0105 zachowan\u0105 wie\u017c\u0119 widokow\u0105 w Jesionikach.<\/p>\n\n\n<div class=\"wp-block-image\">\n<figure class=\"aligncenter size-large\"><a href=\"https:\/\/travelist.pl\/odkryj\/gory-opawskie\"><img loading=\"lazy\" decoding=\"async\" width=\"1024\" height=\"576\" data-attachment-id=\"46939\" data-permalink=\"https:\/\/travelist.pl\/magazyn\/wiez%cc%87a-widokowa-na-biskupiej-kopie\" data-orig-file=\"https:\/\/travelist.pl\/magazyn\/wp-content\/uploads\/2026\/09\/Wieza-widokowa-na-Biskupiej-Kopie.jpg\" data-orig-size=\"1920,1080\" data-comments-opened=\"0\" data-image-meta=\"{&quot;aperture&quot;:&quot;0&quot;,&quot;credit&quot;:&quot;&quot;,&quot;camera&quot;:&quot;&quot;,&quot;caption&quot;:&quot;&quot;,&quot;created_timestamp&quot;:&quot;0&quot;,&quot;copyright&quot;:&quot;&quot;,&quot;focal_length&quot;:&quot;0&quot;,&quot;iso&quot;:&quot;0&quot;,&quot;shutter_speed&quot;:&quot;0&quot;,&quot;title&quot;:&quot;&quot;,&quot;orientation&quot;:&quot;0&quot;}\" data-image-title=\"Magazyn Travelist: Poznaj Polsk\u0119 poza utartym szlakiem: G\u00f3ry Opawskie \u2013 Biskupia Kopa, wie\u017ca widokowa\" data-image-description=\"\" data-image-caption=\"\" data-medium-file=\"https:\/\/travelist.pl\/magazyn\/wp-content\/uploads\/2026\/09\/Wieza-widokowa-na-Biskupiej-Kopie-300x169.jpg\" data-large-file=\"https:\/\/travelist.pl\/magazyn\/wp-content\/uploads\/2026\/09\/Wieza-widokowa-na-Biskupiej-Kopie-1024x576.jpg\" src=\"https:\/\/travelist.pl\/magazyn\/wp-content\/uploads\/2026\/09\/Wieza-widokowa-na-Biskupiej-Kopie-1024x576.jpg\" alt=\"Magazyn Travelist: Poznaj Polsk\u0119 poza utartym szlakiem: G\u00f3ry Opawskie \u2013 Biskupia Kopa, wie\u017ca widokowa\" class=\"wp-image-46939\" srcset=\"https:\/\/travelist.pl\/magazyn\/wp-content\/uploads\/2026\/09\/Wieza-widokowa-na-Biskupiej-Kopie-1024x576.jpg 1024w, https:\/\/travelist.pl\/magazyn\/wp-content\/uploads\/2026\/09\/Wieza-widokowa-na-Biskupiej-Kopie-300x169.jpg 300w, https:\/\/travelist.pl\/magazyn\/wp-content\/uploads\/2026\/09\/Wieza-widokowa-na-Biskupiej-Kopie-768x432.jpg 768w, https:\/\/travelist.pl\/magazyn\/wp-content\/uploads\/2026\/09\/Wieza-widokowa-na-Biskupiej-Kopie-1536x864.jpg 1536w, https:\/\/travelist.pl\/magazyn\/wp-content\/uploads\/2026\/09\/Wieza-widokowa-na-Biskupiej-Kopie-18x10.jpg 18w, https:\/\/travelist.pl\/magazyn\/wp-content\/uploads\/2026\/09\/Wieza-widokowa-na-Biskupiej-Kopie.jpg 1920w\" sizes=\"(max-width: 1024px) 100vw, 1024px\" \/><\/a><\/figure><\/div>\n\n\n<p>Ale to nie koniec zaskakuj\u0105cych ciekawostek. Jeszcze w drewnianej poprzedniczce dzisiejszej wie\u017cy, w 1896 r., uruchomiono pierwszy punkt pocztowy w Jesionikach. Murowana konstrukcja, kt\u00f3r\u0105 ogl\u0105damy dzisiaj, zosta\u0142a otwarta dwa lata p\u00f3\u017aniej. Czyli ju\u017c pod koniec XIX w. mo\u017cna by\u0142o wdrapa\u0107 si\u0119 na graniczny szczyt, obejrze\u0107 panoram\u0119 i od razu wys\u0142a\u0107 z g\u00f3ry kartk\u0119. Instagram swoich czas\u00f3w \u2013 tylko z nieco wolniejszym transferem. Podczas obu wojen \u015bwiatowych romantyczna funkcja widokowa zesz\u0142a z kolei na drugi plan, bo wie\u017ca s\u0142u\u017cy\u0142a jako punkt obserwacyjny. Dzisiaj zn\u00f3w chodzi przede wszystkim o widoki. A te potrafi\u0105 wynagrodzi\u0107 ka\u017cde podej\u015bcie.<\/p>\n\n\n\n<p>Na p\u00f3\u0142nocy g\u00f3ry ko\u0144cz\u0105 si\u0119 niemal bez ostrze\u017cenia. Zamiast kolejnych grzbiet\u00f3w pojawia si\u0119 rozleg\u0142a r\u00f3wnina Opolszczyzny z G\u0142ucho\u0142azami, Nys\u0105 oraz \u2013 przy dobrej przejrzysto\u015bci \u2013 Jeziorami Nyskim i Otmuchowskim. Na po\u0142udniu sytuacja wygl\u0105da dok\u0142adnie odwrotnie: krajobraz marszczy si\u0119 coraz mocniej i przechodzi w czeskie Jesioniki z Pradziadem, 1491 m n.p.m., g\u00f3ruj\u0105cym nad okolic\u0105. Na zachodzie mo\u017cna wypatrywa\u0107 Masywu \u015anie\u017cnika i kolejnych sudeckich pasm. Przy naprawd\u0119 wyj\u0105tkowej widoczno\u015bci \u2013 co entuzjastycznie obiecuj\u0105 czeskie materia\u0142y turystyczne \u2013 mo\u017cna dopatrzy\u0107 si\u0119 w oddali Beskid\u00f3w i najwy\u017cszych partii Tatr.<\/p>\n\n\n\n<p>Wie\u017ca stoi po czeskiej stronie. Naprawd\u0119 po czeskiej \u2013 cho\u0107 od polskiego szlaku dzieli j\u0105 dos\u0142ownie kilka krok\u00f3w. Tym samym technicznie nie jest jedn\u0105 z<a href=\"https:\/\/travelist.pl\/magazyn\/najlepsze-wieze-widokowe-w-polsce\"> wie\u017c widokowych w Polsce<\/a>, nawet je\u015bli zdecydowana wi\u0119kszo\u015b\u0107 jej go\u015bci przychodzi tu w\u0142a\u015bnie z polskiej strony. Poci\u0105ga to za sob\u0105 pewne praktyczne konsekwencje. Wie\u017ca funkcjonuje wed\u0142ug czeskich zasad, wej\u015bcie jest p\u0142atne, a godziny i dni otwarcia zmieniaj\u0105 si\u0119 w zale\u017cno\u015bci od sezonu. Zdarza si\u0119, \u017ce poza g\u0142\u00f3wnym okresem turystycznym obiekt dzia\u0142a tylko w wybrane dni. Je\u015bli platforma jest dla Was najwa\u017cniejszym punktem wyprawy, lepiej sprawdzi\u0107 aktualny harmonogram przed wyj\u015bciem na szlak, ni\u017c p\u00f3\u017aniej poca\u0142owa\u0107 przys\u0142owiow\u0105 klamk\u0119.<\/p>\n\n\n\n<div class=\"wp-block-buttons is-content-justification-center is-layout-flex wp-container-core-buttons-is-layout-4 wp-block-buttons-is-layout-flex\">\n<div class=\"wp-block-button\"><a class=\"wp-block-button__link wp-element-button\" href=\"https:\/\/travelist.pl\/odkryj\/gory-opawskie\">Rezerwuj hotele w G\u00f3rach Opawskich TANIEJ na Travelist.pl&gt;&gt;<\/a><\/div>\n<\/div>\n\n\n\n<div style=\"height:13px\" aria-hidden=\"true\" class=\"wp-block-spacer\"><\/div>\n\n\n\n<h2 class=\"wp-block-heading\">Schronisko PTTK pod Biskupi\u0105 Kop\u0105 \u2013 g\u00f3rskie schronisko w G\u00f3rach Opawskich i kultowy przystanek na szlaku<\/h2>\n\n\n\n<p>Je\u017celi zdarzy si\u0119 Wam spotka\u0107 przed schroniskiem turyst\u0119 w krawacie, warto dobrze mu si\u0119 przyjrze\u0107. Nie tylko dlatego, \u017ce to widok do\u015b\u0107 niecodzienny i jakby nieadekwatny do scenografii. Istnieje bowiem spora szansa, \u017ce kilkana\u015bcie minut p\u00f3\u017aniej krawata ju\u017c mie\u0107 nie b\u0119dzie. Ale po kolei.<\/p>\n\n\n\n<p>G\u00f3rski Dom Turysty \u201ePod Biskupi\u0105 Kop\u0105\u201d po\u0142o\u017cony jest na wysoko\u015bci oko\u0142o 850 m n.p.m., zaledwie kilkaset metr\u00f3w od szczytu. Lokalizacja na do\u015b\u0107 otwartym zboczu czyni go widocznym z daleka, cho\u0107 jeszcze nie tak dawno sytuacja wygl\u0105da\u0142a zupe\u0142nie inaczej. Budynek otacza\u0142y g\u0119ste \u015bwierki. Du\u017ca cz\u0119\u015b\u0107 z nich znikn\u0119\u0142a w wyniku zmian w drzewostanie i gradacji kornika drukarza, przez co schronisko \u2013 zapewne ku niezadowoleniu le\u015bnik\u00f3w, ale ku uciesze mi\u0142o\u015bnik\u00f3w panoram \u2013 zyska\u0142o znacznie lepsz\u0105 ekspozycj\u0119. To jedyny klasyczny g\u00f3rski dom turysty w G\u00f3rach Opawskich, wi\u0119c trudno przej\u015b\u0107 obok niego oboj\u0119tnie. Szczeg\u00f3lnie \u017ce historia turystyki na tym zboczu zacz\u0119\u0142a si\u0119 du\u017co wcze\u015bniej ni\u017c historia obecnego budynku. Ju\u017c pod koniec XIX w. niedaleko szczytu dzia\u0142a\u0142o prywatne schronisko Rudolfsheim. Po II wojnie \u015bwiatowej zosta\u0142o opuszczone, a w 1954 r. rozebrane. Dzi\u015b przy granicznej \u015bcie\u017cce pozosta\u0142y po nim przede wszystkim fragmenty fundament\u00f3w. \u0141atwe do przeoczenia, je\u015bli nie wie si\u0119, gdzie szuka\u0107.<\/p>\n\n\n\n<p>Obecny dom turysty powsta\u0142 z inicjatywy \u015al\u0105skiego Sudeckiego Towarzystwa G\u00f3rskiego. Budow\u0119 rozpocz\u0119to w latach 20. XX w., a obiekt znany jako Oberschlesierh\u00fctte \u2013 Schronisko G\u00f3rno\u015bl\u0105zak\u00f3w przyjmowa\u0142 turyst\u00f3w ju\u017c w pierwszej po\u0142owie dekady. Zainteresowanie by\u0142o na tyle du\u017ce, \u017ce nied\u0142ugo p\u00f3\u017aniej trzeba by\u0142o go rozbudowa\u0107. Po wojnie otrzyma\u0142 nazw\u0119 \u201ePod Kop\u0105 Biskupi\u0105\u201d, a w 1964 r. nadano mu imi\u0119 Bohdana Ma\u0142achowskiego, krakowskiego dzia\u0142acza turystycznego.<\/p>\n\n\n<div class=\"wp-block-image\">\n<figure class=\"aligncenter size-large\"><a href=\"https:\/\/travelist.pl\/odkryj\/gory-opawskie\"><img loading=\"lazy\" decoding=\"async\" width=\"1024\" height=\"576\" data-attachment-id=\"46930\" data-permalink=\"https:\/\/travelist.pl\/magazyn\/schronisko-pttk-pod-biskupia%cc%a8-kopa%cc%a8\" data-orig-file=\"https:\/\/travelist.pl\/magazyn\/wp-content\/uploads\/2026\/09\/Schronisko-PTTK-pod-Biskupia-Kopa.jpg\" data-orig-size=\"1920,1080\" data-comments-opened=\"0\" data-image-meta=\"{&quot;aperture&quot;:&quot;0&quot;,&quot;credit&quot;:&quot;&quot;,&quot;camera&quot;:&quot;&quot;,&quot;caption&quot;:&quot;&quot;,&quot;created_timestamp&quot;:&quot;0&quot;,&quot;copyright&quot;:&quot;&quot;,&quot;focal_length&quot;:&quot;0&quot;,&quot;iso&quot;:&quot;0&quot;,&quot;shutter_speed&quot;:&quot;0&quot;,&quot;title&quot;:&quot;&quot;,&quot;orientation&quot;:&quot;0&quot;}\" data-image-title=\"Magazyn Travelist: Poznaj Polsk\u0119 poza utartym szlakiem: G\u00f3ry Opawskie \u2013 Biskupia Kopa, schronisko\" data-image-description=\"\" data-image-caption=\"\" data-medium-file=\"https:\/\/travelist.pl\/magazyn\/wp-content\/uploads\/2026\/09\/Schronisko-PTTK-pod-Biskupia-Kopa-300x169.jpg\" data-large-file=\"https:\/\/travelist.pl\/magazyn\/wp-content\/uploads\/2026\/09\/Schronisko-PTTK-pod-Biskupia-Kopa-1024x576.jpg\" src=\"https:\/\/travelist.pl\/magazyn\/wp-content\/uploads\/2026\/09\/Schronisko-PTTK-pod-Biskupia-Kopa-1024x576.jpg\" alt=\"Magazyn Travelist: Poznaj Polsk\u0119 poza utartym szlakiem: G\u00f3ry Opawskie \u2013 Biskupia Kopa, schronisko \" class=\"wp-image-46930\" srcset=\"https:\/\/travelist.pl\/magazyn\/wp-content\/uploads\/2026\/09\/Schronisko-PTTK-pod-Biskupia-Kopa-1024x576.jpg 1024w, https:\/\/travelist.pl\/magazyn\/wp-content\/uploads\/2026\/09\/Schronisko-PTTK-pod-Biskupia-Kopa-300x169.jpg 300w, https:\/\/travelist.pl\/magazyn\/wp-content\/uploads\/2026\/09\/Schronisko-PTTK-pod-Biskupia-Kopa-768x432.jpg 768w, https:\/\/travelist.pl\/magazyn\/wp-content\/uploads\/2026\/09\/Schronisko-PTTK-pod-Biskupia-Kopa-1536x864.jpg 1536w, https:\/\/travelist.pl\/magazyn\/wp-content\/uploads\/2026\/09\/Schronisko-PTTK-pod-Biskupia-Kopa-18x10.jpg 18w, https:\/\/travelist.pl\/magazyn\/wp-content\/uploads\/2026\/09\/Schronisko-PTTK-pod-Biskupia-Kopa.jpg 1920w\" sizes=\"(max-width: 1024px) 100vw, 1024px\" \/><\/a><\/figure><\/div>\n\n\n<p>Ca\u0142a okolica by\u0142a zreszt\u0105 turystycznie \u201eurz\u0105dzana\u201d z du\u017cym rozmachem ju\u017c sto lat temu. Jednym z ludzi szczeg\u00f3lnie zaanga\u017cowanych w jej rozw\u00f3j by\u0142 Paul Lange, przedwojenny burmistrz Prudnika. Jego nazwisko do dzi\u015b nosz\u0105 Plac Langego i prowadz\u0105ca w stron\u0119 schroniska \u015acie\u017cka Langego. Kiedy wi\u0119c podczas podej\u015bcia pojawi si\u0119 my\u015bl, \u017ce szeroka droga i wygodne doj\u015bcie to wsp\u00f3\u0142czesny uk\u0142on w stron\u0119 weekendowych turyst\u00f3w \u2013 niekoniecznie. Tutejsza tradycja organizowania g\u00f3rskiego wypoczynku ma znacznie d\u0142u\u017csz\u0105 metryk\u0119. Dzisiaj w schronisku mo\u017cna zje\u015b\u0107, odpocz\u0105\u0107 i przenocowa\u0107. Obiekt dysponuje oko\u0142o 50 miejscami noclegowymi, ale kto oczekuje lobby, szlafroka i \u015bniadania do \u0142\u00f3\u017cka, pomyli\u0142 adresy.<\/p>\n\n\n\n<p>A teraz wracamy do krawata. Pod sufitem sali jadalnej wisi poka\u017ana kolekcja\u2026 obci\u0119tych krawat\u00f3w. Zgodnie z miejscow\u0105 tradycj\u0105 ten szczeg\u00f3lnie miejski element garderoby nie jest w schronisku mile widziany i mo\u017ce zosta\u0107 skr\u00f3cony przy pomocy no\u017cyczek, by nast\u0119pnie do\u0142\u0105czy\u0107 do pozosta\u0142ych trofe\u00f3w. Czy ka\u017cdy elegancko ubrany go\u015b\u0107 rzeczywi\u015bcie ko\u0144czy w ten spos\u00f3b? Nie zamierzamy sprawdza\u0107. Wam pozostawiamy wolno\u015b\u0107 wyboru.<\/p>\n\n\n\n<p>Nocleg tu\u017c przed kulminacyjn\u0105 wspinaczk\u0105 na szczyt ma sens. Mo\u017cna dotrze\u0107 tutaj p\u00f3\u017anym popo\u0142udniem, zostawi\u0107 wi\u0119kszo\u015b\u0107 baga\u017cu i nast\u0119pnego dnia ruszy\u0107 w kierunku wie\u017cy, zanim pojawi si\u0119 g\u0142\u00f3wna fala zdobywc\u00f3w. Albo wej\u015b\u0107 od Jarno\u0142t\u00f3wka, przenocowa\u0107 i rano zej\u015b\u0107 d\u0142u\u017csz\u0105 tras\u0105 przez Srebrn\u0105 Kop\u0119 i Zamkow\u0105 G\u00f3r\u0119 do Pokrzywnej. Niewielkie pasmo, a nagle spokojnie wystarcza na dwa dni wyprawy.<\/p>\n\n\n\n<p>Ale nawet je\u015bli nie planujecie noclegu, warto wej\u015b\u0107 do \u015brodka cho\u0107 na chwil\u0119. Przy jednym stole spotykaj\u0105 si\u0119 rodziny, zdobywcy Korony G\u00f3r Polski, w\u0119drowcy id\u0105cy G\u0142\u00f3wnym Szlakiem Sudeckim i Czesi, kt\u00f3rzy przyszli od Zlatych Hor. Jedni rozk\u0142adaj\u0105 map\u0119, drudzy licz\u0105 piecz\u0105tki, kto\u015b zamawia zup\u0119, a kto\u015b w\u0142a\u015bnie dowiaduje si\u0119, dlaczego na suficie wisz\u0105 dziesi\u0105tki krawat\u00f3w. S\u0142owem, to nie tylko przystanek przed szczytem. Samo schronisko jest jedn\u0105 z atrakcji.<\/p>\n\n\n\n<div class=\"wp-block-buttons is-content-justification-center is-layout-flex wp-container-core-buttons-is-layout-5 wp-block-buttons-is-layout-flex\">\n<div class=\"wp-block-button\"><a class=\"wp-block-button__link wp-element-button\" href=\"https:\/\/travelist.pl\/odkryj\/gory-opawskie\">Rezerwuj hotele w G\u00f3rach Opawskich TANIEJ na Travelist.pl&gt;&gt;<\/a><\/div>\n<\/div>\n\n\n\n<div style=\"height:9px\" aria-hidden=\"true\" class=\"wp-block-spacer\"><\/div>\n\n\n\n<h2 class=\"wp-block-heading\">Srebrna Kopa \u2013 widokowy szczyt dla os\u00f3b szukaj\u0105cych miejsca do spokojniejszej w\u0119dr\u00f3wki<\/h2>\n\n\n\n<p>Nie mo\u017ce pochwali\u0107 si\u0119 wie\u017c\u0105, schroniskiem czy uznan\u0105 pozycj\u0105 w Koronie G\u00f3r Polski, ale w\u0142a\u015bnie dlatego Srebrna Kopa mo\u017ce okaza\u0107 si\u0119 jednym z przyjemniejszych zaskocze\u0144 w G\u00f3rach Opawskich. Podczas gdy wi\u0119kszo\u015b\u0107 turyst\u00f3w konsekwentnie maszeruje w stron\u0119 s\u0142ynniejszej s\u0105siadki, Biskupiej Kopy, wystarczy odbi\u0107 na czerwony szlak, by zrobi\u0142o si\u0119 ciszej i bardziej przestrzennie. Piecz\u0105tki st\u0105d nie zniesiecie, ale galeri\u0119 widok\u00f3w godnych zapami\u0119tania jak najbardziej.<\/p>\n\n\n<div class=\"wp-block-image\">\n<figure class=\"aligncenter size-large\"><a href=\"https:\/\/travelist.pl\/odkryj\/gory-opawskie\"><img loading=\"lazy\" decoding=\"async\" width=\"1024\" height=\"576\" data-attachment-id=\"46935\" data-permalink=\"https:\/\/travelist.pl\/magazyn\/srebrna-kopa-1\" data-orig-file=\"https:\/\/travelist.pl\/magazyn\/wp-content\/uploads\/2026\/09\/Srebrna-Kopa-1.jpg\" data-orig-size=\"1920,1080\" data-comments-opened=\"0\" data-image-meta=\"{&quot;aperture&quot;:&quot;0&quot;,&quot;credit&quot;:&quot;&quot;,&quot;camera&quot;:&quot;&quot;,&quot;caption&quot;:&quot;&quot;,&quot;created_timestamp&quot;:&quot;0&quot;,&quot;copyright&quot;:&quot;&quot;,&quot;focal_length&quot;:&quot;0&quot;,&quot;iso&quot;:&quot;0&quot;,&quot;shutter_speed&quot;:&quot;0&quot;,&quot;title&quot;:&quot;&quot;,&quot;orientation&quot;:&quot;0&quot;}\" data-image-title=\"Magazyn Travelist: Poznaj Polsk\u0119 poza utartym szlakiem: G\u00f3ry Opawskie \u2013 Srebrna Kopa\" data-image-description=\"\" data-image-caption=\"\" data-medium-file=\"https:\/\/travelist.pl\/magazyn\/wp-content\/uploads\/2026\/09\/Srebrna-Kopa-1-300x169.jpg\" data-large-file=\"https:\/\/travelist.pl\/magazyn\/wp-content\/uploads\/2026\/09\/Srebrna-Kopa-1-1024x576.jpg\" src=\"https:\/\/travelist.pl\/magazyn\/wp-content\/uploads\/2026\/09\/Srebrna-Kopa-1-1024x576.jpg\" alt=\"Magazyn Travelist: Poznaj Polsk\u0119 poza utartym szlakiem: G\u00f3ry Opawskie \u2013 Srebrna Kopa\" class=\"wp-image-46935\" srcset=\"https:\/\/travelist.pl\/magazyn\/wp-content\/uploads\/2026\/09\/Srebrna-Kopa-1-1024x576.jpg 1024w, https:\/\/travelist.pl\/magazyn\/wp-content\/uploads\/2026\/09\/Srebrna-Kopa-1-300x169.jpg 300w, https:\/\/travelist.pl\/magazyn\/wp-content\/uploads\/2026\/09\/Srebrna-Kopa-1-768x432.jpg 768w, https:\/\/travelist.pl\/magazyn\/wp-content\/uploads\/2026\/09\/Srebrna-Kopa-1-1536x864.jpg 1536w, https:\/\/travelist.pl\/magazyn\/wp-content\/uploads\/2026\/09\/Srebrna-Kopa-1-18x10.jpg 18w, https:\/\/travelist.pl\/magazyn\/wp-content\/uploads\/2026\/09\/Srebrna-Kopa-1.jpg 1920w\" sizes=\"(max-width: 1024px) 100vw, 1024px\" \/><\/a><\/figure><\/div>\n\n\n<p>Srebrna Kopa, po czesku Velk\u00e1 St\u0159\u00edbrn\u00e1, liczy 785 m n.p.m. i jest drugim najwy\u017cszym wzniesieniem polskiej cz\u0119\u015bci G\u00f3r Opawskich. Po jej grzbiecie przebiega granica pa\u0144stwowa oraz czerwony G\u0142\u00f3wny Szlak Sudecki \u2013 ten sam znakowany na czerwono trakt, kt\u00f3rym mo\u017cna przej\u015b\u0107 przez du\u017c\u0105 cz\u0119\u015b\u0107 polskich Sudet\u00f3w. Szczyt rzadko bywa zat\u0142oczony, gwarantuj\u0105c spokojniejszy marsz.<\/p>\n\n\n\n<p>A sk\u0105d to srebro w nazwie? Zdradzimy: nie od koloru ska\u0142 czy szczeg\u00f3lnego sposobu, w jaki zbocza mieni\u0105 si\u0119 w s\u0142o\u0144cu. Srebra rzeczywi\u015bcie tutaj szukano. Pr\u00f3by wydobycia prowadzono po po\u0142udniowej, czeskiej stronie masywu, w okolicy zwanej St\u0159\u00edbrn\u00fd \u017eleb. Z poszukiwaniami kruszcu zwi\u0105zany by\u0142 r\u00f3wnie\u017c po\u0142o\u017cony poni\u017cej Janov, kt\u00f3ry otrzyma\u0142 status osady g\u00f3rniczej. Problem w tym, \u017ce wielkiej fortuny z ziemi nie wykopano \u2013 z\u0142o\u017ca okaza\u0142y si\u0119 zbyt skromne, by eksploatacja mia\u0142a wi\u0119kszy sens. Dzisiaj zamiast srebra czeka tu jednak inna nagroda \u2013 widoki na Biskupi\u0105 Kop\u0119, czeskie Jesioniki, G\u00f3ry Z\u0142ote, P\u0142askowy\u017c G\u0142ubczycki i szerokie po\u0142acie Opolszczyzny. Przy czym wierzcho\u0142ek Srebrnej Kopy nie oferuje klasycznej panoramy ze szczytow\u0105 tablic\u0105 na pierwszym planie. Cz\u0119\u015bciowo zas\u0142aniaj\u0105 go m\u0142ode brzozy. Najlepsze widoki pojawiaj\u0105 si\u0119 jeszcze podczas podej\u015bcia, szczeg\u00f3lnie na wysoko\u015bci powy\u017cej 750 m n.p.m. Warto wi\u0119c patrze\u0107 nie tylko przed siebie, w stron\u0119 celu, ale r\u00f3wnie\u017c za siebie. Na grzbiecie stoi niewielka konstrukcja z p\u0142asko u\u0142o\u017conych kamieni, przypominaj\u0105ca prymitywny schron. Wed\u0142ug lokalnych przekaz\u00f3w mog\u0142a s\u0142u\u017cy\u0107 \u017co\u0142nierzom Wojsk Ochrony Pogranicza patroluj\u0105cym granic\u0119 z Czechos\u0142owacj\u0105.<\/p>\n\n\n<div class=\"wp-block-image\">\n<figure class=\"aligncenter size-large\"><a href=\"https:\/\/travelist.pl\/odkryj\/gory-opawskie\"><img loading=\"lazy\" decoding=\"async\" width=\"1024\" height=\"576\" data-attachment-id=\"46936\" data-permalink=\"https:\/\/travelist.pl\/magazyn\/srebrna-kopa-2\" data-orig-file=\"https:\/\/travelist.pl\/magazyn\/wp-content\/uploads\/2026\/09\/Srebrna-Kopa-2.jpg\" data-orig-size=\"1920,1080\" data-comments-opened=\"0\" data-image-meta=\"{&quot;aperture&quot;:&quot;0&quot;,&quot;credit&quot;:&quot;&quot;,&quot;camera&quot;:&quot;&quot;,&quot;caption&quot;:&quot;&quot;,&quot;created_timestamp&quot;:&quot;0&quot;,&quot;copyright&quot;:&quot;&quot;,&quot;focal_length&quot;:&quot;0&quot;,&quot;iso&quot;:&quot;0&quot;,&quot;shutter_speed&quot;:&quot;0&quot;,&quot;title&quot;:&quot;&quot;,&quot;orientation&quot;:&quot;0&quot;}\" data-image-title=\"Magazyn Travelist: Poznaj Polsk\u0119 poza utartym szlakiem: G\u00f3ry Opawskie \u2013 Srebrna Kopa\" data-image-description=\"\" data-image-caption=\"\" data-medium-file=\"https:\/\/travelist.pl\/magazyn\/wp-content\/uploads\/2026\/09\/Srebrna-Kopa-2-300x169.jpg\" data-large-file=\"https:\/\/travelist.pl\/magazyn\/wp-content\/uploads\/2026\/09\/Srebrna-Kopa-2-1024x576.jpg\" src=\"https:\/\/travelist.pl\/magazyn\/wp-content\/uploads\/2026\/09\/Srebrna-Kopa-2-1024x576.jpg\" alt=\"Magazyn Travelist: Poznaj Polsk\u0119 poza utartym szlakiem: G\u00f3ry Opawskie \u2013 Srebrna Kopa\" class=\"wp-image-46936\" srcset=\"https:\/\/travelist.pl\/magazyn\/wp-content\/uploads\/2026\/09\/Srebrna-Kopa-2-1024x576.jpg 1024w, https:\/\/travelist.pl\/magazyn\/wp-content\/uploads\/2026\/09\/Srebrna-Kopa-2-300x169.jpg 300w, https:\/\/travelist.pl\/magazyn\/wp-content\/uploads\/2026\/09\/Srebrna-Kopa-2-768x432.jpg 768w, https:\/\/travelist.pl\/magazyn\/wp-content\/uploads\/2026\/09\/Srebrna-Kopa-2-1536x864.jpg 1536w, https:\/\/travelist.pl\/magazyn\/wp-content\/uploads\/2026\/09\/Srebrna-Kopa-2-18x10.jpg 18w, https:\/\/travelist.pl\/magazyn\/wp-content\/uploads\/2026\/09\/Srebrna-Kopa-2.jpg 1920w\" sizes=\"(max-width: 1024px) 100vw, 1024px\" \/><\/a><\/figure><\/div>\n\n\n<p>Wspinaczk\u0119 na Srebrn\u0105 Kop\u0119 najlepiej potraktowa\u0107 jako etap d\u0142u\u017cszej trasy z Pokrzywnej przez Szyndzielow\u0105 Kop\u0119 i Zamkow\u0105 G\u00f3r\u0119. Za t\u0105 ostatni\u0105, przy czerwonym szlaku, znajduje si\u0119 niewielka drewniana platforma widokowa, a na Prze\u0142\u0119czy pod Zamkow\u0105 G\u00f3r\u0105 \u2013 miejsce nazywane Grobem Czarownicy. Lokalna legenda opowiada o ubogiej mieszkance Jarno\u0142t\u00f3wka, kt\u00f3r\u0105 miejscowi mieli uwa\u017ca\u0107 za czarownic\u0119. Ni\u017cej, po stronie doliny Bystrego Potoku, rozci\u0105ga si\u0119 rezerwat Cicha Dolina z wilgotnym lasem i siedliskami m.in. salamandry plamistej. Je\u015bli wycieczk\u0119 przed\u0142u\u017cycie przez Srebrn\u0105 Kop\u0119 w stron\u0119 schroniska pod Biskupi\u0105 Kop\u0105, mo\u017cna zbudowa\u0107 z Pokrzywnej ca\u0142odzienn\u0105 p\u0119tl\u0119. W zale\u017cno\u015bci od wybranego wariantu trzeba liczy\u0107 oko\u0142o 13\u201315 km i mniej wi\u0119cej 5 godzin marszu, a z postojami odpowiednio wi\u0119cej. Srebrna Kopa nie konkuruje z popularn\u0105 s\u0105siadk\u0105. Ale czy w og\u00f3le musi?&nbsp;<\/p>\n\n\n\n<div class=\"wp-block-buttons is-content-justification-center is-layout-flex wp-container-core-buttons-is-layout-6 wp-block-buttons-is-layout-flex\">\n<div class=\"wp-block-button\"><a class=\"wp-block-button__link wp-element-button\" href=\"https:\/\/travelist.pl\/odkryj\/gory-opawskie\">Rezerwuj hotele w G\u00f3rach Opawskich TANIEJ na Travelist.pl&gt;&gt;<\/a><\/div>\n<\/div>\n\n\n\n<div style=\"height:13px\" aria-hidden=\"true\" class=\"wp-block-spacer\"><\/div>\n\n\n\n<h2 class=\"wp-block-heading\">Gwarkowa Per\u0107 \u2013 najbardziej emocjonuj\u0105cy szlak G\u00f3r Opawskich z kultow\u0105 metalow\u0105 drabink\u0105<\/h2>\n\n\n\n<p>Z nazwy jakby tatrza\u0144ska, jednak zamiast skalnej grani wysoko ponad dolin\u0105 czeka Was tu\u2026 dawny kamienio\u0142om \u0142upk\u00f3w fyllitowych wci\u0119ty w po\u0142udniowo-wschodnie zbocze Bukowej G\u00f3ry. Charakterystyczne skalne p\u00f3\u0142ki oraz sztucznie ods\u0142oni\u0119te podczas eksploatacji naturalne warstwy ska\u0142 nadaj\u0105 dzi\u015b Gwarkowej Perci surowy, nieco tajemniczy wygl\u0105d.<\/p>\n\n\n\n<p>Je\u015bli ruszycie od strony Pokrzywnej i doliny Bystrego Potoku, pierwsz\u0105 niespodziank\u0105 b\u0119d\u0105 jednak nie ska\u0142y, lecz \u015blady dawnej skoczni narciarskiej. Powsta\u0142a w 1931 r., a zawodnicy mogli osi\u0105ga\u0107 na niej oko\u0142o 40 m. Dzi\u015b o jej istnieniu przypominaj\u0105 przede wszystkim pozosta\u0142o\u015bci dobiegu, zaro\u015bni\u0119ty pr\u00f3g i szeroki betonowy most nad potokiem. Ostatnie zawody rozegrano tutaj w 1947 r.<\/p>\n\n\n\n<p>Kamienio\u0142om Gwarkowej Perci otwarto w 1820 roku. Wydobywano tutaj \u0142upek fyllitowy, zwany dach\u00f3wkowym, kt\u00f3ry wykorzystywano m.in. do krycia dach\u00f3w i ok\u0142adania \u015bcian budynk\u00f3w. \u0141upek pozyskiwano schodowo, pozostawiaj\u0105c po eksploatacji skalne p\u00f3\u0142ki nazywane ambonami. Przy bli\u017cszym spojrzeniu wida\u0107, \u017ce ska\u0142a dzieli si\u0119 na cienkie warstwy, a jej powierzchnia potrafi lekko po\u0142yskiwa\u0107.<\/p>\n\n\n<div class=\"wp-block-image\">\n<figure class=\"aligncenter size-large\"><a href=\"https:\/\/travelist.pl\/odkryj\/gory-opawskie\"><img loading=\"lazy\" decoding=\"async\" width=\"1024\" height=\"576\" data-attachment-id=\"46915\" data-permalink=\"https:\/\/travelist.pl\/magazyn\/gwarkowa-perc\" data-orig-file=\"https:\/\/travelist.pl\/magazyn\/wp-content\/uploads\/2026\/09\/Gwarkowa-Perc.jpg\" data-orig-size=\"1920,1080\" data-comments-opened=\"0\" data-image-meta=\"{&quot;aperture&quot;:&quot;0&quot;,&quot;credit&quot;:&quot;&quot;,&quot;camera&quot;:&quot;&quot;,&quot;caption&quot;:&quot;&quot;,&quot;created_timestamp&quot;:&quot;0&quot;,&quot;copyright&quot;:&quot;&quot;,&quot;focal_length&quot;:&quot;0&quot;,&quot;iso&quot;:&quot;0&quot;,&quot;shutter_speed&quot;:&quot;0&quot;,&quot;title&quot;:&quot;&quot;,&quot;orientation&quot;:&quot;0&quot;}\" data-image-title=\"Magazyn Travelist: Poznaj Polsk\u0119 poza utartym szlakiem: G\u00f3ry Opawskie \u2013 Gwarkowa Perc\u0301\" data-image-description=\"\" data-image-caption=\"\" data-medium-file=\"https:\/\/travelist.pl\/magazyn\/wp-content\/uploads\/2026\/09\/Gwarkowa-Perc-300x169.jpg\" data-large-file=\"https:\/\/travelist.pl\/magazyn\/wp-content\/uploads\/2026\/09\/Gwarkowa-Perc-1024x576.jpg\" src=\"https:\/\/travelist.pl\/magazyn\/wp-content\/uploads\/2026\/09\/Gwarkowa-Perc-1024x576.jpg\" alt=\"Magazyn Travelist: Poznaj Polsk\u0119 poza utartym szlakiem: G\u00f3ry Opawskie \u2013 Gwarkowa Perc\u0301\" class=\"wp-image-46915\" srcset=\"https:\/\/travelist.pl\/magazyn\/wp-content\/uploads\/2026\/09\/Gwarkowa-Perc-1024x576.jpg 1024w, https:\/\/travelist.pl\/magazyn\/wp-content\/uploads\/2026\/09\/Gwarkowa-Perc-300x169.jpg 300w, https:\/\/travelist.pl\/magazyn\/wp-content\/uploads\/2026\/09\/Gwarkowa-Perc-768x432.jpg 768w, https:\/\/travelist.pl\/magazyn\/wp-content\/uploads\/2026\/09\/Gwarkowa-Perc-1536x864.jpg 1536w, https:\/\/travelist.pl\/magazyn\/wp-content\/uploads\/2026\/09\/Gwarkowa-Perc-18x10.jpg 18w, https:\/\/travelist.pl\/magazyn\/wp-content\/uploads\/2026\/09\/Gwarkowa-Perc.jpg 1920w\" sizes=\"(max-width: 1024px) 100vw, 1024px\" \/><\/a><\/figure><\/div>\n\n\n<p>Najwi\u0119ksza atrakcja tego miejsca pojawi\u0142a si\u0119 jednak znacznie p\u00f3\u017aniej. W 1985 roku Klub G\u00f3rski PTTK \u201eKrokus\u201d z Opola zamontowa\u0142 tu metalow\u0105 drabin\u0119 o d\u0142ugo\u015bci oko\u0142o 11 m i 35 szczeblach. Niemal pionowa konstrukcja pozwala pokona\u0107 skalny pr\u00f3g i kontynuowa\u0107 w\u0119dr\u00f3wk\u0119. Id\u0105c od strony Pokrzywnej, wspinamy si\u0119 po niej do g\u00f3rnej cz\u0119\u015bci wyrobiska; maszeruj\u0105c w przeciwnym kierunku \u2013 schodzimy.<\/p>\n\n\n\n<p>Najbezpieczniej pokonywa\u0107 drabin\u0119 pojedynczo i z wolnymi r\u0119kami. Kijki trekkingowe czy inne lu\u017ane przedmioty warto dobrze zabezpieczy\u0107 \u2013 szczeg\u00f3lnie na g\u00f3rnej kraw\u0119dzi, sk\u0105d mog\u0142yby spa\u015b\u0107 na osoby znajduj\u0105ce si\u0119 ni\u017cej. Po deszczu metalowe szczeble i ska\u0142y staj\u0105 si\u0119 \u015bliskie, a zim\u0105 mo\u017ce pojawi\u0107 si\u0119 oblodzenie. Dla os\u00f3b z silnym l\u0119kiem wysoko\u015bci drabina mo\u017ce by\u0107 powa\u017cnym wyzwaniem, a m\u0142odsze dzieci powinny pokonywa\u0107 ten odcinek pod bezpo\u015brednim nadzorem doros\u0142ego.<\/p>\n\n\n\n<p>Niedaleko kryje si\u0119 jeszcze Piekie\u0142ko, czyli kolejne dawne wyrobisko \u0142upku. Nazwa obiecuje wi\u0119cej wra\u017ce\u0144, ni\u017c oferuje sam spacer, ale warto przeznaczy\u0107 dodatkowe kilkana\u015bcie minut, by do niego zajrze\u0107.<\/p>\n\n\n\n<p>Sama Gwarkowa Per\u0107 jest cz\u0119\u015bci\u0105 du\u017co ciekawszej uk\u0142adanki. Niebieski Szlak Prze\u0142omu Z\u0142otego Potoku prowadz\u0105cy przez okolice Pokrzywnej i Jarno\u0142t\u00f3wka pozwala zobaczy\u0107 r\u00f3wnie\u017c inne \u015blady dawnego wydobycia, m.in. \u017babie Oczko, a po drodze tak\u017ce skalne punkty widokowe Karolinki i Karliki. Dzi\u0119ki temu drabina nie musi by\u0107 celem kr\u00f3tkiego spaceru \u2013 mo\u017ce sta\u0107 si\u0119 najbardziej emocjonuj\u0105cym momentem kilkugodzinnej ekspady.<\/p>\n\n\n\n<p>Je\u015bli po Gwarkowej Perci chcecie ruszy\u0107 dalej w stron\u0119 Biskupiej Kopy, niebieskim szlakiem nale\u017cy doj\u015b\u0107 do Rozdro\u017ca pod Piekie\u0142kiem, a nast\u0119pnie przej\u015b\u0107 na szlak \u017c\u00f3\u0142ty, kt\u00f3ry prowadzi przez Drog\u0119 Amalii i dalej \u015acie\u017ck\u0105 Langego w kierunku schroniska pod Biskupi\u0105 Kop\u0105. Do Gwarkowej Perci mo\u017cna podej\u015b\u0107 r\u00f3wnie\u017c kr\u00f3tko od strony Pokrzywnej, z rejonu parkingu w Dolinie Bystrego Potoku. Alternatyw\u0105 jest start w Jarno\u0142t\u00f3wku i doj\u015bcie niebieskim szlakiem przez Karliki i Piekie\u0142ko \u2013 w tym wariancie do kamienio\u0142omu dociera si\u0119 od g\u00f3ry i drabin\u0119 pokonuje w d\u00f3\u0142. Przed wyj\u015bciem warto sprawdzi\u0107 aktualny stan szlak\u00f3w, szczeg\u00f3lnie po intensywnych opadach i wezbraniach potok\u00f3w.<\/p>\n\n\n\n<p>Gwarkowa Per\u0107 ma zreszt\u0105 wi\u0119cej ni\u017c jedno oblicze. Po \u015bcianach wyrobiska sp\u0142ywa woda, kt\u00f3ra zim\u0105 potrafi zamarza\u0107, tworz\u0105c efektown\u0105 lodow\u0105 pokryw\u0119 i sople. Latem uwag\u0119 przyci\u0105gaj\u0105 z kolei warstwowe \u015bciany kamienio\u0142omu, zw\u0142aszcza gdy uko\u015bne \u015bwiat\u0142o podkre\u015bla struktur\u0119 \u0142upka. Zach\u0119caj\u0105ce, ale warto pami\u0119ta\u0107, \u017ce ods\u0142oni\u0119te ska\u0142y i dawne wyrobisko s\u0105 chronione jako pomnik przyrody nieo\u017cywionej \u2013 ogl\u0105damy je z wyznaczonej trasy, a nie wykorzystujemy do spontanicznej wspinaczki.<\/p>\n\n\n\n<div class=\"wp-block-buttons is-content-justification-center is-layout-flex wp-container-core-buttons-is-layout-7 wp-block-buttons-is-layout-flex\">\n<div class=\"wp-block-button\"><a class=\"wp-block-button__link wp-element-button\" href=\"https:\/\/travelist.pl\/odkryj\/gory-opawskie\">Rezerwuj hotele w G\u00f3rach Opawskich TANIEJ na Travelist.pl&gt;&gt;<\/a><\/div>\n<\/div>\n\n\n\n<div style=\"height:13px\" aria-hidden=\"true\" class=\"wp-block-spacer\"><\/div>\n\n\n\n<h2 class=\"wp-block-heading\">Zamkowa G\u00f3ra \u2013 kameralny, le\u015bny szczyt z pozosta\u0142o\u015bciami dawnego zameczku i ciekaw\u0105 histori\u0105<\/h2>\n\n\n\n<p>Nazwa obiecuje zamek. Rzeczywisto\u015b\u0107 oferuje las, kilka nier\u00f3wno\u015bci terenu i zadanie z gatunku: \u201espr\u00f3buj znale\u017a\u0107 \u015bredniowieczn\u0105 warowni\u0119, wiedz\u0105c, \u017ce prawie nic z niej nie zosta\u0142o\u201d. Wznosz\u0105ca si\u0119 na 571 m n.p.m. Zamkowa G\u00f3ra zajmuje trzecie miejsce na li\u015bcie Z\u0142otej Odznaki Korony Parku Krajobrazowego \u201eG\u00f3ry Opawskie\u201d \u2013 po Biskupiej i Srebrnej Kopie. Przecina j\u0105 czerwony G\u0142\u00f3wny Szlak Sudecki, kt\u00f3rym mo\u017cna maszerowa\u0107 z Pokrzywnej przez Szyndzielow\u0105 Kop\u0119, a dalej w stron\u0119 Srebrnej i Biskupiej Kopy. Samo podej\u015bcie nie trwa d\u0142ugo, ale szczeg\u00f3lnie od strony prze\u0142\u0119czy potrafi zaskoczy\u0107 nachyleniem.<\/p>\n\n\n<div class=\"wp-block-image\">\n<figure class=\"aligncenter size-large\"><a href=\"https:\/\/travelist.pl\/odkryj\/gory-opawskie\"><img loading=\"lazy\" decoding=\"async\" width=\"1024\" height=\"576\" data-attachment-id=\"46941\" data-permalink=\"https:\/\/travelist.pl\/magazyn\/zamkowa-gora\" data-orig-file=\"https:\/\/travelist.pl\/magazyn\/wp-content\/uploads\/2026\/09\/Zamkowa-Gora.jpg\" data-orig-size=\"1920,1080\" data-comments-opened=\"0\" data-image-meta=\"{&quot;aperture&quot;:&quot;0&quot;,&quot;credit&quot;:&quot;&quot;,&quot;camera&quot;:&quot;&quot;,&quot;caption&quot;:&quot;&quot;,&quot;created_timestamp&quot;:&quot;0&quot;,&quot;copyright&quot;:&quot;&quot;,&quot;focal_length&quot;:&quot;0&quot;,&quot;iso&quot;:&quot;0&quot;,&quot;shutter_speed&quot;:&quot;0&quot;,&quot;title&quot;:&quot;&quot;,&quot;orientation&quot;:&quot;0&quot;}\" data-image-title=\"Magazyn Travelist: Poznaj Polsk\u0119 poza utartym szlakiem: G\u00f3ry Opawskie \u2013 Zamkowa G\u00f3ra\" data-image-description=\"\" data-image-caption=\"\" data-medium-file=\"https:\/\/travelist.pl\/magazyn\/wp-content\/uploads\/2026\/09\/Zamkowa-Gora-300x169.jpg\" data-large-file=\"https:\/\/travelist.pl\/magazyn\/wp-content\/uploads\/2026\/09\/Zamkowa-Gora-1024x576.jpg\" src=\"https:\/\/travelist.pl\/magazyn\/wp-content\/uploads\/2026\/09\/Zamkowa-Gora-1024x576.jpg\" alt=\"Magazyn Travelist: Poznaj Polsk\u0119 poza utartym szlakiem: G\u00f3ry Opawskie \u2013 Zamkowa G\u00f3ra\" class=\"wp-image-46941\" srcset=\"https:\/\/travelist.pl\/magazyn\/wp-content\/uploads\/2026\/09\/Zamkowa-Gora-1024x576.jpg 1024w, https:\/\/travelist.pl\/magazyn\/wp-content\/uploads\/2026\/09\/Zamkowa-Gora-300x169.jpg 300w, https:\/\/travelist.pl\/magazyn\/wp-content\/uploads\/2026\/09\/Zamkowa-Gora-768x432.jpg 768w, https:\/\/travelist.pl\/magazyn\/wp-content\/uploads\/2026\/09\/Zamkowa-Gora-1536x864.jpg 1536w, https:\/\/travelist.pl\/magazyn\/wp-content\/uploads\/2026\/09\/Zamkowa-Gora-18x10.jpg 18w, https:\/\/travelist.pl\/magazyn\/wp-content\/uploads\/2026\/09\/Zamkowa-Gora.jpg 1920w\" sizes=\"(max-width: 1024px) 100vw, 1024px\" \/><\/a><\/figure><\/div>\n\n\n<p>A co z zamkiem? Co\u015b rzeczywi\u015bcie tutaj sta\u0142o. Na szczycie znajduje si\u0119 stanowisko archeologiczne w miejscu dawnego grodziska, a od XIV wieku funkcjonowa\u0142 tu niewielki warowny zameczek. Nie spodziewajcie si\u0119 jednak mur\u00f3w ani romantycznych ruin poro\u015bni\u0119tych bluszczem. W terenie zachowa\u0142y si\u0119 jedynie s\u0142abo czytelne \u015blady dawnego za\u0142o\u017cenia, m.in. zarysy fosy i wa\u0142\u00f3w.<\/p>\n\n\n\n<p>Lokalizacja takiego punktu obronnego nie by\u0142a przypadkowa. Warownia mia\u0142a strzec granicy mi\u0119dzy ksi\u0119stwem opawskim a nyskim ksi\u0119stwem biskupim oraz szlaku handlowego prowadz\u0105cego z Wroc\u0142awia na Morawy. W okolicy przebiega\u0142a tak\u017ce Opawska Droga \u2013 dawny trakt \u0142\u0105cz\u0105cy Zlat\u00e9 Hory z Jind\u0159ichovem. W miejscowych przekazach pojawia si\u0119 r\u00f3wnie\u017c motyw rycerzy-rozb\u00f3jnik\u00f3w, kt\u00f3rzy mieli wykorzystywa\u0107 warowni\u0119 jako baz\u0119 do napadania na kupc\u00f3w. T\u0119 cz\u0119\u015b\u0107 historii lepiej jednak traktowa\u0107 jako element lokalnej tradycji ni\u017c kronikarski pewnik.<\/p>\n\n\n<div class=\"wp-block-image\">\n<figure class=\"aligncenter size-large\"><a href=\"https:\/\/travelist.pl\/odkryj\/gory-opawskie\"><img loading=\"lazy\" decoding=\"async\" width=\"1024\" height=\"576\" data-attachment-id=\"46940\" data-permalink=\"https:\/\/travelist.pl\/magazyn\/zamkowa-gora-szlak-do-niej-tylko-byl\" data-orig-file=\"https:\/\/travelist.pl\/magazyn\/wp-content\/uploads\/2026\/09\/Zamkowa-Gora-szlak-do-niej-tylko-byl.jpg\" data-orig-size=\"1920,1080\" data-comments-opened=\"0\" data-image-meta=\"{&quot;aperture&quot;:&quot;0&quot;,&quot;credit&quot;:&quot;&quot;,&quot;camera&quot;:&quot;&quot;,&quot;caption&quot;:&quot;&quot;,&quot;created_timestamp&quot;:&quot;0&quot;,&quot;copyright&quot;:&quot;&quot;,&quot;focal_length&quot;:&quot;0&quot;,&quot;iso&quot;:&quot;0&quot;,&quot;shutter_speed&quot;:&quot;0&quot;,&quot;title&quot;:&quot;&quot;,&quot;orientation&quot;:&quot;0&quot;}\" data-image-title=\"Magazyn Travelist: Poznaj Polsk\u0119 poza utartym szlakiem: G\u00f3ry Opawskie \u2013 Zamkowa G\u00f3ra\" data-image-description=\"\" data-image-caption=\"\" data-medium-file=\"https:\/\/travelist.pl\/magazyn\/wp-content\/uploads\/2026\/09\/Zamkowa-Gora-szlak-do-niej-tylko-byl-300x169.jpg\" data-large-file=\"https:\/\/travelist.pl\/magazyn\/wp-content\/uploads\/2026\/09\/Zamkowa-Gora-szlak-do-niej-tylko-byl-1024x576.jpg\" src=\"https:\/\/travelist.pl\/magazyn\/wp-content\/uploads\/2026\/09\/Zamkowa-Gora-szlak-do-niej-tylko-byl-1024x576.jpg\" alt=\"Magazyn Travelist: Poznaj Polsk\u0119 poza utartym szlakiem: G\u00f3ry Opawskie \u2013 Zamkowa G\u00f3ra\" class=\"wp-image-46940\" srcset=\"https:\/\/travelist.pl\/magazyn\/wp-content\/uploads\/2026\/09\/Zamkowa-Gora-szlak-do-niej-tylko-byl-1024x576.jpg 1024w, https:\/\/travelist.pl\/magazyn\/wp-content\/uploads\/2026\/09\/Zamkowa-Gora-szlak-do-niej-tylko-byl-300x169.jpg 300w, https:\/\/travelist.pl\/magazyn\/wp-content\/uploads\/2026\/09\/Zamkowa-Gora-szlak-do-niej-tylko-byl-768x432.jpg 768w, https:\/\/travelist.pl\/magazyn\/wp-content\/uploads\/2026\/09\/Zamkowa-Gora-szlak-do-niej-tylko-byl-1536x864.jpg 1536w, https:\/\/travelist.pl\/magazyn\/wp-content\/uploads\/2026\/09\/Zamkowa-Gora-szlak-do-niej-tylko-byl-18x10.jpg 18w, https:\/\/travelist.pl\/magazyn\/wp-content\/uploads\/2026\/09\/Zamkowa-Gora-szlak-do-niej-tylko-byl.jpg 1920w\" sizes=\"(max-width: 1024px) 100vw, 1024px\" \/><\/a><\/figure><\/div>\n\n\n<p>Na Prze\u0142\u0119czy pod Zamkow\u0105 G\u00f3r\u0105 zbiegaj\u0105 si\u0119 dzi\u015b szlaki i przebiega granica polsko-czeska. Dawniej geograficzne podzia\u0142y by\u0142y tu znacznie bardziej zagmatwane \u2013 do po\u0142owy XVIII wieku w tym miejscu styka\u0142y si\u0119 granice ksi\u0119stwa nyskiego biskup\u00f3w wroc\u0142awskich, ksi\u0119stwa opolskiego i Moraw. Prawdziwy tr\u00f3jstyk. Najbardziej osobliw\u0105 pami\u0105tk\u0105 tego pogranicza jest wspomniany ju\u017c Gr\u00f3b Czarownicy, zwany te\u017c Kamieniem Trzech Granic. Jedna z miejscowych legend opowiada o ubogiej mieszkance Jarno\u0142t\u00f3wka, babci Speil, kt\u00f3ra utrzymywa\u0142a si\u0119 ze znachorstwa oraz zbierania le\u015bnych owoc\u00f3w i zi\u00f3\u0142, a przez okolicznych mieszka\u0144c\u00f3w by\u0142a uwa\u017cana za czarownic\u0119. Wed\u0142ug tej opowie\u015bci po jej \u015bmierci dosz\u0142o do sporu o poch\u00f3wek, poniewa\u017c miejsce znajdowa\u0142o si\u0119 na styku trzech granic. Ostatecznie cia\u0142o mia\u0142 pochowa\u0107 miejscowy my\u015bliwy, przykrywaj\u0105c gr\u00f3b jasnym kamieniem. Co ciekawe, podobne miejsca graniczne rzeczywi\u015bcie wykorzystywano dawniej do poch\u00f3wk\u00f3w skaza\u0144c\u00f3w, samob\u00f3jc\u00f3w i os\u00f3b uznawanych za wykluczone.<\/p>\n\n\n\n<p>Zamkowa G\u00f3ra ma te\u017c w\u0142asny zestaw legend: o zameczku zniszczonym przez gwa\u0142town\u0105 burz\u0119 i skarbie ukrytym we wn\u0119trzu g\u00f3ry, do kt\u00f3rego droga ma otwiera\u0107 si\u0119 tylko na chwil\u0119 w Wielki Pi\u0105tek. Jak zwykle w takich historiach, \u0142atwiej znale\u017a\u0107 szlak ni\u017c z\u0142oto. Zamkow\u0105 G\u00f3r\u0119 najlepiej odwiedzi\u0107 w ramach d\u0142u\u017cszej wycieczki, \u0142\u0105cz\u0105c j\u0105 z Szyndzielow\u0105, Srebrn\u0105 Kop\u0105, Biskupi\u0105 Kop\u0105 i Gwarkow\u0105 Perci\u0105. W zale\u017cno\u015bci od dok\u0142adnego wariantu taka p\u0119tla z Pokrzywnej liczy oko\u0142o 13\u201315 km i wymaga pokonania ponad 700 m sumy podej\u015b\u0107.<\/p>\n\n\n\n<div class=\"wp-block-buttons is-content-justification-center is-layout-flex wp-container-core-buttons-is-layout-8 wp-block-buttons-is-layout-flex\">\n<div class=\"wp-block-button\"><a class=\"wp-block-button__link wp-element-button\" href=\"https:\/\/travelist.pl\/odkryj\/gory-opawskie\">Rezerwuj hotele w G\u00f3rach Opawskich TANIEJ na Travelist.pl&gt;&gt;<\/a><\/div>\n<\/div>\n\n\n\n<div style=\"height:10px\" aria-hidden=\"true\" class=\"wp-block-spacer\"><\/div>\n\n\n\n<h2 class=\"wp-block-heading\">Szlak Prze\u0142omu Z\u0142otego Potoku \u2013 malownicza p\u0119tla spacerowa przez lasy, formacje skalne i g\u00f3rski strumie\u0144<\/h2>\n\n\n\n<p>Z\u0142oty Potok p\u0142ynie dolin\u0105 pomi\u0119dzy Jarno\u0142t\u00f3wkiem i Pokrzywn\u0105, tworz\u0105c na tym odcinku malowniczy prze\u0142om. Otaczaj\u0105ce wzniesienia miejscami g\u00f3ruj\u0105 ponad 100 m nad jego dnem. Drog\u0119 mi\u0119dzy obiema miejscowo\u015bciami samochodem pokonuje si\u0119 do\u015b\u0107 szybko. Pieszo zdecydowanie warto pozna\u0107 t\u0119 okolic\u0119 dok\u0142adniej.<\/p>\n\n\n<div class=\"wp-block-image\">\n<figure class=\"aligncenter size-large\"><a href=\"https:\/\/travelist.pl\/odkryj\/gory-opawskie\"><img loading=\"lazy\" decoding=\"async\" width=\"1024\" height=\"576\" data-attachment-id=\"46938\" data-permalink=\"https:\/\/travelist.pl\/magazyn\/szlak-przelomu-zlotego-potoku-2\" data-orig-file=\"https:\/\/travelist.pl\/magazyn\/wp-content\/uploads\/2026\/09\/Szlak-Przelomu-Zlotego-Potoku-2.jpg\" data-orig-size=\"1920,1080\" data-comments-opened=\"0\" data-image-meta=\"{&quot;aperture&quot;:&quot;0&quot;,&quot;credit&quot;:&quot;&quot;,&quot;camera&quot;:&quot;&quot;,&quot;caption&quot;:&quot;&quot;,&quot;created_timestamp&quot;:&quot;0&quot;,&quot;copyright&quot;:&quot;&quot;,&quot;focal_length&quot;:&quot;0&quot;,&quot;iso&quot;:&quot;0&quot;,&quot;shutter_speed&quot;:&quot;0&quot;,&quot;title&quot;:&quot;&quot;,&quot;orientation&quot;:&quot;0&quot;}\" data-image-title=\"Magazyn Travelist: Poznaj Polsk\u0119 poza utartym szlakiem: G\u00f3ry Opawskie \u2013 Szlak Prze\u0142omu Z\u0142otego Potoku\" data-image-description=\"\" data-image-caption=\"\" data-medium-file=\"https:\/\/travelist.pl\/magazyn\/wp-content\/uploads\/2026\/09\/Szlak-Przelomu-Zlotego-Potoku-2-300x169.jpg\" data-large-file=\"https:\/\/travelist.pl\/magazyn\/wp-content\/uploads\/2026\/09\/Szlak-Przelomu-Zlotego-Potoku-2-1024x576.jpg\" src=\"https:\/\/travelist.pl\/magazyn\/wp-content\/uploads\/2026\/09\/Szlak-Przelomu-Zlotego-Potoku-2-1024x576.jpg\" alt=\"Magazyn Travelist: Poznaj Polsk\u0119 poza utartym szlakiem: G\u00f3ry Opawskie \u2013 Szlak Prze\u0142omu Z\u0142otego Potoku\" class=\"wp-image-46938\" srcset=\"https:\/\/travelist.pl\/magazyn\/wp-content\/uploads\/2026\/09\/Szlak-Przelomu-Zlotego-Potoku-2-1024x576.jpg 1024w, https:\/\/travelist.pl\/magazyn\/wp-content\/uploads\/2026\/09\/Szlak-Przelomu-Zlotego-Potoku-2-300x169.jpg 300w, https:\/\/travelist.pl\/magazyn\/wp-content\/uploads\/2026\/09\/Szlak-Przelomu-Zlotego-Potoku-2-768x432.jpg 768w, https:\/\/travelist.pl\/magazyn\/wp-content\/uploads\/2026\/09\/Szlak-Przelomu-Zlotego-Potoku-2-1536x864.jpg 1536w, https:\/\/travelist.pl\/magazyn\/wp-content\/uploads\/2026\/09\/Szlak-Przelomu-Zlotego-Potoku-2-18x10.jpg 18w, https:\/\/travelist.pl\/magazyn\/wp-content\/uploads\/2026\/09\/Szlak-Przelomu-Zlotego-Potoku-2.jpg 1920w\" sizes=\"(max-width: 1024px) 100vw, 1024px\" \/><\/a><\/figure><\/div>\n\n\n<p>Niebieski Szlak Prze\u0142omu Z\u0142otego Potoku zatacza p\u0119tl\u0119 p\u00f3\u0142nocn\u0105 i po\u0142udniow\u0105 kraw\u0119dzi\u0105 doliny i \u0142\u0105czy spor\u0105 cz\u0119\u015b\u0107 najbardziej charakterystycznych atrakcji centralnych G\u00f3r Opawskich. Po drodze pojawiaj\u0105 si\u0119 Karolinki i Karliki, \u017babie Oczko, Piekie\u0142ko oraz Gwarkowa Per\u0107. W ci\u0105gu jednej wycieczki mo\u017cna zobaczy\u0107 skalne wychodnie, dawne kamienio\u0142omy, g\u0142\u0119bok\u0105 dolin\u0119 i r\u00f3\u017cne typy lasu.<\/p>\n\n\n<div class=\"wp-block-image\">\n<figure class=\"aligncenter size-large\"><a href=\"https:\/\/travelist.pl\/odkryj\/gory-opawskie\"><img loading=\"lazy\" decoding=\"async\" width=\"1024\" height=\"576\" data-attachment-id=\"46937\" data-permalink=\"https:\/\/travelist.pl\/magazyn\/szlak-przelomu-zlotego-potoku-1\" data-orig-file=\"https:\/\/travelist.pl\/magazyn\/wp-content\/uploads\/2026\/09\/Szlak-Przelomu-Zlotego-Potoku-1.jpg\" data-orig-size=\"1920,1080\" data-comments-opened=\"0\" data-image-meta=\"{&quot;aperture&quot;:&quot;0&quot;,&quot;credit&quot;:&quot;&quot;,&quot;camera&quot;:&quot;&quot;,&quot;caption&quot;:&quot;&quot;,&quot;created_timestamp&quot;:&quot;0&quot;,&quot;copyright&quot;:&quot;&quot;,&quot;focal_length&quot;:&quot;0&quot;,&quot;iso&quot;:&quot;0&quot;,&quot;shutter_speed&quot;:&quot;0&quot;,&quot;title&quot;:&quot;&quot;,&quot;orientation&quot;:&quot;0&quot;}\" data-image-title=\"Szlak Prze\u0142omu Z\u0142otego Potoku 1\" data-image-description=\"\" data-image-caption=\"\" data-medium-file=\"https:\/\/travelist.pl\/magazyn\/wp-content\/uploads\/2026\/09\/Szlak-Przelomu-Zlotego-Potoku-1-300x169.jpg\" data-large-file=\"https:\/\/travelist.pl\/magazyn\/wp-content\/uploads\/2026\/09\/Szlak-Przelomu-Zlotego-Potoku-1-1024x576.jpg\" src=\"https:\/\/travelist.pl\/magazyn\/wp-content\/uploads\/2026\/09\/Szlak-Przelomu-Zlotego-Potoku-1-1024x576.jpg\" alt=\"Magazyn Travelist: Poznaj Polsk\u0119 poza utartym szlakiem: G\u00f3ry Opawskie \u2013 Szlak Prze\u0142omu Z\u0142otego Potoku\" class=\"wp-image-46937\" srcset=\"https:\/\/travelist.pl\/magazyn\/wp-content\/uploads\/2026\/09\/Szlak-Przelomu-Zlotego-Potoku-1-1024x576.jpg 1024w, https:\/\/travelist.pl\/magazyn\/wp-content\/uploads\/2026\/09\/Szlak-Przelomu-Zlotego-Potoku-1-300x169.jpg 300w, https:\/\/travelist.pl\/magazyn\/wp-content\/uploads\/2026\/09\/Szlak-Przelomu-Zlotego-Potoku-1-768x432.jpg 768w, https:\/\/travelist.pl\/magazyn\/wp-content\/uploads\/2026\/09\/Szlak-Przelomu-Zlotego-Potoku-1-1536x864.jpg 1536w, https:\/\/travelist.pl\/magazyn\/wp-content\/uploads\/2026\/09\/Szlak-Przelomu-Zlotego-Potoku-1-18x10.jpg 18w, https:\/\/travelist.pl\/magazyn\/wp-content\/uploads\/2026\/09\/Szlak-Przelomu-Zlotego-Potoku-1.jpg 1920w\" sizes=\"(max-width: 1024px) 100vw, 1024px\" \/><\/a><\/figure><\/div>\n\n\n<p>Nie jest to jednak p\u0142aska promenada ci\u0105gn\u0105ca si\u0119 wzd\u0142u\u017c potoku. Szlak wielokrotnie wspina si\u0119 ponad dolin\u0119, \u017ceby p\u00f3\u017aniej ponownie zej\u015b\u0107 w stron\u0119 kolejnych atrakcji. W efekcie suma podej\u015b\u0107 mo\u017ce zm\u0119czy\u0107 bardziej ni\u017c jedno konkretne wej\u015bcie na szczyt. Po deszczu korzenie, kamienie i mokre li\u015bcie wymagaj\u0105 dodatkowej uwagi. Dobrym punktem startowym jest Pokrzywna albo Jarno\u0142t\u00f3wek. Pe\u0142na p\u0119tla niebieskim szlakiem liczy oko\u0142o 10,5 km, ale mo\u017cna te\u017c wybra\u0107 kr\u00f3tsz\u0105 opcj\u0119 wycieczki. Dopiero z wy\u017cej po\u0142o\u017conych skalnych punkt\u00f3w wida\u0107, jak g\u0142\u0119boko Z\u0142oty Potok wcina si\u0119 pomi\u0119dzy tutejsze wzniesienia.&nbsp;<\/p>\n\n\n\n<div class=\"wp-block-buttons is-content-justification-center is-layout-flex wp-container-core-buttons-is-layout-9 wp-block-buttons-is-layout-flex\">\n<div class=\"wp-block-button\"><a class=\"wp-block-button__link wp-element-button\" href=\"https:\/\/travelist.pl\/odkryj\/gory-opawskie\">Rezerwuj hotele w G\u00f3rach Opawskich TANIEJ na Travelist.pl&gt;&gt;<\/a><\/div>\n<\/div>\n\n\n\n<div style=\"height:14px\" aria-hidden=\"true\" class=\"wp-block-spacer\"><\/div>\n\n\n\n<h2 class=\"wp-block-heading\">Dolina Bystrego Potoku i Rezerwat Cicha Dolina \u2013 urokliwe, le\u015bne \u015bcie\u017cki przyrodnicze u st\u00f3p Biskupiej Kopy<\/h2>\n\n\n\n<p>Bystry Potok zaczyna bieg na wysoko\u015bci oko\u0142o 720 m, poni\u017cej schroniska pod Biskupi\u0105 Kop\u0105, a nast\u0119pnie sp\u0142ywa g\u0142\u0119bok\u0105 dolin\u0105 pomi\u0119dzy Biskupi\u0105 Kop\u0105 i Bukow\u0105 G\u00f3r\u0105 od zachodu a Srebrn\u0105 Kop\u0105 i Zamkow\u0105 G\u00f3r\u0105 od wschodu. Potem wpada do Z\u0142otego Potoku na granicy Pokrzywnej i Jarno\u0142t\u00f3wka. Przy spokojnej pogodzie wygl\u0105da niewinnie. Po ulewach potrafi jednak pokaza\u0107 prawdziwie g\u00f3rski temperament.<\/p>\n\n\n<div class=\"wp-block-image\">\n<figure class=\"aligncenter size-large\"><a href=\"https:\/\/travelist.pl\/odkryj\/gory-opawskie\"><img loading=\"lazy\" decoding=\"async\" width=\"1024\" height=\"576\" data-attachment-id=\"46945\" data-permalink=\"https:\/\/travelist.pl\/magazyn\/dolina-bystrego-potoku-i-rezerwat-cicha-dolina-1\" data-orig-file=\"https:\/\/travelist.pl\/magazyn\/wp-content\/uploads\/2026\/09\/Dolina-Bystrego-Potoku-i-Rezerwat-Cicha-Dolina-1.jpg\" data-orig-size=\"1920,1080\" data-comments-opened=\"0\" data-image-meta=\"{&quot;aperture&quot;:&quot;0&quot;,&quot;credit&quot;:&quot;&quot;,&quot;camera&quot;:&quot;&quot;,&quot;caption&quot;:&quot;&quot;,&quot;created_timestamp&quot;:&quot;0&quot;,&quot;copyright&quot;:&quot;&quot;,&quot;focal_length&quot;:&quot;0&quot;,&quot;iso&quot;:&quot;0&quot;,&quot;shutter_speed&quot;:&quot;0&quot;,&quot;title&quot;:&quot;&quot;,&quot;orientation&quot;:&quot;0&quot;}\" data-image-title=\"Magazyn Travelist: Poznaj Polsk\u0119 poza utartym szlakiem: G\u00f3ry Opawskie \u2013 Dolina Bystrego Potoku i Rezerwat Cicha Dolina\" data-image-description=\"\" data-image-caption=\"\" data-medium-file=\"https:\/\/travelist.pl\/magazyn\/wp-content\/uploads\/2026\/09\/Dolina-Bystrego-Potoku-i-Rezerwat-Cicha-Dolina-1-300x169.jpg\" data-large-file=\"https:\/\/travelist.pl\/magazyn\/wp-content\/uploads\/2026\/09\/Dolina-Bystrego-Potoku-i-Rezerwat-Cicha-Dolina-1-1024x576.jpg\" src=\"https:\/\/travelist.pl\/magazyn\/wp-content\/uploads\/2026\/09\/Dolina-Bystrego-Potoku-i-Rezerwat-Cicha-Dolina-1-1024x576.jpg\" alt=\"Magazyn Travelist: Poznaj Polsk\u0119 poza utartym szlakiem: G\u00f3ry Opawskie \u2013 Dolina Bystrego Potoku i Rezerwat Cicha Dolina \" class=\"wp-image-46945\" srcset=\"https:\/\/travelist.pl\/magazyn\/wp-content\/uploads\/2026\/09\/Dolina-Bystrego-Potoku-i-Rezerwat-Cicha-Dolina-1-1024x576.jpg 1024w, https:\/\/travelist.pl\/magazyn\/wp-content\/uploads\/2026\/09\/Dolina-Bystrego-Potoku-i-Rezerwat-Cicha-Dolina-1-300x169.jpg 300w, https:\/\/travelist.pl\/magazyn\/wp-content\/uploads\/2026\/09\/Dolina-Bystrego-Potoku-i-Rezerwat-Cicha-Dolina-1-768x432.jpg 768w, https:\/\/travelist.pl\/magazyn\/wp-content\/uploads\/2026\/09\/Dolina-Bystrego-Potoku-i-Rezerwat-Cicha-Dolina-1-1536x864.jpg 1536w, https:\/\/travelist.pl\/magazyn\/wp-content\/uploads\/2026\/09\/Dolina-Bystrego-Potoku-i-Rezerwat-Cicha-Dolina-1-18x10.jpg 18w, https:\/\/travelist.pl\/magazyn\/wp-content\/uploads\/2026\/09\/Dolina-Bystrego-Potoku-i-Rezerwat-Cicha-Dolina-1.jpg 1920w\" sizes=\"(max-width: 1024px) 100vw, 1024px\" \/><\/a><\/figure><\/div>\n\n\n<p>Najmocniejszym dowodem by\u0142a pow\u00f3d\u017a z wrze\u015bnia 2024 roku. Woda podmy\u0142a drog\u0119, uszkodzi\u0142a przeprawy, wyrwa\u0142a drzewa, a miejscami mocno przeobrazi\u0142a koryto potoku. Szlak przez dolin\u0119 trzeba by\u0142o zamkn\u0105\u0107 na ponad rok. Po remoncie le\u015bnej drogi i zabezpieczeniu niebezpiecznych drzew tras\u0119 ponownie udost\u0119pniono turystom w styczniu 2026 roku. Dzi\u015b mo\u017cna wi\u0119c zn\u00f3w przej\u015b\u0107 jedn\u0105 z najpopularniejszych dr\u00f3g prowadz\u0105cych na Biskupi\u0105 Kop\u0119 \u2013 przed w\u0119dr\u00f3wk\u0105 nadal warto jednak sprawdzi\u0107 aktualne komunikaty, zw\u0142aszcza po intensywnych opadach.<\/p>\n\n\n\n<p>Najcenniejszy przyrodniczo fragment doliny chroni rezerwat Cicha Dolina. Obejmuje 56,76 ha na zachodnich stokach Zamkowej G\u00f3ry i Srebrnej Kopy, na wysoko\u015bci od oko\u0142o 400 do 660 m n.p.m. Jego najwi\u0119kszym skarbem s\u0105 stare lasy mieszane, przede wszystkim buczyny licz\u0105ce miejscami 100\u2013150 lat. Obok buk\u00f3w rosn\u0105 tu m.in. jod\u0142y, jawory, jesiony i olsze, a kwa\u015bn\u0105 buczyn\u0119 g\u00f3rsk\u0105 uzupe\u0142niaj\u0105 p\u0142aty \u017cyznej buczyny sudeckiej oraz podg\u00f3rskiego \u0142\u0119gu jesionowego. Nie trzeba jednak zna\u0107 nazw le\u015bnych zbiorowisk, \u017ceby do\u015bwiadczy\u0107 zachwytu. Wystarcz\u0105 pot\u0119\u017cne pnie buk\u00f3w, omsza\u0142e kamienie, ch\u0142\u00f3d unosz\u0105cy si\u0119 znad wody i \u015bwiat\u0142o przebijaj\u0105ce przez korony drzew. Edukacyjny charakter trasy przypominaj\u0105 ustawione przy niej tablice po\u015bwi\u0119cone m.in. buczynom, lasom \u0142\u0119gowym oraz miejscowym ro\u015blinom i zwierz\u0119tom. W\u015br\u00f3d bohater\u00f3w \u015bcie\u017cki warto wymieni\u0107 salamandr\u0119 plamist\u0105, pluszcza i popielica, a z ro\u015blin m.in. czosnek nied\u017awiedzi czy pokrzyk wilcza-jagoda.<\/p>\n\n\n<div class=\"wp-block-image\">\n<figure class=\"aligncenter size-large\"><a href=\"https:\/\/travelist.pl\/odkryj\/gory-opawskie\"><img loading=\"lazy\" decoding=\"async\" width=\"1024\" height=\"576\" data-attachment-id=\"46910\" data-permalink=\"https:\/\/travelist.pl\/magazyn\/dolina-bystrego-potoku-i-rezerwat-cicha-dolina-2\" data-orig-file=\"https:\/\/travelist.pl\/magazyn\/wp-content\/uploads\/2026\/09\/Dolina-Bystrego-Potoku-i-Rezerwat-Cicha-Dolina-2.jpg\" data-orig-size=\"1920,1080\" data-comments-opened=\"0\" data-image-meta=\"{&quot;aperture&quot;:&quot;0&quot;,&quot;credit&quot;:&quot;&quot;,&quot;camera&quot;:&quot;&quot;,&quot;caption&quot;:&quot;&quot;,&quot;created_timestamp&quot;:&quot;0&quot;,&quot;copyright&quot;:&quot;&quot;,&quot;focal_length&quot;:&quot;0&quot;,&quot;iso&quot;:&quot;0&quot;,&quot;shutter_speed&quot;:&quot;0&quot;,&quot;title&quot;:&quot;&quot;,&quot;orientation&quot;:&quot;0&quot;}\" data-image-title=\"Magazyn Travelist: Poznaj Polsk\u0119 poza utartym szlakiem: G\u00f3ry Opawskie \u2013 Dolina Bystrego Potoku i Rezerwat Cicha Dolina\" data-image-description=\"\" data-image-caption=\"\" data-medium-file=\"https:\/\/travelist.pl\/magazyn\/wp-content\/uploads\/2026\/09\/Dolina-Bystrego-Potoku-i-Rezerwat-Cicha-Dolina-2-300x169.jpg\" data-large-file=\"https:\/\/travelist.pl\/magazyn\/wp-content\/uploads\/2026\/09\/Dolina-Bystrego-Potoku-i-Rezerwat-Cicha-Dolina-2-1024x576.jpg\" src=\"https:\/\/travelist.pl\/magazyn\/wp-content\/uploads\/2026\/09\/Dolina-Bystrego-Potoku-i-Rezerwat-Cicha-Dolina-2-1024x576.jpg\" alt=\"Magazyn Travelist: Poznaj Polsk\u0119 poza utartym szlakiem: G\u00f3ry Opawskie \u2013 Dolina Bystrego Potoku i Rezerwat Cicha Dolina \" class=\"wp-image-46910\" srcset=\"https:\/\/travelist.pl\/magazyn\/wp-content\/uploads\/2026\/09\/Dolina-Bystrego-Potoku-i-Rezerwat-Cicha-Dolina-2-1024x576.jpg 1024w, https:\/\/travelist.pl\/magazyn\/wp-content\/uploads\/2026\/09\/Dolina-Bystrego-Potoku-i-Rezerwat-Cicha-Dolina-2-300x169.jpg 300w, https:\/\/travelist.pl\/magazyn\/wp-content\/uploads\/2026\/09\/Dolina-Bystrego-Potoku-i-Rezerwat-Cicha-Dolina-2-768x432.jpg 768w, https:\/\/travelist.pl\/magazyn\/wp-content\/uploads\/2026\/09\/Dolina-Bystrego-Potoku-i-Rezerwat-Cicha-Dolina-2-1536x864.jpg 1536w, https:\/\/travelist.pl\/magazyn\/wp-content\/uploads\/2026\/09\/Dolina-Bystrego-Potoku-i-Rezerwat-Cicha-Dolina-2-18x10.jpg 18w, https:\/\/travelist.pl\/magazyn\/wp-content\/uploads\/2026\/09\/Dolina-Bystrego-Potoku-i-Rezerwat-Cicha-Dolina-2.jpg 1920w\" sizes=\"(max-width: 1024px) 100vw, 1024px\" \/><\/a><\/figure><\/div>\n\n\n<p>Zielona \u015bcie\u017cka przyrodniczo-dydaktyczna rozpoczyna si\u0119 przy drodze mi\u0119dzy Jarno\u0142t\u00f3wkiem i Pokrzywn\u0105, naprzeciwko siedziby Parku Krajobrazowego \u201eG\u00f3ry Opawskie\u201d. Pocz\u0105tkowo prowadzi \u0142agodnie wzd\u0142u\u017c potoku, obok polany i pozosta\u0142o\u015bci dawnej skoczni narciarskiej. Mija tak\u017ce rejon Gwarkowej Perci, a nast\u0119pnie prowadzi dalej dolin\u0105, kilkakrotnie przekraczaj\u0105c Bystry Potok. W dalszej cz\u0119\u015bci nachylenie wyra\u017anie ro\u015bnie. Przez Plac Langego i \u015acie\u017ck\u0119 Langego mo\u017cna doj\u015b\u0107 do schroniska pod Biskupi\u0105 Kop\u0105, a nast\u0119pnie na sam szczyt. Po drodze mo\u017cna te\u017c \u0142atwo zmieni\u0107 tras\u0119. Z doliny niebieski szlak prowadzi w stron\u0119 Gwarkowej Perci, gdzie czeka dawny kamienio\u0142om i metalowa drabina. Cicha Dolina mo\u017ce te\u017c by\u0107 spokojnym zako\u0144czeniem bardziej wymagaj\u0105cej wycieczki.<\/p>\n\n\n\n<div class=\"wp-block-buttons is-content-justification-center is-layout-flex wp-container-core-buttons-is-layout-10 wp-block-buttons-is-layout-flex\">\n<div class=\"wp-block-button\"><a class=\"wp-block-button__link wp-element-button\" href=\"https:\/\/travelist.pl\/odkryj\/gory-opawskie\">Rezerwuj hotele w G\u00f3rach Opawskich TANIEJ na Travelist.pl&gt;&gt;<\/a><\/div>\n<\/div>\n\n\n\n<div style=\"height:16px\" aria-hidden=\"true\" class=\"wp-block-spacer\"><\/div>\n\n\n\n<h2 class=\"wp-block-heading\">Ska\u0142y Karolinki i Karliki \u2013 charakterystyczne formacje skalne nad dolin\u0105 Z\u0142otego Potoku<\/h2>\n\n\n\n<p>Karolinki i Karliki to dwa r\u00f3\u017cne zespo\u0142y skalne, po\u0142o\u017cone po przeciwnych stronach doliny Z\u0142otego Potoku. \u0141\u0105czy je niebieski Szlak Prze\u0142omu Z\u0142otego Potoku i podobna geologiczna historia. Karolinki znajduj\u0105 si\u0119 po p\u00f3\u0142nocnej stronie doliny, g\u0142\u00f3wnie na S\u0142onecznym Stoku, a cz\u0119\u015b\u0107 ska\u0142 pojawia si\u0119 tak\u017ce bli\u017cej Olszaka. Id\u0105c z Jarno\u0142t\u00f3wka w stron\u0119 Pokrzywnej, po drodze mija si\u0119 te\u017c \u017babie Oczko i sam Olszak. Ska\u0142y tworz\u0105 g\u0142\u00f3wnie \u0142upki, metapiaskowce i metamu\u0142owce, miejscami z otoczakami i domieszk\u0105 \u017cwiru. W terenie uk\u0142adaj\u0105 si\u0119 w niewielkie ambony i skalne wychodnie wysuni\u0119te ze zbocza.<\/p>\n\n\n<div class=\"wp-block-image\">\n<figure class=\"aligncenter size-large\"><a href=\"https:\/\/travelist.pl\/odkryj\/gory-opawskie\"><img loading=\"lazy\" decoding=\"async\" width=\"1024\" height=\"576\" data-attachment-id=\"46931\" data-permalink=\"https:\/\/travelist.pl\/magazyn\/skaly-karolinki-karliki\" data-orig-file=\"https:\/\/travelist.pl\/magazyn\/wp-content\/uploads\/2026\/09\/Skaly-Karolinki-Karliki.jpg\" data-orig-size=\"1920,1080\" data-comments-opened=\"0\" data-image-meta=\"{&quot;aperture&quot;:&quot;0&quot;,&quot;credit&quot;:&quot;&quot;,&quot;camera&quot;:&quot;&quot;,&quot;caption&quot;:&quot;&quot;,&quot;created_timestamp&quot;:&quot;0&quot;,&quot;copyright&quot;:&quot;&quot;,&quot;focal_length&quot;:&quot;0&quot;,&quot;iso&quot;:&quot;0&quot;,&quot;shutter_speed&quot;:&quot;0&quot;,&quot;title&quot;:&quot;&quot;,&quot;orientation&quot;:&quot;0&quot;}\" data-image-title=\"Magazyn Travelist: Poznaj Polsk\u0119 poza utartym szlakiem: G\u00f3ry Opawskie \u2013 Dolina Bystrego Ska\u0142y Karolinki (Karliki)\" data-image-description=\"\" data-image-caption=\"\" data-medium-file=\"https:\/\/travelist.pl\/magazyn\/wp-content\/uploads\/2026\/09\/Skaly-Karolinki-Karliki-300x169.jpg\" data-large-file=\"https:\/\/travelist.pl\/magazyn\/wp-content\/uploads\/2026\/09\/Skaly-Karolinki-Karliki-1024x576.jpg\" src=\"https:\/\/travelist.pl\/magazyn\/wp-content\/uploads\/2026\/09\/Skaly-Karolinki-Karliki-1024x576.jpg\" alt=\"Magazyn Travelist: Poznaj Polsk\u0119 poza utartym szlakiem: G\u00f3ry Opawskie \u2013 Dolina Bystrego Ska\u0142y Karolinki (Karliki)\" class=\"wp-image-46931\" srcset=\"https:\/\/travelist.pl\/magazyn\/wp-content\/uploads\/2026\/09\/Skaly-Karolinki-Karliki-1024x576.jpg 1024w, https:\/\/travelist.pl\/magazyn\/wp-content\/uploads\/2026\/09\/Skaly-Karolinki-Karliki-300x169.jpg 300w, https:\/\/travelist.pl\/magazyn\/wp-content\/uploads\/2026\/09\/Skaly-Karolinki-Karliki-768x432.jpg 768w, https:\/\/travelist.pl\/magazyn\/wp-content\/uploads\/2026\/09\/Skaly-Karolinki-Karliki-1536x864.jpg 1536w, https:\/\/travelist.pl\/magazyn\/wp-content\/uploads\/2026\/09\/Skaly-Karolinki-Karliki-18x10.jpg 18w, https:\/\/travelist.pl\/magazyn\/wp-content\/uploads\/2026\/09\/Skaly-Karolinki-Karliki.jpg 1920w\" sizes=\"(max-width: 1024px) 100vw, 1024px\" \/><\/a><\/figure><\/div>\n\n\n<p>Karliki le\u017c\u0105 po drugiej stronie doliny, na p\u00f3\u0142nocnym stoku Bukowej G\u00f3ry, zwanym Jod\u0142owym Stokiem. Tutaj r\u00f3wnie\u017c warto co jaki\u015b czas odwr\u00f3ci\u0107 wzrok od \u015bcie\u017cki. Mi\u0119dzy drzewami otwieraj\u0105 si\u0119 widoki na dolin\u0119, Jarno\u0142t\u00f3wek i przeciwleg\u0142e zbocza, cho\u0107 dzi\u015b cz\u0119\u015b\u0107 panoramy zas\u0142ania las. Najwi\u0119cej wida\u0107 poza pe\u0142ni\u0105 sezonu li\u015bciastego, kiedy drzewa robi\u0105 widokom troch\u0119 wi\u0119cej miejsca.<\/p>\n\n\n<div class=\"wp-block-image\">\n<figure class=\"aligncenter size-large\"><a href=\"https:\/\/travelist.pl\/odkryj\/gory-opawskie\"><img loading=\"lazy\" decoding=\"async\" width=\"1024\" height=\"576\" data-attachment-id=\"46932\" data-permalink=\"https:\/\/travelist.pl\/magazyn\/skaly-karolinki\" data-orig-file=\"https:\/\/travelist.pl\/magazyn\/wp-content\/uploads\/2026\/09\/Skaly-Karolinki.jpg\" data-orig-size=\"1920,1080\" data-comments-opened=\"0\" data-image-meta=\"{&quot;aperture&quot;:&quot;0&quot;,&quot;credit&quot;:&quot;&quot;,&quot;camera&quot;:&quot;&quot;,&quot;caption&quot;:&quot;&quot;,&quot;created_timestamp&quot;:&quot;0&quot;,&quot;copyright&quot;:&quot;&quot;,&quot;focal_length&quot;:&quot;0&quot;,&quot;iso&quot;:&quot;0&quot;,&quot;shutter_speed&quot;:&quot;0&quot;,&quot;title&quot;:&quot;&quot;,&quot;orientation&quot;:&quot;0&quot;}\" data-image-title=\"Magazyn Travelist: Poznaj Polsk\u0119 poza utartym szlakiem: G\u00f3ry Opawskie \u2013 Dolina Bystrego Ska\u0142y Karolinki\" data-image-description=\"\" data-image-caption=\"\" data-medium-file=\"https:\/\/travelist.pl\/magazyn\/wp-content\/uploads\/2026\/09\/Skaly-Karolinki-300x169.jpg\" data-large-file=\"https:\/\/travelist.pl\/magazyn\/wp-content\/uploads\/2026\/09\/Skaly-Karolinki-1024x576.jpg\" src=\"https:\/\/travelist.pl\/magazyn\/wp-content\/uploads\/2026\/09\/Skaly-Karolinki-1024x576.jpg\" alt=\"Magazyn Travelist: Poznaj Polsk\u0119 poza utartym szlakiem: G\u00f3ry Opawskie \u2013 Dolina Bystrego Ska\u0142y Karolinki  \" class=\"wp-image-46932\" srcset=\"https:\/\/travelist.pl\/magazyn\/wp-content\/uploads\/2026\/09\/Skaly-Karolinki-1024x576.jpg 1024w, https:\/\/travelist.pl\/magazyn\/wp-content\/uploads\/2026\/09\/Skaly-Karolinki-300x169.jpg 300w, https:\/\/travelist.pl\/magazyn\/wp-content\/uploads\/2026\/09\/Skaly-Karolinki-768x432.jpg 768w, https:\/\/travelist.pl\/magazyn\/wp-content\/uploads\/2026\/09\/Skaly-Karolinki-1536x864.jpg 1536w, https:\/\/travelist.pl\/magazyn\/wp-content\/uploads\/2026\/09\/Skaly-Karolinki-18x10.jpg 18w, https:\/\/travelist.pl\/magazyn\/wp-content\/uploads\/2026\/09\/Skaly-Karolinki.jpg 1920w\" sizes=\"(max-width: 1024px) 100vw, 1024px\" \/><\/a><\/figure><\/div>\n\n\n<p>Na rodzinny spacer dobrze nadaj\u0105 si\u0119 przede wszystkim Karolinki. Mo\u017cna ruszy\u0107 z Pokrzywnej, spod siedziby Parku Krajobrazowego \u201eG\u00f3ry Opawskie\u201d, przej\u015b\u0107 skalnym odcinkiem i zej\u015b\u0107 w stron\u0119 Jarno\u0142t\u00f3wka. Oficjalny wariant edukacyjny przewiduje na taki marsz oko\u0142o 1,5\u20132 godzin, ale z dzie\u0107mi, zdj\u0119ciami i obowi\u0105zkowym zagl\u0105daniem w ka\u017cd\u0105 ciekawsz\u0105 szczelin\u0119 warto zostawi\u0107 sobie troch\u0119 zapasu. Dla rodzin zastanawiaj\u0105cych si\u0119,<a href=\"https:\/\/travelist.pl\/magazyn\/gdzie-w-gory-z-dziecmi\"> gdzie w g\u00f3ry z dzie\u0107mi<\/a>, b\u0119dzie to ciekawa alternatywa dla ambitnego zdobywania Biskupiej Kopy. Krajobraz pozostaje naprawd\u0119 g\u00f3rski, a kolejne atrakcje pojawiaj\u0105 si\u0119 na tyle cz\u0119sto, \u017ce nuda raczej nie zd\u0105\u017cy wej\u015b\u0107 na szlak.<\/p>\n\n\n<div class=\"wp-block-image\">\n<figure class=\"aligncenter size-large\"><a href=\"https:\/\/travelist.pl\/odkryj\/gory-opawskie\"><img loading=\"lazy\" decoding=\"async\" width=\"1024\" height=\"576\" data-attachment-id=\"46925\" data-permalink=\"https:\/\/travelist.pl\/magazyn\/piekielko-i-zabie-oczko\" data-orig-file=\"https:\/\/travelist.pl\/magazyn\/wp-content\/uploads\/2026\/09\/Piekielko-i-Zabie-Oczko.jpg\" data-orig-size=\"1920,1080\" data-comments-opened=\"0\" data-image-meta=\"{&quot;aperture&quot;:&quot;0&quot;,&quot;credit&quot;:&quot;&quot;,&quot;camera&quot;:&quot;&quot;,&quot;caption&quot;:&quot;&quot;,&quot;created_timestamp&quot;:&quot;0&quot;,&quot;copyright&quot;:&quot;&quot;,&quot;focal_length&quot;:&quot;0&quot;,&quot;iso&quot;:&quot;0&quot;,&quot;shutter_speed&quot;:&quot;0&quot;,&quot;title&quot;:&quot;&quot;,&quot;orientation&quot;:&quot;0&quot;}\" data-image-title=\"Magazyn Travelist: Poznaj Polsk\u0119 poza utartym szlakiem: G\u00f3ry Opawskie \u2013 Piekie\u0142ko i \u017babie Oczko\" data-image-description=\"\" data-image-caption=\"\" data-medium-file=\"https:\/\/travelist.pl\/magazyn\/wp-content\/uploads\/2026\/09\/Piekielko-i-Zabie-Oczko-300x169.jpg\" data-large-file=\"https:\/\/travelist.pl\/magazyn\/wp-content\/uploads\/2026\/09\/Piekielko-i-Zabie-Oczko-1024x576.jpg\" src=\"https:\/\/travelist.pl\/magazyn\/wp-content\/uploads\/2026\/09\/Piekielko-i-Zabie-Oczko-1024x576.jpg\" alt=\"Magazyn Travelist: Poznaj Polsk\u0119 poza utartym szlakiem: G\u00f3ry Opawskie \u2013 Piekie\u0142ko i \u017babie Oczko \" class=\"wp-image-46925\" srcset=\"https:\/\/travelist.pl\/magazyn\/wp-content\/uploads\/2026\/09\/Piekielko-i-Zabie-Oczko-1024x576.jpg 1024w, https:\/\/travelist.pl\/magazyn\/wp-content\/uploads\/2026\/09\/Piekielko-i-Zabie-Oczko-300x169.jpg 300w, https:\/\/travelist.pl\/magazyn\/wp-content\/uploads\/2026\/09\/Piekielko-i-Zabie-Oczko-768x432.jpg 768w, https:\/\/travelist.pl\/magazyn\/wp-content\/uploads\/2026\/09\/Piekielko-i-Zabie-Oczko-1536x864.jpg 1536w, https:\/\/travelist.pl\/magazyn\/wp-content\/uploads\/2026\/09\/Piekielko-i-Zabie-Oczko-18x10.jpg 18w, https:\/\/travelist.pl\/magazyn\/wp-content\/uploads\/2026\/09\/Piekielko-i-Zabie-Oczko.jpg 1920w\" sizes=\"(max-width: 1024px) 100vw, 1024px\" \/><\/a><\/figure><\/div>\n\n\n<p>Piek\u0142o i \u017caby w jednym lesie? G\u00f3ry Opawskie maj\u0105 do\u015b\u0107 osobliwe poczucie humoru. Za nazwami Piekie\u0142ko i \u017babie Oczko nie kryj\u0105 si\u0119 jednak ba\u015bniowe krainy, lecz dawne kamienio\u0142omy \u2013 pozosta\u0142o\u015bci po wydobyciu ska\u0142, kt\u00f3re z czasem przej\u0105\u0142 las. \u017babie Oczko ukrywa si\u0119 na p\u00f3\u0142nocno-wschodnim zboczu Olszaka. W XIX w. wydobywano tu \u0142upki i piaskowce, a po zako\u0144czeniu eksploatacji dno wyrobiska wype\u0142ni\u0142a woda. Powsta\u0142 niewielki zbiornik otoczony stromymi ska\u0142ami i drzewami. Ma do oko\u0142o 10 m g\u0142\u0119boko\u015bci, a \u015bciany dawnego kamienio\u0142omu dochodz\u0105 do 17 m wysoko\u015bci. Powierzchni\u0119 wody cz\u0119sto pokrywa rz\u0119sa, dzi\u0119ki kt\u00f3rej \u017babie Oczko potrafi nabra\u0107 intensywnie zielonego koloru. Nazwa dobrze oddaje jego charakter \u2013 to raczej le\u015bne oczko ni\u017c jezioro, a na pewno nie urz\u0105dzone k\u0105pielisko.<\/p>\n\n\n<div class=\"wp-block-image\">\n<figure class=\"aligncenter size-large\"><a href=\"https:\/\/travelist.pl\/odkryj\/gory-opawskie\"><img loading=\"lazy\" decoding=\"async\" width=\"1024\" height=\"576\" data-attachment-id=\"46923\" data-permalink=\"https:\/\/travelist.pl\/magazyn\/piekielko-i-z%cc%87abie-oczko-1-2\" data-orig-file=\"https:\/\/travelist.pl\/magazyn\/wp-content\/uploads\/2026\/09\/Piekielko-i-Zabie-Oczko-1-1.jpg\" data-orig-size=\"1920,1080\" data-comments-opened=\"0\" data-image-meta=\"{&quot;aperture&quot;:&quot;0&quot;,&quot;credit&quot;:&quot;&quot;,&quot;camera&quot;:&quot;&quot;,&quot;caption&quot;:&quot;&quot;,&quot;created_timestamp&quot;:&quot;0&quot;,&quot;copyright&quot;:&quot;&quot;,&quot;focal_length&quot;:&quot;0&quot;,&quot;iso&quot;:&quot;0&quot;,&quot;shutter_speed&quot;:&quot;0&quot;,&quot;title&quot;:&quot;&quot;,&quot;orientation&quot;:&quot;0&quot;}\" data-image-title=\"Magazyn Travelist: Poznaj Polsk\u0119 poza utartym szlakiem: G\u00f3ry Opawskie \u2013 Piekie\u0142ko i \u017babie Oczko\" data-image-description=\"\" data-image-caption=\"\" data-medium-file=\"https:\/\/travelist.pl\/magazyn\/wp-content\/uploads\/2026\/09\/Piekielko-i-Zabie-Oczko-1-1-300x169.jpg\" data-large-file=\"https:\/\/travelist.pl\/magazyn\/wp-content\/uploads\/2026\/09\/Piekielko-i-Zabie-Oczko-1-1-1024x576.jpg\" src=\"https:\/\/travelist.pl\/magazyn\/wp-content\/uploads\/2026\/09\/Piekielko-i-Zabie-Oczko-1-1-1024x576.jpg\" alt=\"Magazyn Travelist: Poznaj Polsk\u0119 poza utartym szlakiem: G\u00f3ry Opawskie \u2013 Piekie\u0142ko i \u017babie Oczko \" class=\"wp-image-46923\" srcset=\"https:\/\/travelist.pl\/magazyn\/wp-content\/uploads\/2026\/09\/Piekielko-i-Zabie-Oczko-1-1-1024x576.jpg 1024w, https:\/\/travelist.pl\/magazyn\/wp-content\/uploads\/2026\/09\/Piekielko-i-Zabie-Oczko-1-1-300x169.jpg 300w, https:\/\/travelist.pl\/magazyn\/wp-content\/uploads\/2026\/09\/Piekielko-i-Zabie-Oczko-1-1-768x432.jpg 768w, https:\/\/travelist.pl\/magazyn\/wp-content\/uploads\/2026\/09\/Piekielko-i-Zabie-Oczko-1-1-1536x864.jpg 1536w, https:\/\/travelist.pl\/magazyn\/wp-content\/uploads\/2026\/09\/Piekielko-i-Zabie-Oczko-1-1-18x10.jpg 18w, https:\/\/travelist.pl\/magazyn\/wp-content\/uploads\/2026\/09\/Piekielko-i-Zabie-Oczko-1-1.jpg 1920w\" sizes=\"(max-width: 1024px) 100vw, 1024px\" \/><\/a><\/figure><\/div>\n\n\n<p>Piekie\u0142ko to nieu\u017cytkowany kamienio\u0142om \u0142upk\u00f3w fyllitowych po\u0142o\u017cony w masywie Biskupiej Kopy, poni\u017cej Bukowej G\u00f3ry. Wyr\u00f3\u017cnia si\u0119 ciemnymi, warstwowymi \u015bcianami fyllit\u00f3w. Z Jarno\u0142t\u00f3wka prowadzi w jego stron\u0119 kr\u00f3tka, ale miejscami stroma i kr\u0119ta \u015bcie\u017cka przyrodniczo-dydaktyczna. Do Rozdro\u017ca pod Piekie\u0142kiem jest oko\u0142o 2 km i 40 minut marszu.&nbsp;<\/p>\n\n\n\n<div class=\"wp-block-buttons is-content-justification-center is-layout-flex wp-container-core-buttons-is-layout-11 wp-block-buttons-is-layout-flex\">\n<div class=\"wp-block-button\"><a class=\"wp-block-button__link wp-element-button\" href=\"https:\/\/travelist.pl\/odkryj\/gory-opawskie\">Rezerwuj hotele w G\u00f3rach Opawskich TANIEJ na Travelist.pl&gt;&gt;<\/a><\/div>\n<\/div>\n\n\n\n<div style=\"height:16px\" aria-hidden=\"true\" class=\"wp-block-spacer\"><\/div>\n\n\n\n<h2 class=\"wp-block-heading\">Jarno\u0142t\u00f3wek \u2013 spokojna miejscowo\u015b\u0107 u st\u00f3p Biskupiej Kopy i punkt wyj\u015bciowy na szlaki<\/h2>\n\n\n\n<p>Z\u0142oto, procesy czarownic i szko\u0142a szybowcowa? Jak na spokojn\u0105 wie\u015b u st\u00f3p Biskupiej Kopy, Jarno\u0142t\u00f3wek ma zaskakuj\u0105co barwn\u0105 przesz\u0142o\u015b\u0107. Pierwsza wzmianka o miejscowo\u015bci pochodzi z 1268 roku, a w kolejnych stuleciach jej rozw\u00f3j wi\u0105za\u0142 si\u0119 m.in. z g\u00f3rnictwem z\u0142ota. W XVI wieku dzia\u0142a\u0142o tu kilka kopal\u0144. Sto lat p\u00f3\u017aniej wie\u015b pojawi\u0142a si\u0119 w znacznie mroczniejszym rozdziale lokalnej historii \u2013 odbywa\u0142y si\u0119 tu procesy os\u00f3b oskar\u017canych o czary.<\/p>\n\n\n<div class=\"wp-block-image\">\n<figure class=\"aligncenter size-large\"><a href=\"https:\/\/travelist.pl\/odkryj\/gory-opawskie\"><img loading=\"lazy\" decoding=\"async\" width=\"1024\" height=\"576\" data-attachment-id=\"46917\" data-permalink=\"https:\/\/travelist.pl\/magazyn\/jarnoltowek-2\" data-orig-file=\"https:\/\/travelist.pl\/magazyn\/wp-content\/uploads\/2026\/09\/Jarnoltowek-1.jpg\" data-orig-size=\"1920,1080\" data-comments-opened=\"0\" data-image-meta=\"{&quot;aperture&quot;:&quot;0&quot;,&quot;credit&quot;:&quot;&quot;,&quot;camera&quot;:&quot;&quot;,&quot;caption&quot;:&quot;&quot;,&quot;created_timestamp&quot;:&quot;0&quot;,&quot;copyright&quot;:&quot;&quot;,&quot;focal_length&quot;:&quot;0&quot;,&quot;iso&quot;:&quot;0&quot;,&quot;shutter_speed&quot;:&quot;0&quot;,&quot;title&quot;:&quot;&quot;,&quot;orientation&quot;:&quot;0&quot;}\" data-image-title=\"Magazyn Travelist: Poznaj Polsk\u0119 poza utartym szlakiem: G\u00f3ry Opawskie \u2013 Jarno\u0142t\u00f3wek\" data-image-description=\"\" data-image-caption=\"\" data-medium-file=\"https:\/\/travelist.pl\/magazyn\/wp-content\/uploads\/2026\/09\/Jarnoltowek-1-300x169.jpg\" data-large-file=\"https:\/\/travelist.pl\/magazyn\/wp-content\/uploads\/2026\/09\/Jarnoltowek-1-1024x576.jpg\" src=\"https:\/\/travelist.pl\/magazyn\/wp-content\/uploads\/2026\/09\/Jarnoltowek-1-1024x576.jpg\" alt=\"Magazyn Travelist: Poznaj Polsk\u0119 poza utartym szlakiem: G\u00f3ry Opawskie \u2013 Jarno\u0142t\u00f3wek\" class=\"wp-image-46917\" srcset=\"https:\/\/travelist.pl\/magazyn\/wp-content\/uploads\/2026\/09\/Jarnoltowek-1-1024x576.jpg 1024w, https:\/\/travelist.pl\/magazyn\/wp-content\/uploads\/2026\/09\/Jarnoltowek-1-300x169.jpg 300w, https:\/\/travelist.pl\/magazyn\/wp-content\/uploads\/2026\/09\/Jarnoltowek-1-768x432.jpg 768w, https:\/\/travelist.pl\/magazyn\/wp-content\/uploads\/2026\/09\/Jarnoltowek-1-1536x864.jpg 1536w, https:\/\/travelist.pl\/magazyn\/wp-content\/uploads\/2026\/09\/Jarnoltowek-1-18x10.jpg 18w, https:\/\/travelist.pl\/magazyn\/wp-content\/uploads\/2026\/09\/Jarnoltowek-1.jpg 1920w\" sizes=\"(max-width: 1024px) 100vw, 1024px\" \/><\/a><\/figure><\/div>\n\n\n<p>Dzisiaj najwi\u0119kszym bogactwem Jarno\u0142t\u00f3wka jest jego lokalizacja. Wie\u015b ci\u0105gnie si\u0119 wzd\u0142u\u017c doliny Z\u0142otego Potoku, pomi\u0119dzy masywem Biskupiej Kopy i ni\u017cszymi wzniesieniami G\u00f3r Opawskich. Nie ma jednego zwartego centrum \u2013 pensjonaty, wille i o\u015brodki rozsiane s\u0105 wzd\u0142u\u017c drogi i bocznych dolin. Za to szlaki zaczynaj\u0105 si\u0119 niemal za progiem. Mo\u017cna ruszy\u0107 st\u0105d na Biskupi\u0105 Kop\u0119, Karolinki, \u017babie Oczko czy Piekie\u0142ko, a \u017c\u00f3\u0142ty szlak przez schronisko nale\u017cy do popularnych wariant\u00f3w g\u00f3rskiej wycieczki w stron\u0119 szczytu.<\/p>\n\n\n\n<figure class=\"wp-block-image size-large\"><a href=\"https:\/\/travelist.pl\/odkryj\/gory-opawskie\"><img loading=\"lazy\" decoding=\"async\" width=\"1024\" height=\"576\" data-attachment-id=\"46916\" data-permalink=\"https:\/\/travelist.pl\/magazyn\/jarnoltowek\" data-orig-file=\"https:\/\/travelist.pl\/magazyn\/wp-content\/uploads\/2026\/09\/Jarnoltowek.jpg\" data-orig-size=\"1920,1080\" data-comments-opened=\"0\" data-image-meta=\"{&quot;aperture&quot;:&quot;0&quot;,&quot;credit&quot;:&quot;&quot;,&quot;camera&quot;:&quot;&quot;,&quot;caption&quot;:&quot;&quot;,&quot;created_timestamp&quot;:&quot;0&quot;,&quot;copyright&quot;:&quot;&quot;,&quot;focal_length&quot;:&quot;0&quot;,&quot;iso&quot;:&quot;0&quot;,&quot;shutter_speed&quot;:&quot;0&quot;,&quot;title&quot;:&quot;&quot;,&quot;orientation&quot;:&quot;0&quot;}\" data-image-title=\"Magazyn Travelist: Poznaj Polsk\u0119 poza utartym szlakiem: G\u00f3ry Opawskie \u2013 Jarno\u0142t\u00f3wek\" data-image-description=\"\" data-image-caption=\"\" data-medium-file=\"https:\/\/travelist.pl\/magazyn\/wp-content\/uploads\/2026\/09\/Jarnoltowek-300x169.jpg\" data-large-file=\"https:\/\/travelist.pl\/magazyn\/wp-content\/uploads\/2026\/09\/Jarnoltowek-1024x576.jpg\" src=\"https:\/\/travelist.pl\/magazyn\/wp-content\/uploads\/2026\/09\/Jarnoltowek-1024x576.jpg\" alt=\"Magazyn Travelist: Poznaj Polsk\u0119 poza utartym szlakiem: G\u00f3ry Opawskie \u2013 Jarno\u0142t\u00f3wek\" class=\"wp-image-46916\" srcset=\"https:\/\/travelist.pl\/magazyn\/wp-content\/uploads\/2026\/09\/Jarnoltowek-1024x576.jpg 1024w, https:\/\/travelist.pl\/magazyn\/wp-content\/uploads\/2026\/09\/Jarnoltowek-300x169.jpg 300w, https:\/\/travelist.pl\/magazyn\/wp-content\/uploads\/2026\/09\/Jarnoltowek-768x432.jpg 768w, https:\/\/travelist.pl\/magazyn\/wp-content\/uploads\/2026\/09\/Jarnoltowek-1536x864.jpg 1536w, https:\/\/travelist.pl\/magazyn\/wp-content\/uploads\/2026\/09\/Jarnoltowek-18x10.jpg 18w, https:\/\/travelist.pl\/magazyn\/wp-content\/uploads\/2026\/09\/Jarnoltowek.jpg 1920w\" sizes=\"(max-width: 1024px) 100vw, 1024px\" \/><\/a><\/figure>\n\n\n\n<p>Jedna z najciekawszych budowli kryje si\u0119 w zachodniej cz\u0119\u015bci wsi. Kamienna zapora przeciwpowodziowa z 1909 roku mierzy 15,4 m wysoko\u015bci, ale nie znajdziecie za ni\u0105 sta\u0142ego jeziora. To suchy zbiornik, kt\u00f3ry nape\u0142nia si\u0119 podczas wezbra\u0144 Z\u0142otego Potoku. Budowa by\u0142a nast\u0119pstwem katastrofalnej powodzi z 1903 roku, po kt\u00f3rej Jarno\u0142t\u00f3wek odwiedzi\u0142a cesarzowa Augusta Wiktoria. Zapora odegra\u0142a wa\u017cn\u0105 rol\u0119 podczas kolejnych wielkich wezbra\u0144 \u2013 m.in. w 1997 i ponownie we wrze\u015bniu 2024 roku, kiedy zatrzyma\u0142a du\u017c\u0105 cz\u0119\u015b\u0107 fali powodziowej. W 2026 roku rozpocz\u0119to prace maj\u0105ce poprawi\u0107 jej parametry techniczne i zwi\u0119kszy\u0107 bezpiecze\u0144stwo obiektu.<\/p>\n\n\n\n<p>Warto odszuka\u0107 tak\u017ce zesp\u00f3\u0142 dworski. Obecna bry\u0142a pochodzi z drugiej po\u0142owy XIX wieku, ale stan\u0119\u0142a w miejscu wcze\u015bniejszego dworu obronnego z XVI stulecia \u2013 do dzi\u015b zachowa\u0142y si\u0119 fosa i fragmenty dawnych mur\u00f3w. Obiekt znajduje si\u0119 w r\u0119kach prywatnych, dlatego najlepiej ogl\u0105da\u0107 go z miejsc og\u00f3lnodost\u0119pnych.<\/p>\n\n\n<div class=\"wp-block-image\">\n<figure class=\"aligncenter size-large\"><a href=\"https:\/\/travelist.pl\/odkryj\/gory-opawskie\"><img loading=\"lazy\" decoding=\"async\" width=\"1024\" height=\"576\" data-attachment-id=\"46919\" data-permalink=\"https:\/\/travelist.pl\/magazyn\/jarnoltowek-2-2\" data-orig-file=\"https:\/\/travelist.pl\/magazyn\/wp-content\/uploads\/2026\/09\/Jarnoltowek-2.jpg\" data-orig-size=\"1920,1080\" data-comments-opened=\"0\" data-image-meta=\"{&quot;aperture&quot;:&quot;0&quot;,&quot;credit&quot;:&quot;&quot;,&quot;camera&quot;:&quot;&quot;,&quot;caption&quot;:&quot;&quot;,&quot;created_timestamp&quot;:&quot;0&quot;,&quot;copyright&quot;:&quot;&quot;,&quot;focal_length&quot;:&quot;0&quot;,&quot;iso&quot;:&quot;0&quot;,&quot;shutter_speed&quot;:&quot;0&quot;,&quot;title&quot;:&quot;&quot;,&quot;orientation&quot;:&quot;0&quot;}\" data-image-title=\"Magazyn Travelist: Poznaj Polsk\u0119 poza utartym szlakiem: G\u00f3ry Opawskie \u2013 Jarno\u0142t\u00f3wek\" data-image-description=\"\" data-image-caption=\"\" data-medium-file=\"https:\/\/travelist.pl\/magazyn\/wp-content\/uploads\/2026\/09\/Jarnoltowek-2-300x169.jpg\" data-large-file=\"https:\/\/travelist.pl\/magazyn\/wp-content\/uploads\/2026\/09\/Jarnoltowek-2-1024x576.jpg\" src=\"https:\/\/travelist.pl\/magazyn\/wp-content\/uploads\/2026\/09\/Jarnoltowek-2-1024x576.jpg\" alt=\"Magazyn Travelist: Poznaj Polsk\u0119 poza utartym szlakiem: G\u00f3ry Opawskie \u2013 Jarno\u0142t\u00f3wek\" class=\"wp-image-46919\" srcset=\"https:\/\/travelist.pl\/magazyn\/wp-content\/uploads\/2026\/09\/Jarnoltowek-2-1024x576.jpg 1024w, https:\/\/travelist.pl\/magazyn\/wp-content\/uploads\/2026\/09\/Jarnoltowek-2-300x169.jpg 300w, https:\/\/travelist.pl\/magazyn\/wp-content\/uploads\/2026\/09\/Jarnoltowek-2-768x432.jpg 768w, https:\/\/travelist.pl\/magazyn\/wp-content\/uploads\/2026\/09\/Jarnoltowek-2-1536x864.jpg 1536w, https:\/\/travelist.pl\/magazyn\/wp-content\/uploads\/2026\/09\/Jarnoltowek-2-18x10.jpg 18w, https:\/\/travelist.pl\/magazyn\/wp-content\/uploads\/2026\/09\/Jarnoltowek-2.jpg 1920w\" sizes=\"(max-width: 1024px) 100vw, 1024px\" \/><\/a><\/figure><\/div>\n\n\n<p>Jarno\u0142t\u00f3wek przyci\u0105ga\u0142 turyst\u00f3w na d\u0142ugo przed er\u0105 weekendowych city break\u00f3w. Przed II wojn\u0105 \u015bwiatow\u0105 rozwija\u0142y si\u0119 tu pensjonaty, wille i o\u015brodki wypoczynkowe, a na stokach Krzy\u017cowej dzia\u0142a\u0142o nawet lotnisko szybowcowe ze szk\u00f3\u0142k\u0105 lotnicz\u0105. G\u00f3ry mia\u0142y wi\u0119c s\u0142u\u017cy\u0107 nie tylko do chodzenia \u2013 mo\u017cna by\u0142o r\u00f3wnie\u017c spr\u00f3bowa\u0107 oderwa\u0107 si\u0119 od nich ca\u0142kiem dos\u0142ownie.<\/p>\n\n\n\n<p>Dzi\u015b Jarno\u0142t\u00f3wek jest przede wszystkim spokojn\u0105 baz\u0105 wypadow\u0105. Wieczorem ruch cichnie, coraz wyra\u017aniej s\u0142ycha\u0107 Z\u0142oty Potok, a rano mo\u017cna od razu ruszy\u0107 w g\u00f3ry. Przy rezerwacji noclegu warto tylko spojrze\u0107 na map\u0119 \u2013 wie\u015b jest d\u0142uga i rozci\u0105gni\u0119ta, wi\u0119c \u201ew Jarno\u0142t\u00f3wku\u201d nie zawsze oznacza rzut beretem od wypatrzonego szlaku. Zw\u0142aszcza je\u015bli ten nie nale\u017cy do najbardziej utartych.<\/p>\n\n\n\n<div class=\"wp-block-buttons is-content-justification-center is-layout-flex wp-container-core-buttons-is-layout-12 wp-block-buttons-is-layout-flex\">\n<div class=\"wp-block-button\"><a class=\"wp-block-button__link wp-element-button\" href=\"https:\/\/travelist.pl\/odkryj\/gory-opawskie\">Rezerwuj hotele w G\u00f3rach Opawskich TANIEJ na Travelist.pl&gt;&gt;<\/a><\/div>\n<\/div>\n\n\n\n<div style=\"height:15px\" aria-hidden=\"true\" class=\"wp-block-spacer\"><\/div>\n\n\n\n<h2 class=\"wp-block-heading\">Pokrzywna \u2013 popularna baza wypadowa na najciekawsze atrakcje G\u00f3r Opawskich<\/h2>\n\n\n\n<p>Je\u015bli szuka\u0107 by w G\u00f3rach Opawskich turystycznego foyer, to najpewniej zosta\u0142aby nim Pokrzywna. Tu zaczynaj\u0105 si\u0119 szlaki, znajduj\u0105 si\u0119 wi\u0119ksze parkingi, dzia\u0142aj\u0105 rodzinne o\u015brodki, a obok g\u00f3rskiej w\u0119dr\u00f3wki mo\u017cna zaplanowa\u0107 kilka godzin zupe\u0142nie innej rozrywki.<\/p>\n\n\n\n<p>Dobrym pierwszym przystankiem jest siedziba Parku Krajobrazowego G\u00f3ry Opawskie. W sali edukacyjnej czekaj\u0105 makiety, gabloty, multimedia i ekspozycje po\u015bwi\u0119cone przyrodzie pasma. Mo\u017cna te\u017c zaopatrzy\u0107 si\u0119 w mapy i informacje o szlakach. Szczeg\u00f3lnie warto zajrze\u0107 tu przed wyj\u015bciem z dzie\u0107mi \u2013 p\u00f3\u017aniej salamandra, buczyna czy \u015blady dawnego g\u00f3rnictwa przestaj\u0105 by\u0107 tylko nazwami z tablic przy szlaku.<\/p>\n\n\n\n<figure class=\"wp-block-image size-large\"><a href=\"https:\/\/travelist.pl\/odkryj\/gory-opawskie\"><img loading=\"lazy\" decoding=\"async\" width=\"1024\" height=\"576\" data-attachment-id=\"46926\" data-permalink=\"https:\/\/travelist.pl\/magazyn\/pokrzywna\" data-orig-file=\"https:\/\/travelist.pl\/magazyn\/wp-content\/uploads\/2026\/09\/Pokrzywna.jpg\" data-orig-size=\"1920,1080\" data-comments-opened=\"0\" data-image-meta=\"{&quot;aperture&quot;:&quot;0&quot;,&quot;credit&quot;:&quot;&quot;,&quot;camera&quot;:&quot;&quot;,&quot;caption&quot;:&quot;&quot;,&quot;created_timestamp&quot;:&quot;0&quot;,&quot;copyright&quot;:&quot;&quot;,&quot;focal_length&quot;:&quot;0&quot;,&quot;iso&quot;:&quot;0&quot;,&quot;shutter_speed&quot;:&quot;0&quot;,&quot;title&quot;:&quot;&quot;,&quot;orientation&quot;:&quot;0&quot;}\" data-image-title=\"Magazyn Travelist: Poznaj Polsk\u0119 poza utartym szlakiem: G\u00f3ry Opawskie \u2013 Pokrzywna\" data-image-description=\"\" data-image-caption=\"\" data-medium-file=\"https:\/\/travelist.pl\/magazyn\/wp-content\/uploads\/2026\/09\/Pokrzywna-300x169.jpg\" data-large-file=\"https:\/\/travelist.pl\/magazyn\/wp-content\/uploads\/2026\/09\/Pokrzywna-1024x576.jpg\" src=\"https:\/\/travelist.pl\/magazyn\/wp-content\/uploads\/2026\/09\/Pokrzywna-1024x576.jpg\" alt=\"Magazyn Travelist: Poznaj Polsk\u0119 poza utartym szlakiem: G\u00f3ry Opawskie \u2013 Pokrzywna\" class=\"wp-image-46926\" srcset=\"https:\/\/travelist.pl\/magazyn\/wp-content\/uploads\/2026\/09\/Pokrzywna-1024x576.jpg 1024w, https:\/\/travelist.pl\/magazyn\/wp-content\/uploads\/2026\/09\/Pokrzywna-300x169.jpg 300w, https:\/\/travelist.pl\/magazyn\/wp-content\/uploads\/2026\/09\/Pokrzywna-768x432.jpg 768w, https:\/\/travelist.pl\/magazyn\/wp-content\/uploads\/2026\/09\/Pokrzywna-1536x864.jpg 1536w, https:\/\/travelist.pl\/magazyn\/wp-content\/uploads\/2026\/09\/Pokrzywna-18x10.jpg 18w, https:\/\/travelist.pl\/magazyn\/wp-content\/uploads\/2026\/09\/Pokrzywna.jpg 1920w\" sizes=\"(max-width: 1024px) 100vw, 1024px\" \/><\/a><\/figure>\n\n\n\n<p>Z Pokrzywnej \u0142atwo ruszy\u0107 w najciekawsze cz\u0119\u015bci masywu. Droga wzd\u0142u\u017c Bystrego Potoku prowadzi w stron\u0119 Cichej Doliny i Gwarkowej Perci, a czerwony G\u0142\u00f3wny Szlak Sudecki pozwala wybra\u0107 d\u0142u\u017cszy wariant przez Szyndzielow\u0105 Kop\u0119 i Zamkow\u0105 G\u00f3r\u0119.<\/p>\n\n\n\n<p>Pokrzywna ma jednak r\u00f3wnie\u017c bardziej rozrywkowe oblicze. Wok\u00f3\u0142 dawnego k\u0105pieliska dzia\u0142a Park Rozrywki i Edukacji Zaginione Miasto Rosenau z atrakcjami wodnymi, kinem 7D, tematycznymi jaskiniami i sztolni\u0105, karuzelami oraz atrakcjami sezonowymi. W pobli\u017cu dzia\u0142a tak\u017ce park linowy. Sama nazwa Rosenau prowadzi prosto do lokalnej legendy o zaginionym mie\u015bcie ukrytym gdzie\u015b w okolicznych lasach. Dowod\u00f3w na istnienie tajemniczej metropolii brak, ale opowie\u015b\u0107 okaza\u0142a si\u0119 na tyle dobra, \u017ce dzi\u015b stanowi motyw przewodni rodzinnego parku. G\u00f3ry Opawskie najwyra\u017aniej lubi\u0105 miejsca, w kt\u00f3rych historia p\u0142ynnie przechodzi w legend\u0119.<\/p>\n\n\n\n<p>Jest tylko jeden haczyk: w letnie weekendy Pokrzywna potrafi by\u0107 bardzo popularna. Je\u015bli zamiast gwaru przy parkingu chcecie ws\u0142ucha\u0107 si\u0119 w szmer lasu i potoku, warto pojawi\u0107 si\u0119 rano albo od razu ruszy\u0107 na mniej ucz\u0119szczane odcinki szlak\u00f3w.<\/p>\n\n\n\n<div class=\"wp-block-buttons is-content-justification-center is-layout-flex wp-container-core-buttons-is-layout-13 wp-block-buttons-is-layout-flex\">\n<div class=\"wp-block-button\"><a class=\"wp-block-button__link wp-element-button\" href=\"https:\/\/travelist.pl\/odkryj\/gory-opawskie\">Rezerwuj hotele w G\u00f3rach Opawskich TANIEJ na Travelist.pl&gt;&gt;<\/a><\/div>\n<\/div>\n\n\n\n<h2 class=\"wp-block-heading\">G\u0142ucho\u0142azy \u2013 uzdrowiskowy klimat, Park Zdrojowy i G\u00f3ra Parkowa u podn\u00f3\u017ca G\u00f3r Opawskich<\/h2>\n\n\n\n<p>G\u0142ucho\u0142azy formalnie nie s\u0105 dzi\u015b uzdrowiskiem, ale po\u0142udniowa cz\u0119\u015b\u0107 miasta nadal wygl\u0105da tak, jakby mog\u0142a za chwil\u0119 przyj\u0105\u0107 kuracjuszy z ko\u0144ca XIX wieku. Wzd\u0142u\u017c Bia\u0142ej G\u0142ucho\u0142askiej ci\u0105gnie si\u0119 historyczna promenada, ponad ni\u0105 rozci\u0105ga si\u0119 Park Zdrojowy, a z jego alejek mo\u017cna niemal od razu zboczy\u0107 na le\u015bne trasy G\u00f3ry Parkowej. Trzeba tylko pami\u0119ta\u0107, \u017ce cz\u0119\u015b\u0107 tej okolicy ucierpia\u0142a podczas powodzi we wrze\u015bniu 2024 roku i nadal jest stopniowo odbudowywana.<\/p>\n\n\n\n<figure class=\"wp-block-image size-large\"><a href=\"https:\/\/travelist.pl\/odkryj\/gory-opawskie\"><img loading=\"lazy\" decoding=\"async\" width=\"1024\" height=\"576\" data-attachment-id=\"46914\" data-permalink=\"https:\/\/travelist.pl\/magazyn\/glucholazy\" data-orig-file=\"https:\/\/travelist.pl\/magazyn\/wp-content\/uploads\/2026\/09\/Glucholazy.jpg\" data-orig-size=\"1920,1080\" data-comments-opened=\"0\" data-image-meta=\"{&quot;aperture&quot;:&quot;0&quot;,&quot;credit&quot;:&quot;&quot;,&quot;camera&quot;:&quot;&quot;,&quot;caption&quot;:&quot;&quot;,&quot;created_timestamp&quot;:&quot;0&quot;,&quot;copyright&quot;:&quot;&quot;,&quot;focal_length&quot;:&quot;0&quot;,&quot;iso&quot;:&quot;0&quot;,&quot;shutter_speed&quot;:&quot;0&quot;,&quot;title&quot;:&quot;&quot;,&quot;orientation&quot;:&quot;0&quot;}\" data-image-title=\"Magazyn Travelist: Poznaj Polsk\u0119 poza utartym szlakiem: G\u00f3ry Opawskie \u2013 G\u0142ucho\u0142azy\" data-image-description=\"\" data-image-caption=\"\" data-medium-file=\"https:\/\/travelist.pl\/magazyn\/wp-content\/uploads\/2026\/09\/Glucholazy-300x169.jpg\" data-large-file=\"https:\/\/travelist.pl\/magazyn\/wp-content\/uploads\/2026\/09\/Glucholazy-1024x576.jpg\" src=\"https:\/\/travelist.pl\/magazyn\/wp-content\/uploads\/2026\/09\/Glucholazy-1024x576.jpg\" alt=\"Magazyn Travelist: Poznaj Polsk\u0119 poza utartym szlakiem: G\u00f3ry Opawskie \u2013 G\u0142ucho\u0142azy\" class=\"wp-image-46914\" srcset=\"https:\/\/travelist.pl\/magazyn\/wp-content\/uploads\/2026\/09\/Glucholazy-1024x576.jpg 1024w, https:\/\/travelist.pl\/magazyn\/wp-content\/uploads\/2026\/09\/Glucholazy-300x169.jpg 300w, https:\/\/travelist.pl\/magazyn\/wp-content\/uploads\/2026\/09\/Glucholazy-768x432.jpg 768w, https:\/\/travelist.pl\/magazyn\/wp-content\/uploads\/2026\/09\/Glucholazy-1536x864.jpg 1536w, https:\/\/travelist.pl\/magazyn\/wp-content\/uploads\/2026\/09\/Glucholazy-18x10.jpg 18w, https:\/\/travelist.pl\/magazyn\/wp-content\/uploads\/2026\/09\/Glucholazy.jpg 1920w\" sizes=\"(max-width: 1024px) 100vw, 1024px\" \/><\/a><\/figure>\n\n\n\n<p>Dawne Bad Ziegenhals zacz\u0119\u0142o rozwija\u0107 funkcje wypoczynkowe i lecznicze w XIX wieku. Mieszka\u0144cy powo\u0142ali Towarzystwo Promenadowe, kt\u00f3re wytycza\u0142o \u015bcie\u017cki i dba\u0142o o rozw\u00f3j kurortu. W 1877 roku miejscowo\u015b\u0107 uzyska\u0142a status uzdrowiska. Powstawa\u0142y pensjonaty, zak\u0142ady k\u0105pielowe i trasy spacerowe, a du\u017c\u0105 rol\u0119 odgrywa\u0142y popularne w\u00f3wczas metody wodolecznicze. Dzisiejszy Park Zdrojowy nadal przypomina o tej historii. Najbardziej charakterystycznym obiektem jest 15-metrowa t\u0119\u017cnia solankowa pe\u0142ni\u0105ca jednocze\u015bnie funkcj\u0119 wie\u017cy widokowej. Solanka sp\u0142ywa po tarninie, a spaceruj\u0105c po kolejnych poziomach konstrukcji, mo\u017cna spojrze\u0107 z g\u00f3ry na uzdrowiskow\u0105 cz\u0119\u015b\u0107 miasta i otaczaj\u0105ce j\u0105 wzniesienia.<\/p>\n\n\n<div class=\"wp-block-image\">\n<figure class=\"aligncenter size-large\"><a href=\"https:\/\/travelist.pl\/odkryj\/gory-opawskie\"><img loading=\"lazy\" decoding=\"async\" width=\"1024\" height=\"576\" data-attachment-id=\"46913\" data-permalink=\"https:\/\/travelist.pl\/magazyn\/glucholazy-2\" data-orig-file=\"https:\/\/travelist.pl\/magazyn\/wp-content\/uploads\/2026\/09\/Glucholazy-2.jpg\" data-orig-size=\"1920,1080\" data-comments-opened=\"0\" data-image-meta=\"{&quot;aperture&quot;:&quot;0&quot;,&quot;credit&quot;:&quot;&quot;,&quot;camera&quot;:&quot;&quot;,&quot;caption&quot;:&quot;&quot;,&quot;created_timestamp&quot;:&quot;0&quot;,&quot;copyright&quot;:&quot;&quot;,&quot;focal_length&quot;:&quot;0&quot;,&quot;iso&quot;:&quot;0&quot;,&quot;shutter_speed&quot;:&quot;0&quot;,&quot;title&quot;:&quot;&quot;,&quot;orientation&quot;:&quot;0&quot;}\" data-image-title=\"Magazyn Travelist: Poznaj Polsk\u0119 poza utartym szlakiem: G\u00f3ry Opawskie \u2013 G\u0142ucho\u0142azy\" data-image-description=\"\" data-image-caption=\"\" data-medium-file=\"https:\/\/travelist.pl\/magazyn\/wp-content\/uploads\/2026\/09\/Glucholazy-2-300x169.jpg\" data-large-file=\"https:\/\/travelist.pl\/magazyn\/wp-content\/uploads\/2026\/09\/Glucholazy-2-1024x576.jpg\" src=\"https:\/\/travelist.pl\/magazyn\/wp-content\/uploads\/2026\/09\/Glucholazy-2-1024x576.jpg\" alt=\"Magazyn Travelist: Poznaj Polsk\u0119 poza utartym szlakiem: G\u00f3ry Opawskie \u2013 G\u0142ucho\u0142azy\" class=\"wp-image-46913\" srcset=\"https:\/\/travelist.pl\/magazyn\/wp-content\/uploads\/2026\/09\/Glucholazy-2-1024x576.jpg 1024w, https:\/\/travelist.pl\/magazyn\/wp-content\/uploads\/2026\/09\/Glucholazy-2-300x169.jpg 300w, https:\/\/travelist.pl\/magazyn\/wp-content\/uploads\/2026\/09\/Glucholazy-2-768x432.jpg 768w, https:\/\/travelist.pl\/magazyn\/wp-content\/uploads\/2026\/09\/Glucholazy-2-1536x864.jpg 1536w, https:\/\/travelist.pl\/magazyn\/wp-content\/uploads\/2026\/09\/Glucholazy-2-18x10.jpg 18w, https:\/\/travelist.pl\/magazyn\/wp-content\/uploads\/2026\/09\/Glucholazy-2.jpg 1920w\" sizes=\"(max-width: 1024px) 100vw, 1024px\" \/><\/a><\/figure><\/div>\n\n\n<p>Z tej cz\u0119\u015bci G\u0142ucho\u0142az \u0142atwo ruszy\u0107 r\u00f3wnie\u017c na Przedni\u0105, \u015aredni\u0105 i Tyln\u0105 Kop\u0119 tworz\u0105ce masyw G\u00f3ry Parkowej. \u017b\u00f3\u0142ty Szlak Z\u0142otych G\u00f3rnik\u00f3w liczy oko\u0142o 8 km i prowadzi przez miejsca zwi\u0105zane z dawnym wydobyciem z\u0142ota. W lesie zachowa\u0142y si\u0119 szyby, zag\u0142\u0119bienia terenu i pozosta\u0142o\u015bci dawnych p\u0142uczek \u2013 \u015blady czas\u00f3w, kiedy zamiast turystycznych drogowskaz\u00f3w ludzi przyci\u0105ga\u0142a tutaj nadzieja na znalezienie cennego kruszcu.<\/p>\n\n\n\n<p>Na Przedniej Kopie warto zobaczy\u0107 kaplic\u0119 \u015bw. Anny i pozosta\u0142o\u015bci dawnej infrastruktury turystycznej. Ca\u0142\u0105 wycieczk\u0119 mo\u017cna skr\u00f3ci\u0107 albo potraktowa\u0107 jako alternatyw\u0119 dla Biskupiej Kopy w dzie\u0144, kiedy wy\u017csze partie przykrywa mg\u0142a.<\/p>\n\n\n<div class=\"wp-block-image\">\n<figure class=\"aligncenter size-large\"><a href=\"https:\/\/travelist.pl\/odkryj\/gory-opawskie\"><img loading=\"lazy\" decoding=\"async\" width=\"1024\" height=\"576\" data-attachment-id=\"46912\" data-permalink=\"https:\/\/travelist.pl\/magazyn\/glucholazy-1\" data-orig-file=\"https:\/\/travelist.pl\/magazyn\/wp-content\/uploads\/2026\/09\/Glucholazy-1.jpg\" data-orig-size=\"1920,1080\" data-comments-opened=\"0\" data-image-meta=\"{&quot;aperture&quot;:&quot;0&quot;,&quot;credit&quot;:&quot;&quot;,&quot;camera&quot;:&quot;&quot;,&quot;caption&quot;:&quot;&quot;,&quot;created_timestamp&quot;:&quot;0&quot;,&quot;copyright&quot;:&quot;&quot;,&quot;focal_length&quot;:&quot;0&quot;,&quot;iso&quot;:&quot;0&quot;,&quot;shutter_speed&quot;:&quot;0&quot;,&quot;title&quot;:&quot;&quot;,&quot;orientation&quot;:&quot;0&quot;}\" data-image-title=\"Magazyn Travelist: Poznaj Polsk\u0119 poza utartym szlakiem: G\u00f3ry Opawskie \u2013 G\u0142ucho\u0142azy\" data-image-description=\"\" data-image-caption=\"\" data-medium-file=\"https:\/\/travelist.pl\/magazyn\/wp-content\/uploads\/2026\/09\/Glucholazy-1-300x169.jpg\" data-large-file=\"https:\/\/travelist.pl\/magazyn\/wp-content\/uploads\/2026\/09\/Glucholazy-1-1024x576.jpg\" src=\"https:\/\/travelist.pl\/magazyn\/wp-content\/uploads\/2026\/09\/Glucholazy-1-1024x576.jpg\" alt=\"Magazyn Travelist: Poznaj Polsk\u0119 poza utartym szlakiem: G\u00f3ry Opawskie \u2013 G\u0142ucho\u0142azy\" class=\"wp-image-46912\" srcset=\"https:\/\/travelist.pl\/magazyn\/wp-content\/uploads\/2026\/09\/Glucholazy-1-1024x576.jpg 1024w, https:\/\/travelist.pl\/magazyn\/wp-content\/uploads\/2026\/09\/Glucholazy-1-300x169.jpg 300w, https:\/\/travelist.pl\/magazyn\/wp-content\/uploads\/2026\/09\/Glucholazy-1-768x432.jpg 768w, https:\/\/travelist.pl\/magazyn\/wp-content\/uploads\/2026\/09\/Glucholazy-1-1536x864.jpg 1536w, https:\/\/travelist.pl\/magazyn\/wp-content\/uploads\/2026\/09\/Glucholazy-1-18x10.jpg 18w, https:\/\/travelist.pl\/magazyn\/wp-content\/uploads\/2026\/09\/Glucholazy-1.jpg 1920w\" sizes=\"(max-width: 1024px) 100vw, 1024px\" \/><\/a><\/figure><\/div>\n\n\n<p>Samo centrum G\u0142ucho\u0142az ma ju\u017c zupe\u0142nie inny charakter. Zachowa\u0142y si\u0119 fragmenty \u015bredniowiecznych mur\u00f3w miejskich, Wie\u017ca Bramy G\u00f3rnej, rynek i historyczna zabudowa przypominaj\u0105ca o znaczeniu miasta le\u017c\u0105cego przy dawnym szlaku prowadz\u0105cym ze \u015al\u0105ska na Morawy.<\/p>\n\n\n\n<p>To ciekawy kierunek dla os\u00f3b zastanawiaj\u0105cych si\u0119,<a href=\"https:\/\/travelist.pl\/magazyn\/gdzie-na-weekend-w-polsce-18-wyjatkowych-pomyslow\"> gdzie na weekend w Polsce<\/a>, ale sceptycznych wobec sp\u0119dzania ca\u0142ego dnia na d\u0142ugim szlaku. Tutaj g\u00f3rski spacer mo\u017cna \u0142atwo przeplata\u0107 zwiedzaniem miasta, wizyt\u0105 w t\u0119\u017cni i odpoczynkiem w Parku Zdrojowym.<\/p>\n\n\n\n<div class=\"wp-block-buttons is-content-justification-center is-layout-flex wp-container-core-buttons-is-layout-14 wp-block-buttons-is-layout-flex\">\n<div class=\"wp-block-button\"><a class=\"wp-block-button__link wp-element-button\" href=\"https:\/\/travelist.pl\/odkryj\/gory-opawskie\">Rezerwuj hotele w G\u00f3rach Opawskich TANIEJ na Travelist.pl&gt;&gt;<\/a><\/div>\n<\/div>\n\n\n\n<div style=\"height:16px\" aria-hidden=\"true\" class=\"wp-block-spacer\"><\/div>\n\n\n\n<h2 class=\"wp-block-heading\">Prudnik \u2013 historyczna wschodnia brama regionu i zabytkowa Wie\u017ca Woka<\/h2>\n\n\n\n<p>Wschodnim bastionem regionu jest Prudnik. Najstarszym zabytkiem miasta pozostaje 41-metrowa Wie\u017ca Woka \u2013 pozosta\u0142o\u015b\u0107 zamku wzniesionego w latach 1255\u20131259 przez czeskiego mo\u017cnow\u0142adc\u0119 Woka z Rosenberga. Z kwestii praktycznych: ze wzgl\u0119d\u00f3w technicznych, zwi\u0105zanych z napraw\u0105 klatki schodowej, wst\u0119p na wie\u017c\u0119 jest czasowo wstrzymany. Samo po\u0142o\u017cenie wie\u017cy dobrze pokazuje jednak, dlaczego miasto wyros\u0142o w\u0142a\u015bnie tutaj. Na po\u0142udniu teren szybko podnosi si\u0119 w stron\u0119 G\u00f3r Opawskich, na p\u00f3\u0142nocy otwiera si\u0119 szeroka r\u00f3wnina, a przez wieki przebiega\u0142 t\u0119dy wa\u017cny szlak mi\u0119dzy \u015al\u0105skiem a Morawami.&nbsp;&nbsp;<\/p>\n\n\n<div class=\"wp-block-image\">\n<figure class=\"aligncenter size-large\"><a href=\"https:\/\/travelist.pl\/odkryj\/gory-opawskie\"><img loading=\"lazy\" decoding=\"async\" width=\"1024\" height=\"576\" data-attachment-id=\"46927\" data-permalink=\"https:\/\/travelist.pl\/magazyn\/prudnik\" data-orig-file=\"https:\/\/travelist.pl\/magazyn\/wp-content\/uploads\/2026\/09\/Prudnik.jpg\" data-orig-size=\"1920,1080\" data-comments-opened=\"0\" data-image-meta=\"{&quot;aperture&quot;:&quot;0&quot;,&quot;credit&quot;:&quot;&quot;,&quot;camera&quot;:&quot;&quot;,&quot;caption&quot;:&quot;&quot;,&quot;created_timestamp&quot;:&quot;0&quot;,&quot;copyright&quot;:&quot;&quot;,&quot;focal_length&quot;:&quot;0&quot;,&quot;iso&quot;:&quot;0&quot;,&quot;shutter_speed&quot;:&quot;0&quot;,&quot;title&quot;:&quot;&quot;,&quot;orientation&quot;:&quot;0&quot;}\" data-image-title=\"Magazyn Travelist: Poznaj Polsk\u0119 poza utartym szlakiem: G\u00f3ry Opawskie \u2013 Prudnik\" data-image-description=\"\" data-image-caption=\"\" data-medium-file=\"https:\/\/travelist.pl\/magazyn\/wp-content\/uploads\/2026\/09\/Prudnik-300x169.jpg\" data-large-file=\"https:\/\/travelist.pl\/magazyn\/wp-content\/uploads\/2026\/09\/Prudnik-1024x576.jpg\" src=\"https:\/\/travelist.pl\/magazyn\/wp-content\/uploads\/2026\/09\/Prudnik-1024x576.jpg\" alt=\"Magazyn Travelist: Poznaj Polsk\u0119 poza utartym szlakiem: G\u00f3ry Opawskie \u2013 Prudnik\" class=\"wp-image-46927\" srcset=\"https:\/\/travelist.pl\/magazyn\/wp-content\/uploads\/2026\/09\/Prudnik-1024x576.jpg 1024w, https:\/\/travelist.pl\/magazyn\/wp-content\/uploads\/2026\/09\/Prudnik-300x169.jpg 300w, https:\/\/travelist.pl\/magazyn\/wp-content\/uploads\/2026\/09\/Prudnik-768x432.jpg 768w, https:\/\/travelist.pl\/magazyn\/wp-content\/uploads\/2026\/09\/Prudnik-1536x864.jpg 1536w, https:\/\/travelist.pl\/magazyn\/wp-content\/uploads\/2026\/09\/Prudnik-18x10.jpg 18w, https:\/\/travelist.pl\/magazyn\/wp-content\/uploads\/2026\/09\/Prudnik.jpg 1920w\" sizes=\"(max-width: 1024px) 100vw, 1024px\" \/><\/a><\/figure><\/div>\n\n\n<p>Ale Prudnik nie ko\u0144czy si\u0119 na \u015bredniowieczu. Miasto rozwin\u0119\u0142o si\u0119 jako o\u015brodek w\u0142\u00f3kienniczy i handlowy. W dawnym arsenale mie\u015bci si\u0119 Muzeum Ziemi Prudnickiej, a w centrum zachowa\u0142y si\u0119 Wie\u017ca Bramy Dolnej, rynek i fabrykanckie wille. &nbsp;Z miasta mo\u017cna od razu ruszy\u0107 pieszo w G\u00f3ry Opawskie. Czerwony G\u0142\u00f3wny Szlak Sudecki prowadzi od prudnickiego dworca przez Lipy, sanktuarium \u015bw. J\u00f3zefa, Kobylic\u0119, D\u0119bowiec, D\u0142ugot\u0119, Wieszczyn\u0119 i Pokrzywn\u0105, a dalej w stron\u0119 kolejnych grzbiet\u00f3w i Biskupiej Kopy. W ca\u0142o\u015bci to ju\u017c propozycja na solidny dzie\u0144 marszu, ale poszczeg\u00f3lne odcinki \u015bwietnie nadaj\u0105 si\u0119 tak\u017ce na kr\u00f3tsze wycieczki. Po drodze warto zatrzyma\u0107 si\u0119 w Prudniku-Lesie przy sanktuarium \u015bw. J\u00f3zefa. Od pa\u017adziernika 1954 do pa\u017adziernika 1955 roku komunistyczne w\u0142adze wi\u0119zi\u0142y tutaj prymasa Stefana Wyszy\u0144skiego. I nagle zwyk\u0142y spacer po lesie prowadzi w sam \u015brodek powojennej historii Polski.&nbsp;&nbsp;<\/p>\n\n\n\n<div class=\"wp-block-buttons is-content-justification-center is-layout-flex wp-container-core-buttons-is-layout-15 wp-block-buttons-is-layout-flex\">\n<div class=\"wp-block-button\"><a class=\"wp-block-button__link wp-element-button\" href=\"https:\/\/travelist.pl\/odkryj\/gory-opawskie\">Rezerwuj hotele w G\u00f3rach Opawskich TANIEJ na Travelist.pl&gt;&gt;<\/a><\/div>\n<\/div>\n\n\n\n<div style=\"height:13px\" aria-hidden=\"true\" class=\"wp-block-spacer\"><\/div>\n\n\n\n<h2 class=\"wp-block-heading\">Park Krajobrazowy G\u00f3ry Opawskie \u2013 cenny obszar chronionej przyrody, z lasami, potokami i ciekawymi trasami g\u00f3rskimi<\/h2>\n\n\n\n<p>W G\u00f3rach Opawskich nawet rezerwat przyrody mo\u017ce opowiada\u0107 histori\u0119 poszukiwaczy z\u0142ota. Stare buczyny rosn\u0105 tu obok \u015blad\u00f3w dawnych wyrobisk, w wilgotnych dolinach kryj\u0105 si\u0119 salamandry, a w dawnych sztolniach zimuj\u0105 nietoperze. Ten nietypowy splot natury i dzia\u0142alno\u015bci cz\u0142owieka chroni Park Krajobrazowy G\u00f3ry Opawskie, utworzony w 1988 roku. Zajmuje 4903 ha, a park wraz z otulin\u0105 rozci\u0105ga si\u0119 na terenie gmin G\u0142ucho\u0142azy, Prudnik i Lubrza. Oko\u0142o trzy czwarte jego powierzchni zajmuj\u0105 lasy.<\/p>\n\n\n<div class=\"wp-block-image\">\n<figure class=\"aligncenter size-large\"><a href=\"https:\/\/travelist.pl\/odkryj\/gory-opawskie\"><img loading=\"lazy\" decoding=\"async\" width=\"1024\" height=\"576\" data-attachment-id=\"46921\" data-permalink=\"https:\/\/travelist.pl\/magazyn\/park-krajobrazowy-gory-opawskie-2\" data-orig-file=\"https:\/\/travelist.pl\/magazyn\/wp-content\/uploads\/2026\/09\/Park-Krajobrazowy-Gory-Opawskie-1.jpg\" data-orig-size=\"1920,1080\" data-comments-opened=\"0\" data-image-meta=\"{&quot;aperture&quot;:&quot;0&quot;,&quot;credit&quot;:&quot;&quot;,&quot;camera&quot;:&quot;&quot;,&quot;caption&quot;:&quot;&quot;,&quot;created_timestamp&quot;:&quot;0&quot;,&quot;copyright&quot;:&quot;&quot;,&quot;focal_length&quot;:&quot;0&quot;,&quot;iso&quot;:&quot;0&quot;,&quot;shutter_speed&quot;:&quot;0&quot;,&quot;title&quot;:&quot;&quot;,&quot;orientation&quot;:&quot;0&quot;}\" data-image-title=\"Magazyn Travelist: Poznaj Polsk\u0119 poza utartym szlakiem: G\u00f3ry Opawskie \u2013 ark Krajobrazowy G\u00f3ry Opawskie\" data-image-description=\"\" data-image-caption=\"\" data-medium-file=\"https:\/\/travelist.pl\/magazyn\/wp-content\/uploads\/2026\/09\/Park-Krajobrazowy-Gory-Opawskie-1-300x169.jpg\" data-large-file=\"https:\/\/travelist.pl\/magazyn\/wp-content\/uploads\/2026\/09\/Park-Krajobrazowy-Gory-Opawskie-1-1024x576.jpg\" src=\"https:\/\/travelist.pl\/magazyn\/wp-content\/uploads\/2026\/09\/Park-Krajobrazowy-Gory-Opawskie-1-1024x576.jpg\" alt=\"Magazyn Travelist: Poznaj Polsk\u0119 poza utartym szlakiem: G\u00f3ry Opawskie \u2013 ark Krajobrazowy G\u00f3ry Opawskie\" class=\"wp-image-46921\" srcset=\"https:\/\/travelist.pl\/magazyn\/wp-content\/uploads\/2026\/09\/Park-Krajobrazowy-Gory-Opawskie-1-1024x576.jpg 1024w, https:\/\/travelist.pl\/magazyn\/wp-content\/uploads\/2026\/09\/Park-Krajobrazowy-Gory-Opawskie-1-300x169.jpg 300w, https:\/\/travelist.pl\/magazyn\/wp-content\/uploads\/2026\/09\/Park-Krajobrazowy-Gory-Opawskie-1-768x432.jpg 768w, https:\/\/travelist.pl\/magazyn\/wp-content\/uploads\/2026\/09\/Park-Krajobrazowy-Gory-Opawskie-1-1536x864.jpg 1536w, https:\/\/travelist.pl\/magazyn\/wp-content\/uploads\/2026\/09\/Park-Krajobrazowy-Gory-Opawskie-1-18x10.jpg 18w, https:\/\/travelist.pl\/magazyn\/wp-content\/uploads\/2026\/09\/Park-Krajobrazowy-Gory-Opawskie-1.jpg 1920w\" sizes=\"(max-width: 1024px) 100vw, 1024px\" \/><\/a><\/figure><\/div>\n\n\n<p>Najwi\u0119kszym bogactwem s\u0105 zwarte kompleksy le\u015bne z dobrze zachowanymi fragmentami buczyn, gr\u0105d\u00f3w i \u0142\u0119g\u00f3w. W granicach parku znajduje si\u0119 pi\u0119\u0107 rezerwat\u00f3w: Cicha Dolina, Las Bukowy, Nad Bia\u0142k\u0105, Olszak i D\u0119bniak. Szczeg\u00f3lnie ciekawy jest Nad Bia\u0142k\u0105, gdzie obok przyrody chronione s\u0105 tak\u017ce \u015blady \u015bredniowiecznej eksploatacji z\u0142otono\u015bnych piask\u00f3w i \u017cwir\u00f3w. Zosta\u0142y po niej zag\u0142\u0119bienia, wykopy i zwa\u0142y przemytego materia\u0142u. W G\u00f3rach Opawskich granica mi\u0119dzy tym, co stworzy\u0142a natura, a tym, co przez wieki zmienia\u0142 cz\u0142owiek, bywa wi\u0119c wyj\u0105tkowo p\u0142ynna.<\/p>\n\n\n\n<p>Park obejmuje dwa pi\u0119tra ro\u015blinno\u015bci \u2013 pog\u00f3rza i regla dolnego \u2013 a na jego terenie stwierdzono ponad 500 gatunk\u00f3w ro\u015blin naczyniowych. Przy g\u00f3rskich potokach mo\u017cna wypatrzy\u0107 pluszcza i pliszk\u0119 g\u00f3rsk\u0105, w wilgotnych lasach salamandr\u0119 plamist\u0105 i traszki, a przy odrobinie szcz\u0119\u015bcia tak\u017ce bociana czarnego czy puchacza. G\u00f3ry Opawskie s\u0105 r\u00f3wnie\u017c wa\u017cnym siedliskiem nietoperzy. A w 1998 roku nad Potokiem Zameckim zn\u00f3w pojawi\u0142y si\u0119 bobry \u2013 tym razem nie ca\u0142kiem z w\u0142asnej inicjatywy, bo cz\u0142owiek pom\u00f3g\u0142 im wr\u00f3ci\u0107 w te okolice.&nbsp;<\/p>\n\n\n<div class=\"wp-block-image\">\n<figure class=\"aligncenter size-large\"><a href=\"https:\/\/travelist.pl\/odkryj\/gory-opawskie\"><img loading=\"lazy\" decoding=\"async\" width=\"1024\" height=\"576\" data-attachment-id=\"46922\" data-permalink=\"https:\/\/travelist.pl\/magazyn\/park-krajobrazowy-gory-opawskie-1\" data-orig-file=\"https:\/\/travelist.pl\/magazyn\/wp-content\/uploads\/2026\/09\/Park-Krajobrazowy-Gory-Opawskie-1-1.jpg\" data-orig-size=\"1920,1080\" data-comments-opened=\"0\" data-image-meta=\"{&quot;aperture&quot;:&quot;0&quot;,&quot;credit&quot;:&quot;&quot;,&quot;camera&quot;:&quot;&quot;,&quot;caption&quot;:&quot;&quot;,&quot;created_timestamp&quot;:&quot;0&quot;,&quot;copyright&quot;:&quot;&quot;,&quot;focal_length&quot;:&quot;0&quot;,&quot;iso&quot;:&quot;0&quot;,&quot;shutter_speed&quot;:&quot;0&quot;,&quot;title&quot;:&quot;&quot;,&quot;orientation&quot;:&quot;0&quot;}\" data-image-title=\"Magazyn Travelist: Poznaj Polsk\u0119 poza utartym szlakiem: G\u00f3ry Opawskie \u2013 ark Krajobrazowy G\u00f3ry Opawskie\" data-image-description=\"\" data-image-caption=\"\" data-medium-file=\"https:\/\/travelist.pl\/magazyn\/wp-content\/uploads\/2026\/09\/Park-Krajobrazowy-Gory-Opawskie-1-1-300x169.jpg\" data-large-file=\"https:\/\/travelist.pl\/magazyn\/wp-content\/uploads\/2026\/09\/Park-Krajobrazowy-Gory-Opawskie-1-1-1024x576.jpg\" src=\"https:\/\/travelist.pl\/magazyn\/wp-content\/uploads\/2026\/09\/Park-Krajobrazowy-Gory-Opawskie-1-1-1024x576.jpg\" alt=\"Magazyn Travelist: Poznaj Polsk\u0119 poza utartym szlakiem: G\u00f3ry Opawskie \u2013 ark Krajobrazowy G\u00f3ry Opawskie\" class=\"wp-image-46922\" srcset=\"https:\/\/travelist.pl\/magazyn\/wp-content\/uploads\/2026\/09\/Park-Krajobrazowy-Gory-Opawskie-1-1-1024x576.jpg 1024w, https:\/\/travelist.pl\/magazyn\/wp-content\/uploads\/2026\/09\/Park-Krajobrazowy-Gory-Opawskie-1-1-300x169.jpg 300w, https:\/\/travelist.pl\/magazyn\/wp-content\/uploads\/2026\/09\/Park-Krajobrazowy-Gory-Opawskie-1-1-768x432.jpg 768w, https:\/\/travelist.pl\/magazyn\/wp-content\/uploads\/2026\/09\/Park-Krajobrazowy-Gory-Opawskie-1-1-1536x864.jpg 1536w, https:\/\/travelist.pl\/magazyn\/wp-content\/uploads\/2026\/09\/Park-Krajobrazowy-Gory-Opawskie-1-1-18x10.jpg 18w, https:\/\/travelist.pl\/magazyn\/wp-content\/uploads\/2026\/09\/Park-Krajobrazowy-Gory-Opawskie-1-1.jpg 1920w\" sizes=\"(max-width: 1024px) 100vw, 1024px\" \/><\/a><\/figure><\/div>\n\n\n<p>I cho\u0107 mowa o obszarze chronionym, przyrody nie ogl\u0105da si\u0119 tutaj wy\u0142\u0105cznie zza tablicy. Przez park prowadzi g\u0119sta sie\u0107 szlak\u00f3w pieszych i \u015bcie\u017cek przyrodniczo-dydaktycznych, a uzupe\u0142niaj\u0105 j\u0105 trasy wykorzystywane przez rowerzyst\u00f3w, je\u017ad\u017ac\u00f3w i piechur\u00f3w. Jedne prowadz\u0105 grzbietami i przez kolejne szczyty, inne schodz\u0105 w doliny potok\u00f3w, mi\u0119dzy stare drzewa, dawne kamienio\u0142omy i \u015blady g\u00f3rnictwa.<\/p>\n\n\n\n<p>Warto tylko pami\u0119ta\u0107, \u017ce cz\u0119\u015b\u0107 najbardziej intryguj\u0105cych miejsc jest jednocze\u015bnie domem dla bardzo konkretnych lokator\u00f3w. Dawne sztolnie s\u0142u\u017c\u0105 nietoperzom jako zimowiska, a wilgotne lasy i okolice potok\u00f3w s\u0105 wa\u017cnym \u015brodowiskiem p\u0142az\u00f3w. W rezerwatach poruszamy si\u0119 wi\u0119c po udost\u0119pnionych trasach \u2013 to nie turystyczna z\u0142o\u015bliwo\u015b\u0107, lecz spos\u00f3b na ochron\u0119 miejsc, dla kt\u00f3rych te rezerwaty w og\u00f3le powsta\u0142y. Park \u015bwietnie pokazuje, \u017ce<a href=\"https:\/\/travelist.pl\/magazyn\/atrakcje-w-gorach-odkryj-ciekawe-miejsca-i-dowiedz-sie-co-warto-zobaczyc\"> atrakcje w g\u00f3rach<\/a> nie musz\u0105 sprowadza\u0107 si\u0119 do zdobywania kolejnych szczyt\u00f3w. &nbsp;<\/p>\n\n\n\n<div class=\"wp-block-buttons is-content-justification-center is-layout-flex wp-container-core-buttons-is-layout-16 wp-block-buttons-is-layout-flex\">\n<div class=\"wp-block-button\"><a class=\"wp-block-button__link wp-element-button\" href=\"https:\/\/travelist.pl\/odkryj\/gory-opawskie\">Rezerwuj hotele w G\u00f3rach Opawskich TANIEJ na Travelist.pl&gt;&gt;<\/a><\/div>\n<\/div>\n\n\n\n<div style=\"height:15px\" aria-hidden=\"true\" class=\"wp-block-spacer\"><\/div>\n\n\n\n<h2 class=\"wp-block-heading\">Zlat\u00e9 Hory \u2013 urokliwa baza wypadowa do w\u0119dr\u00f3wek po czeskiej stronie G\u00f3r Opawskich<\/h2>\n\n\n\n<p>Zlat\u00e9 Hory le\u017c\u0105 zaledwie kilka kilometr\u00f3w od granicy, ale od razu maj\u0105 nieco inny charakter ni\u017c polskie miejscowo\u015bci wypoczynkowe. Zabudowa skupia si\u0119 wok\u00f3\u0142 d\u0142ugiego rynku, ponad dachami dominuj\u0105 ko\u015bcielne wie\u017ce, a za miastem wznosi si\u0119 pot\u0119\u017cny masyw P\u0159\u00ed\u010dnego vrchu.<\/p>\n\n\n\n<p>Nazwa miasta nie pozostawia wielkiego pola do domys\u0142\u00f3w. Z\u0142oto rzeczywi\u015bcie odegra\u0142o tu g\u0142\u00f3wn\u0105 rol\u0119. Ju\u017c przed wiekami w okolicznych dolinach pozyskiwano kruszec ze z\u0142otono\u015bnych osad\u00f3w, a p\u00f3\u017aniej g\u00f3rnicy zeszli r\u00f3wnie\u017c pod ziemi\u0119. Po dawnym wydobyciu zosta\u0142y sztolnie, ha\u0142dy i ca\u0142e fragmenty krajobrazu przekszta\u0142cone przez ludzi, kt\u00f3rzy przez stulecia pr\u00f3bowali wydoby\u0107 z tych g\u00f3r co\u015b wi\u0119cej ni\u017c tylko pi\u0119kne widoki.<\/p>\n\n\n\n<p>W centrum dzia\u0142a muzeum miejskie z ekspozycj\u0105 po\u015bwi\u0119con\u0105 historii regionu i g\u00f3rnictwa. Mo\u017cna zobaczy\u0107 minera\u0142y, dawne narz\u0119dzia u\u017cywane przy wydobyciu z\u0142ota i rud oraz materia\u0142y pokazuj\u0105ce rozw\u00f3j tutejszego g\u00f3rnictwa. To dobre miejsce na pocz\u0105tek, szczeg\u00f3lnie je\u015bli p\u00f3\u017aniej planujecie odwiedzi\u0107 plenerowy skansen i zobaczy\u0107 g\u00f3rnicz\u0105 histori\u0119 ju\u017c nie w gablocie, lecz w terenie.<\/p>\n\n\n\n<figure class=\"wp-block-image size-large\"><a href=\"https:\/\/travelist.pl\/odkryj\/gory-opawskie\"><img loading=\"lazy\" decoding=\"async\" width=\"1024\" height=\"576\" data-attachment-id=\"46942\" data-permalink=\"https:\/\/travelist.pl\/magazyn\/zlate-hory\" data-orig-file=\"https:\/\/travelist.pl\/magazyn\/wp-content\/uploads\/2026\/09\/Zlate-Hory.jpg\" data-orig-size=\"1920,1080\" data-comments-opened=\"0\" data-image-meta=\"{&quot;aperture&quot;:&quot;0&quot;,&quot;credit&quot;:&quot;&quot;,&quot;camera&quot;:&quot;&quot;,&quot;caption&quot;:&quot;&quot;,&quot;created_timestamp&quot;:&quot;0&quot;,&quot;copyright&quot;:&quot;&quot;,&quot;focal_length&quot;:&quot;0&quot;,&quot;iso&quot;:&quot;0&quot;,&quot;shutter_speed&quot;:&quot;0&quot;,&quot;title&quot;:&quot;&quot;,&quot;orientation&quot;:&quot;0&quot;}\" data-image-title=\"Zlate Hory\" data-image-description=\"\" data-image-caption=\"\" data-medium-file=\"https:\/\/travelist.pl\/magazyn\/wp-content\/uploads\/2026\/09\/Zlate-Hory-300x169.jpg\" data-large-file=\"https:\/\/travelist.pl\/magazyn\/wp-content\/uploads\/2026\/09\/Zlate-Hory-1024x576.jpg\" src=\"https:\/\/travelist.pl\/magazyn\/wp-content\/uploads\/2026\/09\/Zlate-Hory-1024x576.jpg\" alt=\"Magazyn Travelist: Poznaj Polsk\u0119 poza utartym szlakiem: G\u00f3ry Opawskie - Zlate Hory \" class=\"wp-image-46942\" srcset=\"https:\/\/travelist.pl\/magazyn\/wp-content\/uploads\/2026\/09\/Zlate-Hory-1024x576.jpg 1024w, https:\/\/travelist.pl\/magazyn\/wp-content\/uploads\/2026\/09\/Zlate-Hory-300x169.jpg 300w, https:\/\/travelist.pl\/magazyn\/wp-content\/uploads\/2026\/09\/Zlate-Hory-768x432.jpg 768w, https:\/\/travelist.pl\/magazyn\/wp-content\/uploads\/2026\/09\/Zlate-Hory-1536x864.jpg 1536w, https:\/\/travelist.pl\/magazyn\/wp-content\/uploads\/2026\/09\/Zlate-Hory-18x10.jpg 18w, https:\/\/travelist.pl\/magazyn\/wp-content\/uploads\/2026\/09\/Zlate-Hory.jpg 1920w\" sizes=\"(max-width: 1024px) 100vw, 1024px\" \/><\/a><\/figure>\n\n\n\n<p>Z centrum miasta zielony szlak prowadzi na Biskupi\u0105 Kop\u0119. Startuje w pobli\u017cu muzeum, a po drodze mija m.in. kaplic\u0119 \u015bw. Rocha i Mnich\u016fv k\u00e1men. Do wie\u017cy na szczycie jest oko\u0142o 4 km, wi\u0119c to ca\u0142kiem konkretna g\u00f3rska wycieczka, cho\u0107 zaczyna si\u0119 niemal mi\u0119dzy miejskimi kamienicami.<\/p>\n\n\n\n<p>Jeszcze bardziej ambitnym kierunkiem jest P\u0159\u00ed\u010dn\u00fd vrch, 975 m n.p.m., czyli najwy\u017cszy szczyt ca\u0142ych G\u00f3r Opawskich. Jego masyw to prawdziwe archiwum dawnego g\u00f3rnictwa \u2013 na mapie mno\u017c\u0105 si\u0119 nazwy sztolni, szyb\u00f3w i starych wyrobisk. W okolicy znajduj\u0105 si\u0119 tak\u017ce ruiny zamku Edel\u0161tejn, kt\u00f3ry w \u015bredniowieczu strzeg\u0142 tutejszego g\u00f3rniczego zag\u0142\u0119bia. To ju\u017c jednak materia\u0142 na osobny dzie\u0144.<\/p>\n\n\n\n<p>Zlat\u00e9 Hory s\u0105 ciekawym pierwszym krokiem do poznawania<a href=\"https:\/\/travelist.pl\/magazyn\/najwieksze-atrakcje-czech\"> atrakcji Czech<\/a> poza Prag\u0105, Karlowymi Warami i najpopularniejszymi kurortami. Pami\u0119tajcie tylko, \u017ce po przekroczeniu granicy przydaj\u0105 si\u0119 ju\u017c czeskie korony, cho\u0107 w wielu turystycznych miejscach mo\u017cna te\u017c p\u0142aci\u0107 kart\u0105.<\/p>\n\n\n\n<div class=\"wp-block-buttons is-content-justification-center is-layout-flex wp-container-core-buttons-is-layout-17 wp-block-buttons-is-layout-flex\">\n<div class=\"wp-block-button\"><a class=\"wp-block-button__link wp-element-button\" href=\"https:\/\/travelist.pl\/odkryj\/gory-opawskie\">Rezerwuj hotele w G\u00f3rach Opawskich TANIEJ na Travelist.pl&gt;&gt;<\/a><\/div>\n<\/div>\n\n\n\n<div style=\"height:9px\" aria-hidden=\"true\" class=\"wp-block-spacer\"><\/div>\n\n\n\n<h2 class=\"wp-block-heading\">Skansen Z\u0142ota w Zlatych Horach (Zlatorudn\u00e9 ml\u00fdny) \u2013 g\u00f3rnicze m\u0142yny i \u015bcie\u017cka edukacyjna w dolinie potoku<\/h2>\n\n\n\n<p>Skansen znajduje si\u0119 poza centrum, w Dolinie Zaginionych Sztol nad Ole\u0161nic\u0105. Lokalizacja nie jest przypadkowa. Ju\u017c w \u015bredniowieczu wykorzystywano tutaj wod\u0119 do rozmywania zboczy i pozyskiwania z\u0142otono\u015bnych osad\u00f3w. G\u00f3rnicy mieli wi\u0119c do dyspozycji co\u015b znacznie wi\u0119cej ni\u017c \u0142opat\u0119 i du\u017co cierpliwo\u015bci \u2013 potrafili zaprz\u0105c do pracy ca\u0142y potok.<\/p>\n\n\n<div class=\"wp-block-image\">\n<figure class=\"aligncenter size-large\"><a href=\"https:\/\/travelist.pl\/odkryj\/gory-opawskie\"><img loading=\"lazy\" decoding=\"async\" width=\"1024\" height=\"576\" data-attachment-id=\"46934\" data-permalink=\"https:\/\/travelist.pl\/magazyn\/skansen-zlota-w-zlatych-horach-1\" data-orig-file=\"https:\/\/travelist.pl\/magazyn\/wp-content\/uploads\/2026\/09\/Skansen-Zlota-w-Zlatych-Horach-1.jpg\" data-orig-size=\"1920,1080\" data-comments-opened=\"0\" data-image-meta=\"{&quot;aperture&quot;:&quot;0&quot;,&quot;credit&quot;:&quot;&quot;,&quot;camera&quot;:&quot;&quot;,&quot;caption&quot;:&quot;&quot;,&quot;created_timestamp&quot;:&quot;0&quot;,&quot;copyright&quot;:&quot;&quot;,&quot;focal_length&quot;:&quot;0&quot;,&quot;iso&quot;:&quot;0&quot;,&quot;shutter_speed&quot;:&quot;0&quot;,&quot;title&quot;:&quot;&quot;,&quot;orientation&quot;:&quot;0&quot;}\" data-image-title=\"Magazyn Travelist: Poznaj Polsk\u0119 poza utartym szlakiem: G\u00f3ry Opawskie \u2013Skansen Z\u0142ota w Zlatych Horach\" data-image-description=\"\" data-image-caption=\"\" data-medium-file=\"https:\/\/travelist.pl\/magazyn\/wp-content\/uploads\/2026\/09\/Skansen-Zlota-w-Zlatych-Horach-1-300x169.jpg\" data-large-file=\"https:\/\/travelist.pl\/magazyn\/wp-content\/uploads\/2026\/09\/Skansen-Zlota-w-Zlatych-Horach-1-1024x576.jpg\" src=\"https:\/\/travelist.pl\/magazyn\/wp-content\/uploads\/2026\/09\/Skansen-Zlota-w-Zlatych-Horach-1-1024x576.jpg\" alt=\"Magazyn Travelist: Poznaj Polsk\u0119 poza utartym szlakiem: G\u00f3ry Opawskie \u2013Skansen Z\u0142ota w Zlatych Horach\" class=\"wp-image-46934\" srcset=\"https:\/\/travelist.pl\/magazyn\/wp-content\/uploads\/2026\/09\/Skansen-Zlota-w-Zlatych-Horach-1-1024x576.jpg 1024w, https:\/\/travelist.pl\/magazyn\/wp-content\/uploads\/2026\/09\/Skansen-Zlota-w-Zlatych-Horach-1-300x169.jpg 300w, https:\/\/travelist.pl\/magazyn\/wp-content\/uploads\/2026\/09\/Skansen-Zlota-w-Zlatych-Horach-1-768x432.jpg 768w, https:\/\/travelist.pl\/magazyn\/wp-content\/uploads\/2026\/09\/Skansen-Zlota-w-Zlatych-Horach-1-1536x864.jpg 1536w, https:\/\/travelist.pl\/magazyn\/wp-content\/uploads\/2026\/09\/Skansen-Zlota-w-Zlatych-Horach-1-18x10.jpg 18w, https:\/\/travelist.pl\/magazyn\/wp-content\/uploads\/2026\/09\/Skansen-Zlota-w-Zlatych-Horach-1.jpg 1920w\" sizes=\"(max-width: 1024px) 100vw, 1024px\" \/><\/a><\/figure><\/div>\n\n\n<p>Najwi\u0119ksz\u0105 atrakcj\u0105 s\u0105 dzia\u0142aj\u0105ce repliki \u015bredniowiecznych m\u0142yn\u00f3w g\u00f3rniczych, wykonane na podstawie dawnych rysunk\u00f3w. Ko\u0142a wodne nap\u0119dzaj\u0105 drewniane mechanizmy, kt\u00f3re podczas pokaz\u00f3w krusz\u0105 z\u0142otono\u015bn\u0105 rud\u0119. To nie oryginalne \u015bredniowieczne budynki \u2013 obecne m\u0142yny uruchomiono w 2001 roku \u2013 ale w\u0142a\u015bnie mo\u017cliwo\u015b\u0107 zobaczenia ca\u0142ego mechanizmu w ruchu robi najwi\u0119ksze wra\u017cenie.<\/p>\n\n\n\n<p>Woda by\u0142a tutaj narz\u0119dziem pracy. Zachowany dawny kana\u0142 wykorzystywano do rozmywania zbocza nad Ole\u0161nic\u0105, sk\u0105d pozyskiwano osady zawieraj\u0105ce z\u0142oto. Dzi\u015b \u015bcie\u017cka edukacyjna opowiada zar\u00f3wno o tutejszej geologii i przyrodzie, jak i o sposobach, w jakie dawni g\u00f3rnicy pr\u00f3bowali wydoby\u0107 z ziemi cenny kruszec.<\/p>\n\n\n\n<figure class=\"wp-block-image size-large\"><a href=\"https:\/\/travelist.pl\/odkryj\/gory-opawskie\"><img loading=\"lazy\" decoding=\"async\" width=\"1024\" height=\"576\" data-attachment-id=\"46933\" data-permalink=\"https:\/\/travelist.pl\/magazyn\/skansen-zlota-w-zlatych-horach\" data-orig-file=\"https:\/\/travelist.pl\/magazyn\/wp-content\/uploads\/2026\/09\/Skansen-Zlota-w-Zlatych-Horach.jpg\" data-orig-size=\"1920,1080\" data-comments-opened=\"0\" data-image-meta=\"{&quot;aperture&quot;:&quot;0&quot;,&quot;credit&quot;:&quot;&quot;,&quot;camera&quot;:&quot;&quot;,&quot;caption&quot;:&quot;&quot;,&quot;created_timestamp&quot;:&quot;0&quot;,&quot;copyright&quot;:&quot;&quot;,&quot;focal_length&quot;:&quot;0&quot;,&quot;iso&quot;:&quot;0&quot;,&quot;shutter_speed&quot;:&quot;0&quot;,&quot;title&quot;:&quot;&quot;,&quot;orientation&quot;:&quot;0&quot;}\" data-image-title=\"Magazyn Travelist: Poznaj Polsk\u0119 poza utartym szlakiem: G\u00f3ry Opawskie \u2013Skansen Z\u0142ota w Zlatych Horach\" data-image-description=\"\" data-image-caption=\"\" data-medium-file=\"https:\/\/travelist.pl\/magazyn\/wp-content\/uploads\/2026\/09\/Skansen-Zlota-w-Zlatych-Horach-300x169.jpg\" data-large-file=\"https:\/\/travelist.pl\/magazyn\/wp-content\/uploads\/2026\/09\/Skansen-Zlota-w-Zlatych-Horach-1024x576.jpg\" src=\"https:\/\/travelist.pl\/magazyn\/wp-content\/uploads\/2026\/09\/Skansen-Zlota-w-Zlatych-Horach-1024x576.jpg\" alt=\"Magazyn Travelist: Poznaj Polsk\u0119 poza utartym szlakiem: G\u00f3ry Opawskie \u2013Skansen Z\u0142ota w Zlatych Horach\" class=\"wp-image-46933\" srcset=\"https:\/\/travelist.pl\/magazyn\/wp-content\/uploads\/2026\/09\/Skansen-Zlota-w-Zlatych-Horach-1024x576.jpg 1024w, https:\/\/travelist.pl\/magazyn\/wp-content\/uploads\/2026\/09\/Skansen-Zlota-w-Zlatych-Horach-300x169.jpg 300w, https:\/\/travelist.pl\/magazyn\/wp-content\/uploads\/2026\/09\/Skansen-Zlota-w-Zlatych-Horach-768x432.jpg 768w, https:\/\/travelist.pl\/magazyn\/wp-content\/uploads\/2026\/09\/Skansen-Zlota-w-Zlatych-Horach-1536x864.jpg 1536w, https:\/\/travelist.pl\/magazyn\/wp-content\/uploads\/2026\/09\/Skansen-Zlota-w-Zlatych-Horach-18x10.jpg 18w, https:\/\/travelist.pl\/magazyn\/wp-content\/uploads\/2026\/09\/Skansen-Zlota-w-Zlatych-Horach.jpg 1920w\" sizes=\"(max-width: 1024px) 100vw, 1024px\" \/><\/a><\/figure>\n\n\n\n<p>Jest te\u017c lokalna \u201emagiczna\u201d ciekawostka \u2013 miejsce, gdzie woda sprawia wra\u017cenie, jakby p\u0142yn\u0119\u0142a pod g\u00f3r\u0119. Grawitacja nie robi sobie jednak przerwy na czas zwiedzania. To efektowne z\u0142udzenie optyczne, kt\u00f3re nawet po poznaniu wyja\u015bnienia potrafi na chwil\u0119 oszuka\u0107 oczy.<\/p>\n\n\n\n<p>Podczas zwiedzania mo\u017cna nie tylko obserwowa\u0107 prac\u0119 m\u0142yn\u00f3w, ale te\u017c spr\u00f3bowa\u0107 w\u0142asnych si\u0142 w p\u0142ukaniu z\u0142ota. Nie spodziewajcie si\u0119 jednak samorodka wielko\u015bci orzecha w\u0142oskiego. Przy odrobinie szcz\u0119\u015bcia mo\u017cna wypatrzy\u0107 niewielkie drobiny \u2013 i szybko przekona\u0107 si\u0119, ile cierpliwo\u015bci wymaga\u0142o zaj\u0119cie dawnych poszukiwaczy.<\/p>\n\n\n\n<p>Skansen dobrze po\u0142\u0105czy\u0107 z muzeum w Zlatych Horach. Najpierw mo\u017cna pozna\u0107 histori\u0119 tutejszego g\u00f3rnictwa, zobaczy\u0107 minera\u0142y i dawne narz\u0119dzia, a p\u00f3\u017aniej sprawdzi\u0107 w terenie, jak cz\u0119\u015b\u0107 tej historii wygl\u0105da\u0142a w praktyce. Na spokojn\u0105 wizyt\u0119 w skansenie warto zarezerwowa\u0107 oko\u0142o dw\u00f3ch godzin.<\/p>\n\n\n\n<div class=\"wp-block-buttons is-content-justification-center is-layout-flex wp-container-core-buttons-is-layout-18 wp-block-buttons-is-layout-flex\">\n<div class=\"wp-block-button\"><a class=\"wp-block-button__link wp-element-button\" href=\"https:\/\/travelist.pl\/odkryj\/gory-opawskie\">Rezerwuj hotele w G\u00f3rach Opawskich TANIEJ na Travelist.pl&gt;&gt;<\/a><\/div>\n<\/div>\n\n\n\n<div style=\"height:14px\" aria-hidden=\"true\" class=\"wp-block-spacer\"><\/div>\n\n\n\n<h2 class=\"wp-block-heading\">Rezerwat Rejv\u00edz i Wielkie Torfowisko \u2013 spacer po drewnianych k\u0142adkach a\u017c do tajemniczego Mechowego Jeziorka<\/h2>\n\n\n\n<p>Rejv\u00edz le\u017cy wy\u017cej ni\u017c Zlat\u00e9 Hory, na szerokim p\u0142askowy\u017cu otoczonym lasami. Drewniane domy ci\u0105gn\u0105 si\u0119 wzd\u0142u\u017c drogi, pomi\u0119dzy nimi rozk\u0142adaj\u0105 si\u0119 \u0142\u0105ki, a ca\u0142a osada ma klimat miejsca lekko od\u0142\u0105czonego od \u015bwiata. Przynajmniej do momentu, kiedy w s\u0142oneczn\u0105 sobot\u0119 zape\u0142ni si\u0119 parking.<\/p>\n\n\n<div class=\"wp-block-image\">\n<figure class=\"aligncenter size-large\"><a href=\"https:\/\/travelist.pl\/odkryj\/gory-opawskie\"><img loading=\"lazy\" decoding=\"async\" width=\"1024\" height=\"576\" data-attachment-id=\"46929\" data-permalink=\"https:\/\/travelist.pl\/magazyn\/rezerwat-rejviz-i-wielkie-torfowisko-2\" data-orig-file=\"https:\/\/travelist.pl\/magazyn\/wp-content\/uploads\/2026\/09\/Rezerwat-Rejviz-i-Wielkie-Torfowisko-1.jpg\" data-orig-size=\"1920,1080\" data-comments-opened=\"0\" data-image-meta=\"{&quot;aperture&quot;:&quot;0&quot;,&quot;credit&quot;:&quot;&quot;,&quot;camera&quot;:&quot;&quot;,&quot;caption&quot;:&quot;&quot;,&quot;created_timestamp&quot;:&quot;0&quot;,&quot;copyright&quot;:&quot;&quot;,&quot;focal_length&quot;:&quot;0&quot;,&quot;iso&quot;:&quot;0&quot;,&quot;shutter_speed&quot;:&quot;0&quot;,&quot;title&quot;:&quot;&quot;,&quot;orientation&quot;:&quot;0&quot;}\" data-image-title=\"Magazyn Travelist: Poznaj Polsk\u0119 poza utartym szlakiem: G\u00f3ry Opawskie \u2013 ezerwat Rejv\u00edz i Wielkie Torfowisko\" data-image-description=\"\" data-image-caption=\"\" data-medium-file=\"https:\/\/travelist.pl\/magazyn\/wp-content\/uploads\/2026\/09\/Rezerwat-Rejviz-i-Wielkie-Torfowisko-1-300x169.jpg\" data-large-file=\"https:\/\/travelist.pl\/magazyn\/wp-content\/uploads\/2026\/09\/Rezerwat-Rejviz-i-Wielkie-Torfowisko-1-1024x576.jpg\" src=\"https:\/\/travelist.pl\/magazyn\/wp-content\/uploads\/2026\/09\/Rezerwat-Rejviz-i-Wielkie-Torfowisko-1-1024x576.jpg\" alt=\"Magazyn Travelist: Poznaj Polsk\u0119 poza utartym szlakiem: G\u00f3ry Opawskie \u2013 ezerwat Rejv\u00edz i Wielkie Torfowisko\" class=\"wp-image-46929\" srcset=\"https:\/\/travelist.pl\/magazyn\/wp-content\/uploads\/2026\/09\/Rezerwat-Rejviz-i-Wielkie-Torfowisko-1-1024x576.jpg 1024w, https:\/\/travelist.pl\/magazyn\/wp-content\/uploads\/2026\/09\/Rezerwat-Rejviz-i-Wielkie-Torfowisko-1-300x169.jpg 300w, https:\/\/travelist.pl\/magazyn\/wp-content\/uploads\/2026\/09\/Rezerwat-Rejviz-i-Wielkie-Torfowisko-1-768x432.jpg 768w, https:\/\/travelist.pl\/magazyn\/wp-content\/uploads\/2026\/09\/Rezerwat-Rejviz-i-Wielkie-Torfowisko-1-1536x864.jpg 1536w, https:\/\/travelist.pl\/magazyn\/wp-content\/uploads\/2026\/09\/Rezerwat-Rejviz-i-Wielkie-Torfowisko-1-18x10.jpg 18w, https:\/\/travelist.pl\/magazyn\/wp-content\/uploads\/2026\/09\/Rezerwat-Rejviz-i-Wielkie-Torfowisko-1.jpg 1920w\" sizes=\"(max-width: 1024px) 100vw, 1024px\" \/><\/a><\/figure><\/div>\n\n\n<p>Najwi\u0119ksz\u0105 atrakcj\u0105 jest narodowy rezerwat chroni\u0105cy najwi\u0119ksze torfowisko wysokie na Morawach i \u015al\u0105sku. Torf zacz\u0105\u0142 tworzy\u0107 si\u0119 tutaj oko\u0142o 7 tys. lat temu. W p\u0142ytkim zag\u0142\u0119bieniu z nieprzepuszczalnym pod\u0142o\u017cem zatrzymywa\u0142a si\u0119 woda, torfowce ros\u0142y warstwa po warstwie, a z czasem powsta\u0142 krajobraz zupe\u0142nie inny od reszty G\u00f3r Opawskich.<\/p>\n\n\n\n<p>Pocz\u0105tek trasy prowadzi zwyk\u0142\u0105 le\u015bn\u0105 drog\u0105. Dopiero dalej pojawiaj\u0105 si\u0119 drewniane k\u0142adki przecinaj\u0105ce najbardziej podmok\u0142\u0105 cz\u0119\u015b\u0107 rezerwatu. I tutaj zasada jest prosta: z wyznaczonej trasy nie schodzimy. Torfowisko wygl\u0105da na odporne i dzikie, ale w rzeczywisto\u015bci jest bardzo delikatnym ekosystemem, kt\u00f3ry \u0142atwo uszkodzi\u0107 jednym niepotrzebnym skr\u00f3tem.<\/p>\n\n\n\n<p>Celem spaceru jest Wielkie Mechowe Jeziorko, ciemny zbiornik otoczony torfowiskiem i podmok\u0142ym lasem. Brunatny kolor wody nie oznacza zanieczyszczenia \u2013 jest naturalny dla torfowisk i wi\u0105\u017ce si\u0119 z du\u017c\u0105 zawarto\u015bci\u0105 substancji humusowych. Kr\u00f3tko m\u00f3wi\u0105c: ciemne tak, brudne nie.<\/p>\n\n\n<div class=\"wp-block-image\">\n<figure class=\"aligncenter size-large\"><a href=\"https:\/\/travelist.pl\/odkryj\/gory-opawskie\"><img loading=\"lazy\" decoding=\"async\" width=\"1024\" height=\"576\" data-attachment-id=\"46928\" data-permalink=\"https:\/\/travelist.pl\/magazyn\/rezerwat-rejviz-i-wielkie-torfowisko\" data-orig-file=\"https:\/\/travelist.pl\/magazyn\/wp-content\/uploads\/2026\/09\/Rezerwat-Rejviz-i-Wielkie-Torfowisko.jpg\" data-orig-size=\"1920,1080\" data-comments-opened=\"0\" data-image-meta=\"{&quot;aperture&quot;:&quot;0&quot;,&quot;credit&quot;:&quot;&quot;,&quot;camera&quot;:&quot;&quot;,&quot;caption&quot;:&quot;&quot;,&quot;created_timestamp&quot;:&quot;0&quot;,&quot;copyright&quot;:&quot;&quot;,&quot;focal_length&quot;:&quot;0&quot;,&quot;iso&quot;:&quot;0&quot;,&quot;shutter_speed&quot;:&quot;0&quot;,&quot;title&quot;:&quot;&quot;,&quot;orientation&quot;:&quot;0&quot;}\" data-image-title=\"Magazyn Travelist: Poznaj Polsk\u0119 poza utartym szlakiem: G\u00f3ry Opawskie \u2013 ezerwat Rejv\u00edz i Wielkie Torfowisko\" data-image-description=\"\" data-image-caption=\"\" data-medium-file=\"https:\/\/travelist.pl\/magazyn\/wp-content\/uploads\/2026\/09\/Rezerwat-Rejviz-i-Wielkie-Torfowisko-300x169.jpg\" data-large-file=\"https:\/\/travelist.pl\/magazyn\/wp-content\/uploads\/2026\/09\/Rezerwat-Rejviz-i-Wielkie-Torfowisko-1024x576.jpg\" src=\"https:\/\/travelist.pl\/magazyn\/wp-content\/uploads\/2026\/09\/Rezerwat-Rejviz-i-Wielkie-Torfowisko-1024x576.jpg\" alt=\"Magazyn Travelist: Poznaj Polsk\u0119 poza utartym szlakiem: G\u00f3ry Opawskie \u2013 ezerwat Rejv\u00edz i Wielkie Torfowisko\" class=\"wp-image-46928\" srcset=\"https:\/\/travelist.pl\/magazyn\/wp-content\/uploads\/2026\/09\/Rezerwat-Rejviz-i-Wielkie-Torfowisko-1024x576.jpg 1024w, https:\/\/travelist.pl\/magazyn\/wp-content\/uploads\/2026\/09\/Rezerwat-Rejviz-i-Wielkie-Torfowisko-300x169.jpg 300w, https:\/\/travelist.pl\/magazyn\/wp-content\/uploads\/2026\/09\/Rezerwat-Rejviz-i-Wielkie-Torfowisko-768x432.jpg 768w, https:\/\/travelist.pl\/magazyn\/wp-content\/uploads\/2026\/09\/Rezerwat-Rejviz-i-Wielkie-Torfowisko-1536x864.jpg 1536w, https:\/\/travelist.pl\/magazyn\/wp-content\/uploads\/2026\/09\/Rezerwat-Rejviz-i-Wielkie-Torfowisko-18x10.jpg 18w, https:\/\/travelist.pl\/magazyn\/wp-content\/uploads\/2026\/09\/Rezerwat-Rejviz-i-Wielkie-Torfowisko.jpg 1920w\" sizes=\"(max-width: 1024px) 100vw, 1024px\" \/><\/a><\/figure><\/div>\n\n\n<p>Rosn\u0105 tu m.in. torfowce i rosiczka okr\u0105g\u0142olistna, a podmok\u0142y las ma momentami do\u015b\u0107 surowy wygl\u0105d. Cz\u0119\u015b\u0107 drzew ro\u015bnie bardzo powoli, inne obumieraj\u0105, pozostawiaj\u0105c suche pnie nad mokrad\u0142em. To nie zaniedbanie, tylko torfowisko dzia\u0142aj\u0105ce wed\u0142ug w\u0142asnych zasad.<\/p>\n\n\n\n<p>Kondycyjnie spacer nie jest wymagaj\u0105cy, ale mokre drewniane k\u0142adki potrafi\u0105 by\u0107 \u015bliskie. Na trasie znajduje si\u0119 kasa, w kt\u00f3rej pobierana jest op\u0142ata przeznaczona na utrzymanie \u015bcie\u017cki, dlatego przed przyjazdem warto sprawdzi\u0107 aktualne warunki zwiedzania.<\/p>\n\n\n\n<p>Rejv\u00edz bardzo dobrze zamyka podr\u00f3\u017c po G\u00f3rach Opawskich. Po kamienio\u0142omach, g\u00f3rniczych m\u0142ynach, wie\u017cach i szczytach trafiamy do krajobrazu, kt\u00f3ry rozwija\u0142 si\u0119 przez tysi\u0105ce lat niemal w\u0142asnym rytmem. Drewniana k\u0142adka prowadz\u0105ca przez mokrad\u0142a do ciemnego jeziorka pokazuje zupe\u0142nie inn\u0105 twarz tych g\u00f3r \u2013 spokojn\u0105, wilgotn\u0105 i dzia\u0142aj\u0105c\u0105 w tempie, kt\u00f3rego nie mierzy si\u0119 sezonami, lecz tysi\u0105cleciami.<\/p>\n\n\n\n<div class=\"wp-block-buttons is-content-justification-center is-layout-flex wp-container-core-buttons-is-layout-19 wp-block-buttons-is-layout-flex\">\n<div class=\"wp-block-button\"><a class=\"wp-block-button__link wp-element-button\" href=\"https:\/\/travelist.pl\/odkryj\/gory-opawskie\">Rezerwuj hotele w G\u00f3rach Opawskich TANIEJ na Travelist.pl&gt;&gt;<\/a><\/div>\n<\/div>\n\n\n\n<div class=\"wp-block-cover alignfull is-light has-parallax\"><span aria-hidden=\"true\" class=\"wp-block-cover__background has-background-dim\" style=\"background-color:#9c8666\"><\/span><div role=\"img\" aria-label=\"G\u00f3ry Opawskie \u2013 gdzie zje\u015b\u0107?\" class=\"wp-block-cover__image-background wp-image-46947 has-parallax\" style=\"background-position:50% 50%;background-image:url(https:\/\/travelist.pl\/magazyn\/wp-content\/uploads\/2026\/09\/shutterstock_2719882549-1.jpg)\"><\/div><div class=\"wp-block-cover__inner-container is-layout-constrained wp-block-cover-is-layout-constrained\">\n<h2 class=\"wp-block-heading has-text-align-center has-large-font-size\">G\u00f3ry Opawskie \u2013 gdzie zje\u015b\u0107?<\/h2>\n<\/div><\/div>\n\n\n\n<div style=\"height:10px\" aria-hidden=\"true\" class=\"wp-block-spacer\"><\/div>\n\n\n\n<h2 class=\"wp-block-heading\"><\/h2>\n\n\n\n<p>Kuchnia G\u00f3r Opawskich ma charakter pogranicza \u2013 spotykaj\u0105 si\u0119 tu tradycje \u015bl\u0105skie, polskie i czeskie. Warto wi\u0119c po zej\u015bciu ze szlaku poszuka\u0107 nie tylko schabowego, ale te\u017c rolady, klusek \u015bl\u0105skich, wodzionki czy innych regionalnych smak\u00f3w.<\/p>\n\n\n\n<p><strong>D\u0119bowy Go\u015bciniec<\/strong><\/p>\n\n\n\n<p>Jeden z najlepszych adres\u00f3w na regionalny obiad znajdziecie w Pokrzywnej, praktycznie u st\u00f3p g\u00f3r. W menu D\u0119bowego Go\u015bci\u0144ca pojawiaj\u0105 si\u0119 \u015bl\u0105skie klasyki, m.in. wodzionka, harynki w cebulowej zo\u0142zie, \u015al\u0105skie Niebo i ko\u0142ocz \u015bl\u0105ski, a tak\u017ce dania inspirowane lasem \u2013 z grzybami, owocami le\u015bnymi czy dziczyzn\u0105. Na deser warto zostawi\u0107 miejsce na specjalno\u015b\u0107 lokalu, czyli parfait cha\u0142wowe.<\/p>\n\n\n\n<p><strong>Bia\u0142a Akacja<\/strong><\/p>\n\n\n\n<p>Nieco dalej, w \u0141\u0105ce Prudnickiej, warto zajrze\u0107 do Bia\u0142ej Akacji. Karta jest szeroka, ale najlepiej celowa\u0107 w sekcj\u0119 swojskiego jad\u0142a. Znajdziecie tam rolad\u0119 \u015bl\u0105sk\u0105 z kluskami i modr\u0105 kapust\u0105, \u017curek na zakwasie czy placek po zb\u00f3jnicku. Ciekaw\u0105 propozycj\u0105 jest te\u017c pstr\u0105g ze Z\u0142otego Potoku. Latem dodatkowym atutem jest ogr\u00f3dek z widokiem na ziele\u0144 i g\u00f3ry.<\/p>\n\n\n\n<div class=\"wp-block-buttons is-content-justification-center is-layout-flex wp-container-core-buttons-is-layout-20 wp-block-buttons-is-layout-flex\">\n<div class=\"wp-block-button\"><a class=\"wp-block-button__link wp-element-button\" href=\"https:\/\/travelist.pl\/odkryj\/gory-opawskie\">Rezerwuj hotele w G\u00f3rach Opawskich TANIEJ na Travelist.pl&gt;&gt;<\/a><\/div>\n<\/div>\n\n\n\n<div style=\"height:22px\" aria-hidden=\"true\" class=\"wp-block-spacer\"><\/div>\n\n\n\n<div class=\"wp-block-cover alignfull has-parallax\"><span aria-hidden=\"true\" class=\"wp-block-cover__background has-background-dim\" style=\"background-color:#386e81\"><\/span><div role=\"img\" aria-label=\"Magazyn Travelist: Poznaj Polsk\u0119 poza utartym szlakiem: G\u00f3ry Opawskie \u2013 Hotel Gorzelanny\" class=\"wp-block-cover__image-background wp-image-33470 has-parallax\" style=\"background-position:50% 50%;background-image:url(https:\/\/travelist.pl\/magazyn\/wp-content\/uploads\/2024\/06\/Gorzelanny-male-2-min.jpg)\"><\/div><div class=\"wp-block-cover__inner-container is-layout-constrained wp-block-cover-is-layout-constrained\">\n<h2 class=\"wp-block-heading has-text-align-center has-large-font-size\">G\u00f3ry Opawskie \u2013 gdzie si\u0119 zatrzyma\u0107?<\/h2>\n<\/div><\/div>\n\n\n\n<div style=\"height:12px\" aria-hidden=\"true\" class=\"wp-block-spacer\"><\/div>\n\n\n\n<h2 class=\"wp-block-heading\"><\/h2>\n\n\n\n<p>Po ca\u0142ym dniu na szlaku dobrze mie\u0107 baz\u0119, z kt\u00f3rej nie trzeba ju\u017c nigdzie jecha\u0107. <a href=\"https:\/\/travelist.pl\/117895\/polska-gory-opawskie-jarnoltowek-gorzelanny\/\">Hotel Gorzelanny****<\/a> w Pokrzywnej le\u017cy w otoczeniu las\u00f3w, w s\u0105siedztwie le\u015bnego k\u0105pieliska i blisko najwa\u017cniejszych atrakcji G\u00f3r Opawskich, co czyni go szczeg\u00f3lnie atrakcyjn\u0105 propozycj\u0105 dla rodzin. <\/p>\n\n\n\n<div class=\"wp-block-jetpack-tiled-gallery alignwide is-style-columns\"><div class=\"tiled-gallery__gallery\"><div class=\"tiled-gallery__row\"><div class=\"tiled-gallery__col\" style=\"flex-basis:29.41542%\"><figure class=\"tiled-gallery__item\"><img decoding=\"async\" data-attachment-id=\"33143\" data-permalink=\"https:\/\/travelist.pl\/magazyn\/hotel-gorzelanny_139329_gallery_1140x620\" data-orig-file=\"https:\/\/travelist.pl\/magazyn\/wp-content\/uploads\/2024\/05\/hotel-gorzelanny_139329_gallery_1140x620.jpg\" data-orig-size=\"1140,620\" data-comments-opened=\"0\" data-image-meta=\"{&quot;aperture&quot;:&quot;0&quot;,&quot;credit&quot;:&quot;&quot;,&quot;camera&quot;:&quot;&quot;,&quot;caption&quot;:&quot;&quot;,&quot;created_timestamp&quot;:&quot;0&quot;,&quot;copyright&quot;:&quot;&quot;,&quot;focal_length&quot;:&quot;0&quot;,&quot;iso&quot;:&quot;0&quot;,&quot;shutter_speed&quot;:&quot;0&quot;,&quot;title&quot;:&quot;&quot;,&quot;orientation&quot;:&quot;0&quot;}\" data-image-title=\"hotel-gorzelanny_139329_gallery_1140x620\" data-image-description=\"\" data-image-caption=\"\" data-medium-file=\"https:\/\/travelist.pl\/magazyn\/wp-content\/uploads\/2024\/05\/hotel-gorzelanny_139329_gallery_1140x620-300x163.jpg\" data-large-file=\"https:\/\/travelist.pl\/magazyn\/wp-content\/uploads\/2024\/05\/hotel-gorzelanny_139329_gallery_1140x620-1024x557.jpg\" data-attachment-id=\"33143\" data-permalink=\"https:\/\/travelist.pl\/magazyn\/hotel-gorzelanny_139329_gallery_1140x620\" data-orig-file=\"https:\/\/travelist.pl\/magazyn\/wp-content\/uploads\/2024\/05\/hotel-gorzelanny_139329_gallery_1140x620.jpg\" data-orig-size=\"1140,620\" data-comments-opened=\"0\" data-image-meta=\"{&quot;aperture&quot;:&quot;0&quot;,&quot;credit&quot;:&quot;&quot;,&quot;camera&quot;:&quot;&quot;,&quot;caption&quot;:&quot;&quot;,&quot;created_timestamp&quot;:&quot;0&quot;,&quot;copyright&quot;:&quot;&quot;,&quot;focal_length&quot;:&quot;0&quot;,&quot;iso&quot;:&quot;0&quot;,&quot;shutter_speed&quot;:&quot;0&quot;,&quot;title&quot;:&quot;&quot;,&quot;orientation&quot;:&quot;0&quot;}\" data-image-title=\"hotel-gorzelanny_139329_gallery_1140x620\" data-image-description=\"\" data-image-caption=\"\" data-medium-file=\"https:\/\/travelist.pl\/magazyn\/wp-content\/uploads\/2024\/05\/hotel-gorzelanny_139329_gallery_1140x620-300x163.jpg\" data-large-file=\"https:\/\/travelist.pl\/magazyn\/wp-content\/uploads\/2024\/05\/hotel-gorzelanny_139329_gallery_1140x620-1024x557.jpg\" srcset=\"https:\/\/i1.wp.com\/magazyn.travelist.pl\/wp-content\/uploads\/2024\/05\/hotel-gorzelanny_139329_gallery_1140x620-1024x557.jpg?strip=info&#038;w=600&#038;ssl=1 600w,https:\/\/i1.wp.com\/magazyn.travelist.pl\/wp-content\/uploads\/2024\/05\/hotel-gorzelanny_139329_gallery_1140x620-1024x557.jpg?strip=info&#038;w=900&#038;ssl=1 900w,https:\/\/i1.wp.com\/magazyn.travelist.pl\/wp-content\/uploads\/2024\/05\/hotel-gorzelanny_139329_gallery_1140x620-1024x557.jpg?strip=info&#038;w=1140&#038;ssl=1 1140w\" alt=\"\" data-height=\"620\" data-id=\"33143\" data-link=\"https:\/\/travelist.pl\/magazyn\/hotel-gorzelanny_139329_gallery_1140x620\" data-url=\"https:\/\/travelist.pl\/magazyn\/wp-content\/uploads\/2024\/05\/hotel-gorzelanny_139329_gallery_1140x620-1024x557.jpg\" data-width=\"1140\" src=\"https:\/\/i1.wp.com\/magazyn.travelist.pl\/wp-content\/uploads\/2024\/05\/hotel-gorzelanny_139329_gallery_1140x620-1024x557.jpg?ssl=1\" data-amp-layout=\"responsive\"\/><\/figure><figure class=\"tiled-gallery__item\"><img decoding=\"async\" data-attachment-id=\"33469\" data-permalink=\"https:\/\/travelist.pl\/magazyn\/hotelowy-top-miesiaca-na-travelist-pl\/gorzelanny-male-3-min\" data-orig-file=\"https:\/\/travelist.pl\/magazyn\/wp-content\/uploads\/2024\/06\/Gorzelanny-male-3-min.jpg\" data-orig-size=\"1600,1200\" data-comments-opened=\"0\" data-image-meta=\"{&quot;aperture&quot;:&quot;0&quot;,&quot;credit&quot;:&quot;&quot;,&quot;camera&quot;:&quot;&quot;,&quot;caption&quot;:&quot;&quot;,&quot;created_timestamp&quot;:&quot;0&quot;,&quot;copyright&quot;:&quot;&quot;,&quot;focal_length&quot;:&quot;0&quot;,&quot;iso&quot;:&quot;0&quot;,&quot;shutter_speed&quot;:&quot;0&quot;,&quot;title&quot;:&quot;&quot;,&quot;orientation&quot;:&quot;0&quot;}\" data-image-title=\"Gorzelanny male 3-min\" data-image-description=\"\" data-image-caption=\"\" data-medium-file=\"https:\/\/travelist.pl\/magazyn\/wp-content\/uploads\/2024\/06\/Gorzelanny-male-3-min-300x225.jpg\" data-large-file=\"https:\/\/travelist.pl\/magazyn\/wp-content\/uploads\/2024\/06\/Gorzelanny-male-3-min-1024x768.jpg\" data-attachment-id=\"33469\" data-permalink=\"https:\/\/travelist.pl\/magazyn\/hotelowy-top-miesiaca-na-travelist-pl\/gorzelanny-male-3-min\" data-orig-file=\"https:\/\/travelist.pl\/magazyn\/wp-content\/uploads\/2024\/06\/Gorzelanny-male-3-min.jpg\" data-orig-size=\"1600,1200\" data-comments-opened=\"0\" data-image-meta=\"{&quot;aperture&quot;:&quot;0&quot;,&quot;credit&quot;:&quot;&quot;,&quot;camera&quot;:&quot;&quot;,&quot;caption&quot;:&quot;&quot;,&quot;created_timestamp&quot;:&quot;0&quot;,&quot;copyright&quot;:&quot;&quot;,&quot;focal_length&quot;:&quot;0&quot;,&quot;iso&quot;:&quot;0&quot;,&quot;shutter_speed&quot;:&quot;0&quot;,&quot;title&quot;:&quot;&quot;,&quot;orientation&quot;:&quot;0&quot;}\" data-image-title=\"Gorzelanny male 3-min\" data-image-description=\"\" data-image-caption=\"\" data-medium-file=\"https:\/\/travelist.pl\/magazyn\/wp-content\/uploads\/2024\/06\/Gorzelanny-male-3-min-300x225.jpg\" data-large-file=\"https:\/\/travelist.pl\/magazyn\/wp-content\/uploads\/2024\/06\/Gorzelanny-male-3-min-1024x768.jpg\" srcset=\"https:\/\/i0.wp.com\/magazyn.travelist.pl\/wp-content\/uploads\/2024\/06\/Gorzelanny-male-3-min-1024x768.jpg?strip=info&#038;w=600&#038;ssl=1 600w,https:\/\/i0.wp.com\/magazyn.travelist.pl\/wp-content\/uploads\/2024\/06\/Gorzelanny-male-3-min-1024x768.jpg?strip=info&#038;w=900&#038;ssl=1 900w,https:\/\/i0.wp.com\/magazyn.travelist.pl\/wp-content\/uploads\/2024\/06\/Gorzelanny-male-3-min-1024x768.jpg?strip=info&#038;w=1200&#038;ssl=1 1200w,https:\/\/i0.wp.com\/magazyn.travelist.pl\/wp-content\/uploads\/2024\/06\/Gorzelanny-male-3-min-1024x768.jpg?strip=info&#038;w=1500&#038;ssl=1 1500w,https:\/\/i0.wp.com\/magazyn.travelist.pl\/wp-content\/uploads\/2024\/06\/Gorzelanny-male-3-min-1024x768.jpg?strip=info&#038;w=1600&#038;ssl=1 1600w\" alt=\"\" data-height=\"1200\" data-id=\"33469\" data-link=\"https:\/\/travelist.pl\/magazyn\/hotelowy-top-miesiaca-na-travelist-pl\/gorzelanny-male-3-min\" data-url=\"https:\/\/travelist.pl\/magazyn\/wp-content\/uploads\/2024\/06\/Gorzelanny-male-3-min-1024x768.jpg\" data-width=\"1600\" src=\"https:\/\/i0.wp.com\/magazyn.travelist.pl\/wp-content\/uploads\/2024\/06\/Gorzelanny-male-3-min-1024x768.jpg?ssl=1\" data-amp-layout=\"responsive\"\/><\/figure><\/div><div class=\"tiled-gallery__col\" style=\"flex-basis:70.58458%\"><figure class=\"tiled-gallery__item\"><img decoding=\"async\" data-attachment-id=\"46951\" data-permalink=\"https:\/\/travelist.pl\/magazyn\/351c26e3891bd53ec6b40b5138f5bc1b-1\" data-orig-file=\"https:\/\/travelist.pl\/magazyn\/wp-content\/uploads\/2026\/09\/351c26e3891bd53ec6b40b5138f5bc1b-1.jpg\" data-orig-size=\"1920,1040\" data-comments-opened=\"0\" data-image-meta=\"{&quot;aperture&quot;:&quot;0&quot;,&quot;credit&quot;:&quot;&quot;,&quot;camera&quot;:&quot;&quot;,&quot;caption&quot;:&quot;&quot;,&quot;created_timestamp&quot;:&quot;0&quot;,&quot;copyright&quot;:&quot;&quot;,&quot;focal_length&quot;:&quot;0&quot;,&quot;iso&quot;:&quot;0&quot;,&quot;shutter_speed&quot;:&quot;0&quot;,&quot;title&quot;:&quot;&quot;,&quot;orientation&quot;:&quot;0&quot;}\" data-image-title=\"351c26e3891bd53ec6b40b5138f5bc1b (1)\" data-image-description=\"\" data-image-caption=\"\" data-medium-file=\"https:\/\/travelist.pl\/magazyn\/wp-content\/uploads\/2026\/09\/351c26e3891bd53ec6b40b5138f5bc1b-1-300x163.jpg\" data-large-file=\"https:\/\/travelist.pl\/magazyn\/wp-content\/uploads\/2026\/09\/351c26e3891bd53ec6b40b5138f5bc1b-1-1024x555.jpg\" data-attachment-id=\"46951\" data-permalink=\"https:\/\/travelist.pl\/magazyn\/351c26e3891bd53ec6b40b5138f5bc1b-1\" data-orig-file=\"https:\/\/travelist.pl\/magazyn\/wp-content\/uploads\/2026\/09\/351c26e3891bd53ec6b40b5138f5bc1b-1.jpg\" data-orig-size=\"1920,1040\" data-comments-opened=\"0\" data-image-meta=\"{&quot;aperture&quot;:&quot;0&quot;,&quot;credit&quot;:&quot;&quot;,&quot;camera&quot;:&quot;&quot;,&quot;caption&quot;:&quot;&quot;,&quot;created_timestamp&quot;:&quot;0&quot;,&quot;copyright&quot;:&quot;&quot;,&quot;focal_length&quot;:&quot;0&quot;,&quot;iso&quot;:&quot;0&quot;,&quot;shutter_speed&quot;:&quot;0&quot;,&quot;title&quot;:&quot;&quot;,&quot;orientation&quot;:&quot;0&quot;}\" data-image-title=\"351c26e3891bd53ec6b40b5138f5bc1b (1)\" data-image-description=\"\" data-image-caption=\"\" data-medium-file=\"https:\/\/travelist.pl\/magazyn\/wp-content\/uploads\/2026\/09\/351c26e3891bd53ec6b40b5138f5bc1b-1-300x163.jpg\" data-large-file=\"https:\/\/travelist.pl\/magazyn\/wp-content\/uploads\/2026\/09\/351c26e3891bd53ec6b40b5138f5bc1b-1-1024x555.jpg\" srcset=\"https:\/\/i0.wp.com\/magazyn.travelist.pl\/wp-content\/uploads\/2026\/09\/351c26e3891bd53ec6b40b5138f5bc1b-1-1024x555.jpg?strip=info&#038;w=600&#038;ssl=1 600w,https:\/\/i0.wp.com\/magazyn.travelist.pl\/wp-content\/uploads\/2026\/09\/351c26e3891bd53ec6b40b5138f5bc1b-1-1024x555.jpg?strip=info&#038;w=900&#038;ssl=1 900w,https:\/\/i0.wp.com\/magazyn.travelist.pl\/wp-content\/uploads\/2026\/09\/351c26e3891bd53ec6b40b5138f5bc1b-1-1024x555.jpg?strip=info&#038;w=1200&#038;ssl=1 1200w,https:\/\/i0.wp.com\/magazyn.travelist.pl\/wp-content\/uploads\/2026\/09\/351c26e3891bd53ec6b40b5138f5bc1b-1-1024x555.jpg?strip=info&#038;w=1500&#038;ssl=1 1500w,https:\/\/i0.wp.com\/magazyn.travelist.pl\/wp-content\/uploads\/2026\/09\/351c26e3891bd53ec6b40b5138f5bc1b-1-1024x555.jpg?strip=info&#038;w=1800&#038;ssl=1 1800w,https:\/\/i0.wp.com\/magazyn.travelist.pl\/wp-content\/uploads\/2026\/09\/351c26e3891bd53ec6b40b5138f5bc1b-1-1024x555.jpg?strip=info&#038;w=1920&#038;ssl=1 1920w\" alt=\"\" data-height=\"1040\" data-id=\"46951\" data-link=\"https:\/\/travelist.pl\/magazyn\/351c26e3891bd53ec6b40b5138f5bc1b-1\" data-url=\"https:\/\/travelist.pl\/magazyn\/wp-content\/uploads\/2026\/09\/351c26e3891bd53ec6b40b5138f5bc1b-1-1024x555.jpg\" data-width=\"1920\" src=\"https:\/\/i0.wp.com\/magazyn.travelist.pl\/wp-content\/uploads\/2026\/09\/351c26e3891bd53ec6b40b5138f5bc1b-1-1024x555.jpg?ssl=1\" data-amp-layout=\"responsive\"\/><\/figure><\/div><\/div><\/div><\/div>\n\n\n\n<p>Na miejscu czekaj\u0105 basen, jacuzzi, sauny, kr\u0119gielnia i strefa wellness, a w sezonie letnim r\u00f3wnie\u017c wodne atrakcje dla najm\u0142odszych. Tu\u017c obok znajduje si\u0119 tak\u017ce rodzinny park Rosenau \u2013 Zaginione Miasto. W wybranych pakietach oferty na<a href=\"http:\/\/travelist.pl\"> Travelist.pl<\/a> pobyt dost\u0119pny jest w formule All Inclusive ze \u015bniadaniami, obiadokolacjami i open barem, wi\u0119c po g\u00f3rskiej wycieczce mo\u017cna ju\u017c ca\u0142kowicie prze\u0142\u0105czy\u0107 si\u0119 na tryb wypoczynku.<\/p>\n\n\n\n<div class=\"wp-block-buttons is-content-justification-center is-layout-flex wp-container-core-buttons-is-layout-21 wp-block-buttons-is-layout-flex\">\n<div class=\"wp-block-button\"><a class=\"wp-block-button__link wp-element-button\" href=\"https:\/\/travelist.pl\/117895\/polska-gory-opawskie-jarnoltowek-gorzelanny\/\">Rezerwuj pobyt w Hotelu Gorzelanny **** TANIEJ na Travelist.pl&gt;&gt; <\/a><\/div>\n<\/div>\n","protected":false},"excerpt":{"rendered":"<p>Zacienione doliny, skalne ambony, dawne kamienio\u0142omy, bystre potoki i \u015blady poszukiwaczy z\u0142ota ukryte w lasach&#8230; cho\u0107 G\u00f3ry Opawskie stanowi\u0105 jedno z najmniejszych pasm polskich Sudet\u00f3w, [&hellip;]<\/p>\n","protected":false},"author":2729,"featured_media":46911,"comment_status":"closed","ping_status":"closed","sticky":false,"template":"","format":"standard","meta":{"_editorskit_title_hidden":false,"_editorskit_reading_time":0,"_editorskit_is_block_options_detached":false,"_editorskit_block_options_position":"{}","footnotes":""},"categories":[1551,479],"tags":[],"class_list":["post-46904","post","type-post","status-publish","format-standard","has-post-thumbnail","hentry","category-poznaj-polske-poza-utartym-szlakiem","category-poznaj_polske"],"jetpack_sharing_enabled":true,"jetpack_featured_media_url":"https:\/\/magazyn.travelist.pl\/wp-content\/uploads\/2026\/09\/GLOWNE-Poznaj-Polske.-Gory-Opawskie.jpg","jetpack-related-posts":[{"id":10202,"url":"https:\/\/magazyn.travelist.pl\/poznaj-polske-nowy-cykl-inspiracji","url_meta":{"origin":46904,"position":0},"title":"Poznaj Polsk\u0119 z Travelist \u2013 nowy cykl inspiracji","author":"Redakcja Travelist","date":"19 czerwca 2020","format":false,"excerpt":"W tym sezonie wybieramy Polsk\u0119. Bo jest bezpieczniej, bo mo\u017cna tu fantastycznie wypocz\u0105\u0107, bo ka\u017cdy znajdzie tu co\u015b dla siebie \u2013 a przede wszystkim wci\u0105\u017c jest tu mn\u00f3stwo do odkrycia. Dlatego ju\u017c od 22 czerwca ruszamy z zupe\u0142nie now\u0105, inspiruj\u0105c\u0105 akcj\u0105 \u201ePoznaj Polsk\u0119 z Travelist\u201d. Co tydzie\u0144 b\u0119dziemy wam prezentowa\u0107\u2026","rel":"","context":"In &quot;Co nowego&quot;","block_context":{"text":"Co nowego","link":"https:\/\/magazyn.travelist.pl\/co_nowego"},"img":{"alt_text":"","src":"https:\/\/i0.wp.com\/magazyn.travelist.pl\/wp-content\/uploads\/2020\/06\/DJI_0799-KRUTYNIA.jpg?resize=350%2C200&ssl=1","width":350,"height":200,"srcset":"https:\/\/i0.wp.com\/magazyn.travelist.pl\/wp-content\/uploads\/2020\/06\/DJI_0799-KRUTYNIA.jpg?resize=350%2C200&ssl=1 1x, https:\/\/i0.wp.com\/magazyn.travelist.pl\/wp-content\/uploads\/2020\/06\/DJI_0799-KRUTYNIA.jpg?resize=525%2C300&ssl=1 1.5x, https:\/\/i0.wp.com\/magazyn.travelist.pl\/wp-content\/uploads\/2020\/06\/DJI_0799-KRUTYNIA.jpg?resize=700%2C400&ssl=1 2x, https:\/\/i0.wp.com\/magazyn.travelist.pl\/wp-content\/uploads\/2020\/06\/DJI_0799-KRUTYNIA.jpg?resize=1050%2C600&ssl=1 3x, https:\/\/i0.wp.com\/magazyn.travelist.pl\/wp-content\/uploads\/2020\/06\/DJI_0799-KRUTYNIA.jpg?resize=1400%2C800&ssl=1 4x"},"classes":[]},{"id":46728,"url":"https:\/\/magazyn.travelist.pl\/jezioro-miedzybrodzkie-i-okolice","url_meta":{"origin":46904,"position":1},"title":"Poznaj Polsk\u0119 poza utartym szlakiem: Jezioro Mi\u0119dzybrodzkie i okolice","author":"Anna K\u0119dzierska","date":"24 sierpnia 2026","format":false,"excerpt":"G\u00f3rskie jezioro wci\u015bni\u0119te mi\u0119dzy beskidzkie zbocza, szybowce nad G\u00f3r\u0105 \u017bar, pot\u0119\u017cne zapory i ogromny zbiornik wodny na szczycie g\u00f3ry. Do tego pla\u017ce, widokowe szlaki, rodzinne atrakcje i \u017bywiec na wyci\u0105gni\u0119cie r\u0119ki. Jezioro Mi\u0119dzybrodzkie i jego okolice pozwalaj\u0105 po\u0142\u0105czy\u0107 wypoczynek nad wod\u0105 z g\u00f3rskimi w\u0119dr\u00f3wkami, sportami wodnymi, lotniczymi ciekawostkami i histori\u0105\u2026","rel":"","context":"In &quot;Poznaj Polsk\u0119 poza utartym szlakiem&quot;","block_context":{"text":"Poznaj Polsk\u0119 poza utartym szlakiem","link":"https:\/\/magazyn.travelist.pl\/poznaj_polske\/poznaj-polske-poza-utartym-szlakiem"},"img":{"alt_text":"Magazyn Travelist: Poznaj Polsk\u0119 poza utartym szlakiem - Mi\u0119dzybrodzie \u017bywieckie","src":"https:\/\/i0.wp.com\/magazyn.travelist.pl\/wp-content\/uploads\/2026\/08\/GLOWNE-miedzybrodzie-zywieckie.jpg?resize=350%2C200&ssl=1","width":350,"height":200,"srcset":"https:\/\/i0.wp.com\/magazyn.travelist.pl\/wp-content\/uploads\/2026\/08\/GLOWNE-miedzybrodzie-zywieckie.jpg?resize=350%2C200&ssl=1 1x, https:\/\/i0.wp.com\/magazyn.travelist.pl\/wp-content\/uploads\/2026\/08\/GLOWNE-miedzybrodzie-zywieckie.jpg?resize=525%2C300&ssl=1 1.5x, https:\/\/i0.wp.com\/magazyn.travelist.pl\/wp-content\/uploads\/2026\/08\/GLOWNE-miedzybrodzie-zywieckie.jpg?resize=700%2C400&ssl=1 2x, https:\/\/i0.wp.com\/magazyn.travelist.pl\/wp-content\/uploads\/2026\/08\/GLOWNE-miedzybrodzie-zywieckie.jpg?resize=1050%2C600&ssl=1 3x, https:\/\/i0.wp.com\/magazyn.travelist.pl\/wp-content\/uploads\/2026\/08\/GLOWNE-miedzybrodzie-zywieckie.jpg?resize=1400%2C800&ssl=1 4x"},"classes":[]},{"id":11079,"url":"https:\/\/magazyn.travelist.pl\/poznaj-polske-z-travelist-podsumowanie-kampanii","url_meta":{"origin":46904,"position":2},"title":"Poznaj Polsk\u0119 z Travelist: czym si\u0119 zachwycili\u015bmy?","author":"Redakcja Travelist","date":"9 pa\u017adziernika 2020","format":false,"excerpt":"Tego lata postawili\u015bmy na Polsk\u0119. Dlaczego? Bo by\u0142o i jest tu bezpieczniej, bo mo\u017cna tu fantastycznie wypocz\u0105\u0107, bo ka\u017cdy znajdzie tu co\u015b dla siebie \u2013 a przede wszystkim wci\u0105\u017c czeka tu mn\u00f3stwo do odkrycia. Jeszcze przed wakacjami, w ramach kampanii\u00a0\u201ePoznaj Polsk\u0119 z Travelist\u201d, zaprosili\u015bmy Was w podr\u00f3\u017c do najbardziej fascynuj\u0105cych\u2026","rel":"","context":"In &quot;Podr\u00f3\u017ce po Polsce&quot;","block_context":{"text":"Podr\u00f3\u017ce po Polsce","link":"https:\/\/magazyn.travelist.pl\/podroze-po-polsce"},"img":{"alt_text":"","src":"https:\/\/i0.wp.com\/magazyn.travelist.pl\/wp-content\/uploads\/2020\/10\/DJI_0939-TATRY-WIDOK-Z-P\u2500UAZ\u253cSWKI.jpg?resize=350%2C200&ssl=1","width":350,"height":200,"srcset":"https:\/\/i0.wp.com\/magazyn.travelist.pl\/wp-content\/uploads\/2020\/10\/DJI_0939-TATRY-WIDOK-Z-P\u2500UAZ\u253cSWKI.jpg?resize=350%2C200&ssl=1 1x, https:\/\/i0.wp.com\/magazyn.travelist.pl\/wp-content\/uploads\/2020\/10\/DJI_0939-TATRY-WIDOK-Z-P\u2500UAZ\u253cSWKI.jpg?resize=525%2C300&ssl=1 1.5x, https:\/\/i0.wp.com\/magazyn.travelist.pl\/wp-content\/uploads\/2020\/10\/DJI_0939-TATRY-WIDOK-Z-P\u2500UAZ\u253cSWKI.jpg?resize=700%2C400&ssl=1 2x, https:\/\/i0.wp.com\/magazyn.travelist.pl\/wp-content\/uploads\/2020\/10\/DJI_0939-TATRY-WIDOK-Z-P\u2500UAZ\u253cSWKI.jpg?resize=1050%2C600&ssl=1 3x, https:\/\/i0.wp.com\/magazyn.travelist.pl\/wp-content\/uploads\/2020\/10\/DJI_0939-TATRY-WIDOK-Z-P\u2500UAZ\u253cSWKI.jpg?resize=1400%2C800&ssl=1 4x"},"classes":[]},{"id":11035,"url":"https:\/\/magazyn.travelist.pl\/poznaj-polske-z-travelist-gory-sowie-kraina-legend-i-tajemnic","url_meta":{"origin":46904,"position":3},"title":"Poznaj Polsk\u0119 z Travelist: G\u00f3ry Sowie \u2013 kraina legend i tajemnic","author":"Redakcja Travelist","date":"21 sierpnia 2024","format":false,"excerpt":"Cho\u0107 nie nale\u017c\u0105 do najwy\u017cszych wzniesie\u0144 w Sudetach, czesko-niemieckie s\u0105siedztwo i tajemniczy magnetyzm czyni\u0105 z nich jedno z najciekawszych pasm g\u00f3rskich w naszym kraju. Rozci\u0105gaj\u0105ce si\u0119 od Barda na po\u0142udniu po Zag\u00f3rze \u015al\u0105skie i Lubach\u00f3w na p\u00f3\u0142nocny zach\u00f3d pasmo G\u00f3r Sowich przyci\u0105ga spragnionych spokojnego wypoczynku pi\u0119knem natury, bogactwem spu\u015bcizny kulturowej,\u2026","rel":"","context":"In &quot;Podr\u00f3\u017ce po Polsce&quot;","block_context":{"text":"Podr\u00f3\u017ce po Polsce","link":"https:\/\/magazyn.travelist.pl\/podroze-po-polsce"},"img":{"alt_text":"","src":"https:\/\/i0.wp.com\/magazyn.travelist.pl\/wp-content\/uploads\/2020\/09\/DJI_0106-JEZIORO-BYSTRZYCKIE.jpg?resize=350%2C200&ssl=1","width":350,"height":200,"srcset":"https:\/\/i0.wp.com\/magazyn.travelist.pl\/wp-content\/uploads\/2020\/09\/DJI_0106-JEZIORO-BYSTRZYCKIE.jpg?resize=350%2C200&ssl=1 1x, https:\/\/i0.wp.com\/magazyn.travelist.pl\/wp-content\/uploads\/2020\/09\/DJI_0106-JEZIORO-BYSTRZYCKIE.jpg?resize=525%2C300&ssl=1 1.5x, https:\/\/i0.wp.com\/magazyn.travelist.pl\/wp-content\/uploads\/2020\/09\/DJI_0106-JEZIORO-BYSTRZYCKIE.jpg?resize=700%2C400&ssl=1 2x, https:\/\/i0.wp.com\/magazyn.travelist.pl\/wp-content\/uploads\/2020\/09\/DJI_0106-JEZIORO-BYSTRZYCKIE.jpg?resize=1050%2C600&ssl=1 3x, https:\/\/i0.wp.com\/magazyn.travelist.pl\/wp-content\/uploads\/2020\/09\/DJI_0106-JEZIORO-BYSTRZYCKIE.jpg?resize=1400%2C800&ssl=1 4x"},"classes":[]},{"id":46562,"url":"https:\/\/magazyn.travelist.pl\/atrakcje-jeziora-roznowskiego","url_meta":{"origin":46904,"position":4},"title":"Poznaj Polsk\u0119 poza utartym szlakiem: Nieoczywiste atrakcje Jeziora Ro\u017cnowskiego","author":"Anna K\u0119dzierska","date":"18 sierpnia 2026","format":false,"excerpt":"\u015aredniowieczne ruiny, winnice, skalne rezerwaty i diabelskie legendy\u2026 Okolice Jeziora Ro\u017cnowskiego to zdecydowanie wi\u0119cej ni\u017c k\u0105pieliska i wakacyjny klimat nad wod\u0105. Je\u015bli intryguje Was mniej oczywista strona S\u0105decczyzny, warto zosta\u0107 tu na d\u0142u\u017cej i ruszy\u0107 poza utarte szlaki - takie bli\u017cej i dalej od brzeg\u00f3w \u201es\u0105deckiego morza\u201d. Atrakcje Jeziora Ro\u017cnowskiego\u2026","rel":"","context":"In &quot;Poznaj Polsk\u0119 poza utartym szlakiem&quot;","block_context":{"text":"Poznaj Polsk\u0119 poza utartym szlakiem","link":"https:\/\/magazyn.travelist.pl\/poznaj_polske\/poznaj-polske-poza-utartym-szlakiem"},"img":{"alt_text":"Magazyn Travelist: Poznaj Polsk\u0119. Nieoczywiste atrakcje Jeziora Ro\u017cnowskiego","src":"https:\/\/i0.wp.com\/magazyn.travelist.pl\/wp-content\/uploads\/2026\/08\/shutterstock_2632854167-1-scaled.jpg?resize=350%2C200&ssl=1","width":350,"height":200,"srcset":"https:\/\/i0.wp.com\/magazyn.travelist.pl\/wp-content\/uploads\/2026\/08\/shutterstock_2632854167-1-scaled.jpg?resize=350%2C200&ssl=1 1x, https:\/\/i0.wp.com\/magazyn.travelist.pl\/wp-content\/uploads\/2026\/08\/shutterstock_2632854167-1-scaled.jpg?resize=525%2C300&ssl=1 1.5x, https:\/\/i0.wp.com\/magazyn.travelist.pl\/wp-content\/uploads\/2026\/08\/shutterstock_2632854167-1-scaled.jpg?resize=700%2C400&ssl=1 2x, https:\/\/i0.wp.com\/magazyn.travelist.pl\/wp-content\/uploads\/2026\/08\/shutterstock_2632854167-1-scaled.jpg?resize=1050%2C600&ssl=1 3x, https:\/\/i0.wp.com\/magazyn.travelist.pl\/wp-content\/uploads\/2026\/08\/shutterstock_2632854167-1-scaled.jpg?resize=1400%2C800&ssl=1 4x"},"classes":[]},{"id":46183,"url":"https:\/\/magazyn.travelist.pl\/wyspa-wolin-atrakcje-i-nietypowe-miejsca","url_meta":{"origin":46904,"position":5},"title":"Poznaj Polsk\u0119 poza utartym szlakiem: Wyspa Wolin \u2013 atrakcje i nietypowe miejsca","author":"Anna K\u0119dzierska","date":"13 sierpnia 2026","format":false,"excerpt":"Klify, szerokie pla\u017ce, bukowe lasy, jeziora, zalewy i kr\u0119te cie\u015bniny. Do tego tajemnicze schrony, \u015blady zimnej wojny i historie si\u0119gaj\u0105ce czas\u00f3w wiking\u00f3w. Wolin zdecydowanie nie lubi monotonii. Jednego dnia mo\u017cna tu spogl\u0105da\u0107 na Ba\u0142tyk z kraw\u0119dzi wysokiego klifu, stan\u0105\u0107 oko w oko z \u017cubrem, zej\u015b\u0107 do wojskowych podziemi, a chwil\u0119\u2026","rel":"","context":"In &quot;Poznaj Polsk\u0119 poza utartym szlakiem&quot;","block_context":{"text":"Poznaj Polsk\u0119 poza utartym szlakiem","link":"https:\/\/magazyn.travelist.pl\/poznaj_polske\/poznaj-polske-poza-utartym-szlakiem"},"img":{"alt_text":"Magazyn Travelist: Poznaj Polsk\u0119 poza utartym szlakiem - Wolin","src":"https:\/\/i0.wp.com\/magazyn.travelist.pl\/wp-content\/uploads\/2026\/08\/shutterstock_2623449085-1-scaled.jpg?resize=350%2C200&ssl=1","width":350,"height":200,"srcset":"https:\/\/i0.wp.com\/magazyn.travelist.pl\/wp-content\/uploads\/2026\/08\/shutterstock_2623449085-1-scaled.jpg?resize=350%2C200&ssl=1 1x, https:\/\/i0.wp.com\/magazyn.travelist.pl\/wp-content\/uploads\/2026\/08\/shutterstock_2623449085-1-scaled.jpg?resize=525%2C300&ssl=1 1.5x, https:\/\/i0.wp.com\/magazyn.travelist.pl\/wp-content\/uploads\/2026\/08\/shutterstock_2623449085-1-scaled.jpg?resize=700%2C400&ssl=1 2x, https:\/\/i0.wp.com\/magazyn.travelist.pl\/wp-content\/uploads\/2026\/08\/shutterstock_2623449085-1-scaled.jpg?resize=1050%2C600&ssl=1 3x, https:\/\/i0.wp.com\/magazyn.travelist.pl\/wp-content\/uploads\/2026\/08\/shutterstock_2623449085-1-scaled.jpg?resize=1400%2C800&ssl=1 4x"},"classes":[]}],"_links":{"self":[{"href":"https:\/\/magazyn.travelist.pl\/wp-json\/wp\/v2\/posts\/46904"}],"collection":[{"href":"https:\/\/magazyn.travelist.pl\/wp-json\/wp\/v2\/posts"}],"about":[{"href":"https:\/\/magazyn.travelist.pl\/wp-json\/wp\/v2\/types\/post"}],"author":[{"embeddable":true,"href":"https:\/\/magazyn.travelist.pl\/wp-json\/wp\/v2\/users\/2729"}],"replies":[{"embeddable":true,"href":"https:\/\/magazyn.travelist.pl\/wp-json\/wp\/v2\/comments?post=46904"}],"version-history":[{"count":10,"href":"https:\/\/magazyn.travelist.pl\/wp-json\/wp\/v2\/posts\/46904\/revisions"}],"predecessor-version":[{"id":46954,"href":"https:\/\/magazyn.travelist.pl\/wp-json\/wp\/v2\/posts\/46904\/revisions\/46954"}],"wp:featuredmedia":[{"embeddable":true,"href":"https:\/\/magazyn.travelist.pl\/wp-json\/wp\/v2\/media\/46911"}],"wp:attachment":[{"href":"https:\/\/magazyn.travelist.pl\/wp-json\/wp\/v2\/media?parent=46904"}],"wp:term":[{"taxonomy":"category","embeddable":true,"href":"https:\/\/magazyn.travelist.pl\/wp-json\/wp\/v2\/categories?post=46904"},{"taxonomy":"post_tag","embeddable":true,"href":"https:\/\/magazyn.travelist.pl\/wp-json\/wp\/v2\/tags?post=46904"}],"curies":[{"name":"wp","href":"https:\/\/api.w.org\/{rel}","templated":true}]}}