{"id":46871,"date":"2026-08-31T10:19:52","date_gmt":"2026-08-31T08:19:52","guid":{"rendered":"https:\/\/magazyn.travelist.pl\/?p=46871"},"modified":"2026-09-02T10:20:48","modified_gmt":"2026-09-02T08:20:48","slug":"atrakcje-dla-dzieci-w-wisle-gdzie-wybrac-sie-z-rodzina","status":"publish","type":"post","link":"https:\/\/magazyn.travelist.pl\/atrakcje-dla-dzieci-w-wisle-gdzie-wybrac-sie-z-rodzina","title":{"rendered":"TOP 15 atrakcji dla dzieci w Wi\u015ble \u2013 gdzie warto wybra\u0107 si\u0119 z ca\u0142\u0105 rodzin\u0105?"},"content":{"rendered":"\n<p>Wis\u0142a to jeden z kurort\u00f3w, gdzie dzieciaki (a tak\u017ce rodzice) z pewno\u015bci\u0105 nie b\u0119d\u0105 si\u0119 nudzi\u0107! Jest tu tyle atrakcji, \u017ce ka\u017cdy znajdzie co\u015b dla siebie. Mo\u017cecie tu odwiedzi\u0107 skoczni\u0119 Adama Ma\u0142ysza, nakarmi\u0107 alpaki, zobaczy\u0107, sk\u0105d wyp\u0142ywa najwi\u0119ksza polska rzeka lub zaszale\u0107 w parku linowym. Nie spos\u00f3b nie wspomnie\u0107 o przepi\u0119knych krajobrazach i g\u00f3rskich szlakach. Zobaczcie TOP 15 miejsc, kt\u00f3re warto odwiedzi\u0107 podczas rodzinnego urlopu.<\/p>\n\n\n<div class=\"travelist-search-root wp-block-travelist-search\" data-travelist-search=\"\" data-default-destination=\"Wis\u0142a\"><\/div>\n\n\n<div style=\"height:19px\" aria-hidden=\"true\" class=\"wp-block-spacer\"><\/div>\n\n\n\n<h2 class=\"wp-block-heading\">Atrakcje dla dzieci w Wi\u015ble &#8211; podsumowanie:<\/h2>\n\n\n\n<ul class=\"wp-block-list\">\n<li><strong>Skocznia narciarska im. Adama Ma\u0142ysza w Wi\u015ble-Malince<\/strong> \u2013 imponuj\u0105cy obiekt sportowy mo\u017cna zwiedza\u0107 tak\u017ce poza zawodami, a dodatkow\u0105 atrakcj\u0105 jest wjazd kolejk\u0105 na g\u00f3r\u0119 skoczni.<\/li>\n\n\n\n<li><strong>Galeria Trofe\u00f3w Adama Ma\u0142ysza<\/strong> \u2013 medale olimpijskie, Kryszta\u0142owe Kule, puchary i sprz\u0119t sportowy pozwalaj\u0105 z bliska pozna\u0107 karier\u0119 jednego z najwybitniejszych polskich skoczk\u00f3w.<\/li>\n\n\n\n<li><strong>\u0179r\u00f3d\u0142a Wis\u0142y na Baraniej G\u00f3rze<\/strong> \u2013 wycieczka w okolice Bia\u0142ej i Czarnej Wise\u0142ki pozwala dzieciom zobaczy\u0107, gdzie zaczyna si\u0119 najd\u0142u\u017csza polska rzeka.<\/li>\n\n\n\n<li><strong>G\u00f3rna stacja kolei linowej Skolnity<\/strong> \u2013 \u201eDach Wis\u0142y\u201d oferuje alpaki, plac zabaw, wie\u017c\u0119 widokow\u0105, strefy relaksu i rodzinne trasy rowerowe.<\/li>\n\n\n\n<li><strong>Wodospad w Wi\u015ble Czarne<\/strong> \u2013 o\u015bmiometrowa \u201eWi\u015bla\u0144ska Niagara\u201d to \u0142atwo dost\u0119pna atrakcja idealna na kr\u00f3tki spacer z m\u0142odszymi dzie\u0107mi.<\/li>\n\n\n\n<li><strong>Aleja Gwiazd Sportu<\/strong> \u2013 spacer po centrum Wis\u0142y mo\u017cna po\u0142\u0105czy\u0107 z odkrywaniem tablic po\u015bwi\u0119conych Adamowi Ma\u0142yszowi, Piotrowi \u017byle i innym znanym sportowcom.<\/li>\n\n\n\n<li><strong>Muzeum Beskidzkie<\/strong> \u2013 tradycyjne stroje, dawne narz\u0119dzia i Enklawa Budownictwa Drewnianego przybli\u017caj\u0105 dzieciom kultur\u0119 g\u00f3rali \u015bl\u0105skich.<\/li>\n\n\n\n<li><strong>Park Kopczy\u0144skiego i Zabytkowy Park Przyg\u00f3d<\/strong> \u2013 plac zabaw, skatepark, \u015bcianki wspinaczkowe i miniatury zabytk\u00f3w znad Wis\u0142y tworz\u0105 \u015bwietne miejsce na rodzinny odpoczynek.<\/li>\n\n\n\n<li><strong>Rezydencja Prezydenta RP Zamek w Wi\u015ble<\/strong> \u2013 zabytkow\u0105 rezydencj\u0119 mo\u017cna zwiedza\u0107 po wcze\u015bniejszej rezerwacji, a wizyt\u0119 warto po\u0142\u0105czy\u0107 ze spacerem w okolicy Jeziora Czernia\u0144skiego.<\/li>\n\n\n\n<li><strong>Centrum Edukacji Ekologicznej w Wi\u015ble<\/strong> \u2013 ogrody tematyczne, labirynt, trampoliny i edukacyjne instalacje pozwalaj\u0105 poznawa\u0107 przyrod\u0119 Beskidu \u015al\u0105skiego przez zabaw\u0119.<\/li>\n\n\n\n<li><strong>Trasy spacerowe nad Wis\u0142\u0105<\/strong> \u2013 kr\u00f3tkie i \u0142atwe trasy, w tym rodzinny Szlak Nied\u017awiadka, s\u0105 dobrym wyborem dla dzieci, kt\u00f3re dopiero zaczynaj\u0105 przygod\u0119 z g\u00f3rskimi w\u0119dr\u00f3wkami.<\/li>\n\n\n\n<li><strong>Park Linowy Base Camp<\/strong> \u2013 po\u0142o\u017cony w pobliskiej Istebnej park oferuje siedem tras, ponad 80 przeszk\u00f3d, tyrolki oraz specjaln\u0105 Stref\u0119 Malucha.<\/li>\n\n\n\n<li><strong>Le\u015bny Park Niespodzianek w Ustroniu<\/strong> \u2013 jelenie, muflony, \u017cubry, ptaki drapie\u017cne, Aleja Bajkowa i plac zabaw sprawiaj\u0105, \u017ce to jedna z najciekawszych rodzinnych atrakcji w pobli\u017cu Wis\u0142y.<\/li>\n\n\n\n<li><strong>G\u00f3rski Park R\u00f3wnica w Ustroniu<\/strong> \u2013 ca\u0142oroczny tor saneczkowy, roller coaster i rodzinny plac zabaw pozwalaj\u0105 po\u0142\u0105czy\u0107 g\u00f3rskie widoki z rozrywk\u0105.<\/li>\n\n\n\n<li><strong>Kolej linowa na Czantori\u0119<\/strong> \u2013 przejazd kolejk\u0105 zapewnia pi\u0119kne panoramy Beskid\u00f3w, a na dzieci czeka dodatkowo letni tor saneczkowy z licznymi zakr\u0119tami.<\/li>\n<\/ul>\n\n\n\n<div style=\"height:21px\" aria-hidden=\"true\" class=\"wp-block-spacer\"><\/div>\n\n\n<div class=\"tgi-offers wp-block-travelist-offers\" data-page-size=\"6\" data-cta-text=\"Sprawd\u017a ofert\u0119\" data-selected-place=\"{&quot;title&quot;:&quot;Wis\u0142a&quot;,&quot;objectType&quot;:&quot;city&quot;,&quot;objectId&quot;:&quot;17998&quot;,&quot;slug&quot;:&quot;wisla&quot;}\" data-selected-filters=\"[{&quot;code&quot;:&quot;labels&quot;,&quot;value&quot;:&quot;566&quot;,&quot;slug&quot;:&quot;atrakcje-dla-dzieci&quot;,&quot;title&quot;:&quot;Atrakcje dla dzieci&quot;},{&quot;code&quot;:&quot;listingpages&quot;,&quot;value&quot;:&quot;502&quot;,&quot;slug&quot;:&quot;pokoje-rodzinne&quot;,&quot;title&quot;:&quot;Pokoje rodzinne&quot;}]\" data-section-title=\"Polecane hotele w Wi\u015ble\" data-section-subtitle=\"\" data-section-link-url=\"https:\/\/travelist.pl\/hotele\" data-section-link-text=\"Zobacz wszystkie oferty na Travelist.pl&gt;&gt;\" data-search-config=\"1\"><\/div>\n\n\n<div style=\"height:21px\" aria-hidden=\"true\" class=\"wp-block-spacer\"><\/div>\n\n\n\n<h2 class=\"wp-block-heading\">Skocznia narciarska im. Adama Ma\u0142ysza w Wi\u015ble-Malince \u2013 imponuj\u0105cy obiekt sportowy, kt\u00f3ry zachwyci ma\u0142ych kibic\u00f3w<\/h2>\n\n\n\n<p>Zastanawiacie si\u0119 <a href=\"https:\/\/travelist.pl\/magazyn\/gdzie-w-gory-z-dziecmi\">gdzie w g\u00f3ry z dzie\u0107mi<\/a>? Oczywi\u015bcie do Wis\u0142y, a jak ju\u017c tu jeste\u015bcie, nie mo\u017cecie omin\u0105\u0107 kultowego miejsca, jakim jest skocznia narciarska im. Adama Ma\u0142ysza. Nie trzeba interesowa\u0107 si\u0119 skokami narciarskimi, aby zrobi\u0142a na was (a szczeg\u00f3lnie na dzieciakach) ogromne wra\u017cenie. Dopiero stoj\u0105c u jej podn\u00f3\u017ca, mo\u017cna naprawd\u0119 zobaczy\u0107, z jakiej wysoko\u015bci rozp\u0119dzaj\u0105 si\u0119 zawodnicy i jak ogromny jest zeskok ogl\u0105dany zim\u0105 w telewizji.<\/p>\n\n\n\n<figure class=\"wp-block-image alignwide size-large\"><a href=\"https:\/\/travelist.pl\/hotele\/polska\/slaskie\/wisla\"><img loading=\"lazy\" decoding=\"async\" width=\"1024\" height=\"576\" data-attachment-id=\"46882\" data-permalink=\"https:\/\/travelist.pl\/magazyn\/atrakcje-dla-dzieci-w-wisle-gdzie-wybrac-sie-z-rodzina\/skocznia-narciarska-im-adama-malysza-w-wisle\" data-orig-file=\"https:\/\/travelist.pl\/magazyn\/wp-content\/uploads\/2026\/08\/Skocznia-narciarska-im.-Adama-Malysza-w-Wisle.jpg\" data-orig-size=\"1920,1080\" data-comments-opened=\"0\" data-image-meta=\"{&quot;aperture&quot;:&quot;0&quot;,&quot;credit&quot;:&quot;&quot;,&quot;camera&quot;:&quot;&quot;,&quot;caption&quot;:&quot;&quot;,&quot;created_timestamp&quot;:&quot;0&quot;,&quot;copyright&quot;:&quot;&quot;,&quot;focal_length&quot;:&quot;0&quot;,&quot;iso&quot;:&quot;0&quot;,&quot;shutter_speed&quot;:&quot;0&quot;,&quot;title&quot;:&quot;&quot;,&quot;orientation&quot;:&quot;0&quot;}\" data-image-title=\"Skocznia narciarska im. Adama Ma\u0142ysza w Wis\u0301le\" data-image-description=\"\" data-image-caption=\"\" data-medium-file=\"https:\/\/travelist.pl\/magazyn\/wp-content\/uploads\/2026\/08\/Skocznia-narciarska-im.-Adama-Malysza-w-Wisle-300x169.jpg\" data-large-file=\"https:\/\/travelist.pl\/magazyn\/wp-content\/uploads\/2026\/08\/Skocznia-narciarska-im.-Adama-Malysza-w-Wisle-1024x576.jpg\" src=\"https:\/\/travelist.pl\/magazyn\/wp-content\/uploads\/2026\/08\/Skocznia-narciarska-im.-Adama-Malysza-w-Wisle-1024x576.jpg\" alt=\"Skocznia narciarska im. Adama Ma\u0142ysza w Wis\u0301le - Magazyn travelist\" class=\"wp-image-46882\" srcset=\"https:\/\/travelist.pl\/magazyn\/wp-content\/uploads\/2026\/08\/Skocznia-narciarska-im.-Adama-Malysza-w-Wisle-1024x576.jpg 1024w, https:\/\/travelist.pl\/magazyn\/wp-content\/uploads\/2026\/08\/Skocznia-narciarska-im.-Adama-Malysza-w-Wisle-300x169.jpg 300w, https:\/\/travelist.pl\/magazyn\/wp-content\/uploads\/2026\/08\/Skocznia-narciarska-im.-Adama-Malysza-w-Wisle-768x432.jpg 768w, https:\/\/travelist.pl\/magazyn\/wp-content\/uploads\/2026\/08\/Skocznia-narciarska-im.-Adama-Malysza-w-Wisle-1536x864.jpg 1536w, https:\/\/travelist.pl\/magazyn\/wp-content\/uploads\/2026\/08\/Skocznia-narciarska-im.-Adama-Malysza-w-Wisle-18x10.jpg 18w, https:\/\/travelist.pl\/magazyn\/wp-content\/uploads\/2026\/08\/Skocznia-narciarska-im.-Adama-Malysza-w-Wisle.jpg 1920w\" sizes=\"(max-width: 1024px) 100vw, 1024px\" \/><\/a><\/figure>\n\n\n\n<div style=\"height:21px\" aria-hidden=\"true\" class=\"wp-block-spacer\"><\/div>\n\n\n\n<p>Skocznia jest otwarta dla zwiedzaj\u0105cych codziennie w godz. 10-16. Na jej szczyt mo\u017cna wjecha\u0107 kolejk\u0105. Mo\u017ce nawet b\u0119dziecie mieli szcz\u0119\u015bcie i traficie na jakie\u015b sportowe wydarzenie? Regularnie odbywaj\u0105 si\u0119 tutaj zawody najwy\u017cszej rangi, w tym konkursy Pucharu \u015awiata i letniego Grand Prix.<\/p>\n\n\n\n<div class=\"wp-block-buttons is-content-justification-center is-layout-flex wp-container-core-buttons-is-layout-1 wp-block-buttons-is-layout-flex\">\n<div class=\"wp-block-button\"><a class=\"wp-block-button__link wp-element-button\" href=\"https:\/\/travelist.pl\/hotele\/polska\/slaskie\/wisla\">Rezerwuj hotele na rodzinny urlop w Wi\u015ble TANIEJ na Travelist.pl>><\/a><\/div>\n<\/div>\n\n\n\n<div style=\"height:11px\" aria-hidden=\"true\" class=\"wp-block-spacer\"><\/div>\n\n\n\n<h2 class=\"wp-block-heading\">Galeria Trofe\u00f3w Adama Ma\u0142ysza \u2013 wyj\u0105tkowa atrakcja dla ma\u0142ych fan\u00f3w sportu<\/h2>\n\n\n\n<p>Je\u015bli wybieracie si\u0119 z dzieciakami, szczeg\u00f3lnie tymi nieco starszymi, do Wis\u0142y, to macie \u015bwietn\u0105 okazj\u0119, aby opowiedzie\u0107 im co nieco o chlubie narodowej polskiego narciarstwa. A najlepiej zrobi\u0107 to w Galerii Sportowe Trofea Adama Ma\u0142ysza. Mie\u015bci si\u0119 w centrum Wis\u0142y przy ul. 1 Maja i prezentuje najwa\u017cniejsze pami\u0105tki z kariery polskiego mistrza.<\/p>\n\n\n\n<figure class=\"wp-block-image alignwide size-large\"><a href=\"https:\/\/travelist.pl\/hotele\/polska\/slaskie\/wisla\"><img loading=\"lazy\" decoding=\"async\" width=\"1024\" height=\"576\" data-attachment-id=\"46872\" data-permalink=\"https:\/\/travelist.pl\/magazyn\/atrakcje-dla-dzieci-w-wisle-gdzie-wybrac-sie-z-rodzina\/galeria-trofeow-adama-malysza\" data-orig-file=\"https:\/\/travelist.pl\/magazyn\/wp-content\/uploads\/2026\/08\/Galeria-Trofeow-Adama-Malysza.jpg\" data-orig-size=\"1920,1080\" data-comments-opened=\"0\" data-image-meta=\"{&quot;aperture&quot;:&quot;0&quot;,&quot;credit&quot;:&quot;&quot;,&quot;camera&quot;:&quot;&quot;,&quot;caption&quot;:&quot;&quot;,&quot;created_timestamp&quot;:&quot;0&quot;,&quot;copyright&quot;:&quot;&quot;,&quot;focal_length&quot;:&quot;0&quot;,&quot;iso&quot;:&quot;0&quot;,&quot;shutter_speed&quot;:&quot;0&quot;,&quot;title&quot;:&quot;&quot;,&quot;orientation&quot;:&quot;0&quot;}\" data-image-title=\"Galeria Trofeo\u0301w Adama Ma\u0142ysza\" data-image-description=\"\" data-image-caption=\"\" data-medium-file=\"https:\/\/travelist.pl\/magazyn\/wp-content\/uploads\/2026\/08\/Galeria-Trofeow-Adama-Malysza-300x169.jpg\" data-large-file=\"https:\/\/travelist.pl\/magazyn\/wp-content\/uploads\/2026\/08\/Galeria-Trofeow-Adama-Malysza-1024x576.jpg\" src=\"https:\/\/travelist.pl\/magazyn\/wp-content\/uploads\/2026\/08\/Galeria-Trofeow-Adama-Malysza-1024x576.jpg\" alt=\"Galeria Trofeo\u0301w Adama Ma\u0142ysza - Magazyn travelist\" class=\"wp-image-46872\" srcset=\"https:\/\/travelist.pl\/magazyn\/wp-content\/uploads\/2026\/08\/Galeria-Trofeow-Adama-Malysza-1024x576.jpg 1024w, https:\/\/travelist.pl\/magazyn\/wp-content\/uploads\/2026\/08\/Galeria-Trofeow-Adama-Malysza-300x169.jpg 300w, https:\/\/travelist.pl\/magazyn\/wp-content\/uploads\/2026\/08\/Galeria-Trofeow-Adama-Malysza-768x432.jpg 768w, https:\/\/travelist.pl\/magazyn\/wp-content\/uploads\/2026\/08\/Galeria-Trofeow-Adama-Malysza-1536x864.jpg 1536w, https:\/\/travelist.pl\/magazyn\/wp-content\/uploads\/2026\/08\/Galeria-Trofeow-Adama-Malysza-18x10.jpg 18w, https:\/\/travelist.pl\/magazyn\/wp-content\/uploads\/2026\/08\/Galeria-Trofeow-Adama-Malysza.jpg 1920w\" sizes=\"(max-width: 1024px) 100vw, 1024px\" \/><\/a><\/figure>\n\n\n\n<div style=\"height:20px\" aria-hidden=\"true\" class=\"wp-block-spacer\"><\/div>\n\n\n\n<p>Na wystawie znajduj\u0105 si\u0119 medale olimpijskie z Salt Lake City i Vancouver, medale mistrzostw \u015bwiata, Kryszta\u0142owe Kule za zwyci\u0119stwa w klasyfikacji generalnej Pucharu \u015awiata, puchary, kombinezony oraz sprz\u0119t narciarski u\u017cywany przez Ma\u0142ysza na r\u00f3\u017cnych etapach kariery.<\/p>\n\n\n\n<p>To ciekawe miejsce przede wszystkim dla fan\u00f3w Adama Ma\u0142ysza. Za wst\u0119p zap\u0142acicie od kilku do kilkunastu z\u0142otych.&nbsp;<\/p>\n\n\n\n<div class=\"wp-block-buttons is-content-justification-center is-layout-flex wp-container-core-buttons-is-layout-2 wp-block-buttons-is-layout-flex\">\n<div class=\"wp-block-button\"><a class=\"wp-block-button__link wp-element-button\" href=\"https:\/\/travelist.pl\/hotele\/polska\/slaskie\/wisla\">Rezerwuj hotele na rodzinny urlop w Wi\u015ble TANIEJ na Travelist.pl&gt;&gt;<\/a><\/div>\n<\/div>\n\n\n\n<div style=\"height:11px\" aria-hidden=\"true\" class=\"wp-block-spacer\"><\/div>\n\n\n\n<h2 class=\"wp-block-heading\">\u0179r\u00f3d\u0142a Wis\u0142y na Baraniej G\u00f3rze \u2013 przyrodnicza wycieczka do miejsca narodzin najd\u0142u\u017cszej polskiej rzeki<\/h2>\n\n\n\n<p>Skoro jeste\u015bcie w Wi\u015ble, warto dowiedzie\u0107 si\u0119, sk\u0105d w\u0142a\u015bciwie bierze sw\u00f3j pocz\u0105tek kr\u00f3lowa polskich rzek. Wis\u0142a powstaje z po\u0142\u0105czenia w\u00f3d Bia\u0142ej i Czarnej Wise\u0142ki sp\u0142ywaj\u0105cych ze stok\u00f3w Baraniej G\u00f3ry. Potoki \u0142\u0105cz\u0105 si\u0119 w rejonie Jeziora Czernia\u0144skiego, tworz\u0105c pocz\u0105tek rzeki, kt\u00f3ra po ponad tysi\u0105cu kilometr\u00f3w dociera do Ba\u0142tyku.&nbsp;<\/p>\n\n\n\n<p>To wspania\u0142e do\u015bwiadczenie dla ciekawych \u015bwiata dzieci, chocia\u017c wyprawa na sam\u0105 Barani\u0105 G\u00f3r\u0119 jest propozycj\u0105 raczej dla starszych dzieci, kt\u00f3rych nie zm\u0119czy d\u0142u\u017csza w\u0119dr\u00f3wka. Z m\u0142odszymi pociechami warto wybra\u0107 kr\u00f3tszy wariant, czyli Dolin\u0119 Bia\u0142ej Wise\u0142ki, gdzie przej\u015bcie trasy w obie strony zajmie oko\u0142o 2 godzin.&nbsp;<\/p>\n\n\n\n<figure class=\"wp-block-image alignwide size-large\"><a href=\"https:\/\/travelist.pl\/hotele\/polska\/slaskie\/wisla\"><img loading=\"lazy\" decoding=\"async\" width=\"1024\" height=\"576\" data-attachment-id=\"46885\" data-permalink=\"https:\/\/travelist.pl\/magazyn\/atrakcje-dla-dzieci-w-wisle-gdzie-wybrac-sie-z-rodzina\/zrodla-wisly-na-baraniej-gorze\" data-orig-file=\"https:\/\/travelist.pl\/magazyn\/wp-content\/uploads\/2026\/08\/Zrodla-Wisly-na-Baraniej-Gorze.jpg\" data-orig-size=\"1920,1080\" data-comments-opened=\"0\" data-image-meta=\"{&quot;aperture&quot;:&quot;0&quot;,&quot;credit&quot;:&quot;&quot;,&quot;camera&quot;:&quot;&quot;,&quot;caption&quot;:&quot;&quot;,&quot;created_timestamp&quot;:&quot;0&quot;,&quot;copyright&quot;:&quot;&quot;,&quot;focal_length&quot;:&quot;0&quot;,&quot;iso&quot;:&quot;0&quot;,&quot;shutter_speed&quot;:&quot;0&quot;,&quot;title&quot;:&quot;&quot;,&quot;orientation&quot;:&quot;0&quot;}\" data-image-title=\"Z\u0301ro\u0301d\u0142a Wis\u0142y na Baraniej Go\u0301rze\" data-image-description=\"\" data-image-caption=\"\" data-medium-file=\"https:\/\/travelist.pl\/magazyn\/wp-content\/uploads\/2026\/08\/Zrodla-Wisly-na-Baraniej-Gorze-300x169.jpg\" data-large-file=\"https:\/\/travelist.pl\/magazyn\/wp-content\/uploads\/2026\/08\/Zrodla-Wisly-na-Baraniej-Gorze-1024x576.jpg\" src=\"https:\/\/travelist.pl\/magazyn\/wp-content\/uploads\/2026\/08\/Zrodla-Wisly-na-Baraniej-Gorze-1024x576.jpg\" alt=\"Z\u0301ro\u0301d\u0142a Wis\u0142y na Baraniej Go\u0301rze - Magazyn Travelist\" class=\"wp-image-46885\" srcset=\"https:\/\/travelist.pl\/magazyn\/wp-content\/uploads\/2026\/08\/Zrodla-Wisly-na-Baraniej-Gorze-1024x576.jpg 1024w, https:\/\/travelist.pl\/magazyn\/wp-content\/uploads\/2026\/08\/Zrodla-Wisly-na-Baraniej-Gorze-300x169.jpg 300w, https:\/\/travelist.pl\/magazyn\/wp-content\/uploads\/2026\/08\/Zrodla-Wisly-na-Baraniej-Gorze-768x432.jpg 768w, https:\/\/travelist.pl\/magazyn\/wp-content\/uploads\/2026\/08\/Zrodla-Wisly-na-Baraniej-Gorze-1536x864.jpg 1536w, https:\/\/travelist.pl\/magazyn\/wp-content\/uploads\/2026\/08\/Zrodla-Wisly-na-Baraniej-Gorze-18x10.jpg 18w, https:\/\/travelist.pl\/magazyn\/wp-content\/uploads\/2026\/08\/Zrodla-Wisly-na-Baraniej-Gorze.jpg 1920w\" sizes=\"(max-width: 1024px) 100vw, 1024px\" \/><\/a><\/figure>\n\n\n\n<div style=\"height:20px\" aria-hidden=\"true\" class=\"wp-block-spacer\"><\/div>\n\n\n\n<p>Je\u017celi wasz rodzinny wypoczynek ma si\u0119 opiera\u0107 na aktywno\u015bciach zwi\u0105zanych ze spacerami po g\u00f3rach, warto zarezerwowa\u0107<a href=\"https:\/\/travelist.pl\/hotele\/polska\/slaskie\/wisla\"> hotele w Wi\u015ble<\/a>. Kurort stanowi doskona\u0142\u0105 baz\u0119 wypadow\u0105 do zwiedzania okolicznych szczyt\u00f3w i szlak\u00f3w.&nbsp;<\/p>\n\n\n\n<p>Niezale\u017cnie od tego, czy do Wis\u0142y wybieracie si\u0119 latem czy zim\u0105, lista atrakcji jest r\u00f3wnie d\u0142uga. Opr\u00f3cz skoczni i g\u00f3rskich spacer\u00f3w dzia\u0142aj\u0105 liczne o\u015brodki narciarskie oraz strefy nauki dla pocz\u0105tkuj\u0105cych. Planuj\u0105c ferie, sprawd\u017acie przewodniki<a href=\"https:\/\/travelist.pl\/magazyn\/ferie-w-wisle-poznaj-najlepsze-atrakcje-zima-wisly\"> Wis\u0142a \u2013 atrakcje zim\u0105<\/a> oraz<a href=\"https:\/\/travelist.pl\/magazyn\/wisla-stoki-narciarskie-dla-kazdego\"> Wis\u0142a \u2013 stoki narciarskie<\/a>.<\/p>\n\n\n\n<div class=\"wp-block-buttons is-content-justification-center is-layout-flex wp-container-core-buttons-is-layout-3 wp-block-buttons-is-layout-flex\">\n<div class=\"wp-block-button\"><a class=\"wp-block-button__link wp-element-button\" href=\"https:\/\/travelist.pl\/hotele\/polska\/slaskie\/wisla\">Rezerwuj hotele na rodzinny urlop w Wi\u015ble TANIEJ na Travelist.pl&gt;&gt;<\/a><\/div>\n<\/div>\n\n\n\n<div style=\"height:11px\" aria-hidden=\"true\" class=\"wp-block-spacer\"><\/div>\n\n\n\n<h2 class=\"wp-block-heading\">G\u00f3rna stacja kolei linowej Skolnity \u2013 \u201eDach Wis\u0142y\u201d z zagrod\u0105 z alpakami, placem zabaw i rodzinnymi trasami rowerowymi<\/h2>\n\n\n\n<p>Skolnity to jedno z najlepszych miejsc dla rodzin, kt\u00f3re szukaj\u0105 wielu atrakcji w jednym miejscu. Ju\u017c sam wjazd na szczyt jest ekscytuj\u0105cym do\u015bwiadczeniem. Czteroosobowa kolej krzese\u0142kowa ma 800 metr\u00f3w d\u0142ugo\u015bci i wywozi turyst\u00f3w z centrum miasta na Wierch Skolnity, nazywany kreatywnie \u201eDachem Wis\u0142y\u201d.<\/p>\n\n\n\n<p>Na g\u00f3rze zaczyna si\u0119 prawdziwa zabawa. Dzieci mog\u0105 odwiedzi\u0107 zagrod\u0119 z alpakami, jest te\u017c bezp\u0142atny plac zabaw z domkiem na drzewie, hu\u015btawk\u0105 i \u015bciank\u0105 wspinaczkow\u0105, a tak\u017ce dodatkowa letnia strefa zabawy z dmucha\u0144cami i \u0142\u00f3deczkami. Ciekawostk\u0105 jest 38-metrowa wie\u017ca widokowa, z kt\u00f3rej mo\u017cna ogl\u0105da\u0107 Beskid \u015al\u0105ski. Na miejscu dzia\u0142aj\u0105 r\u00f3wnie\u017c t\u0119\u017cnia solankowa, Aleja Rze\u017ab i karczma z tarasem.<\/p>\n\n\n\n<figure class=\"wp-block-image alignwide size-large\"><a href=\"https:\/\/travelist.pl\/hotele\/polska\/slaskie\/wisla\"><img loading=\"lazy\" decoding=\"async\" width=\"1024\" height=\"576\" data-attachment-id=\"46874\" data-permalink=\"https:\/\/travelist.pl\/magazyn\/atrakcje-dla-dzieci-w-wisle-gdzie-wybrac-sie-z-rodzina\/gorna-stacja-kolei-linowej-skolnity\" data-orig-file=\"https:\/\/travelist.pl\/magazyn\/wp-content\/uploads\/2026\/08\/Gorna-stacja-kolei-linowej-Skolnity.jpg\" data-orig-size=\"1920,1080\" data-comments-opened=\"0\" data-image-meta=\"{&quot;aperture&quot;:&quot;0&quot;,&quot;credit&quot;:&quot;&quot;,&quot;camera&quot;:&quot;&quot;,&quot;caption&quot;:&quot;&quot;,&quot;created_timestamp&quot;:&quot;0&quot;,&quot;copyright&quot;:&quot;&quot;,&quot;focal_length&quot;:&quot;0&quot;,&quot;iso&quot;:&quot;0&quot;,&quot;shutter_speed&quot;:&quot;0&quot;,&quot;title&quot;:&quot;&quot;,&quot;orientation&quot;:&quot;0&quot;}\" data-image-title=\"Go\u0301rna stacja kolei linowej Skolnity\" data-image-description=\"\" data-image-caption=\"\" data-medium-file=\"https:\/\/travelist.pl\/magazyn\/wp-content\/uploads\/2026\/08\/Gorna-stacja-kolei-linowej-Skolnity-300x169.jpg\" data-large-file=\"https:\/\/travelist.pl\/magazyn\/wp-content\/uploads\/2026\/08\/Gorna-stacja-kolei-linowej-Skolnity-1024x576.jpg\" src=\"https:\/\/travelist.pl\/magazyn\/wp-content\/uploads\/2026\/08\/Gorna-stacja-kolei-linowej-Skolnity-1024x576.jpg\" alt=\"Go\u0301rna stacja kolei linowej Skolnity - Magazyn travelist\" class=\"wp-image-46874\" srcset=\"https:\/\/travelist.pl\/magazyn\/wp-content\/uploads\/2026\/08\/Gorna-stacja-kolei-linowej-Skolnity-1024x576.jpg 1024w, https:\/\/travelist.pl\/magazyn\/wp-content\/uploads\/2026\/08\/Gorna-stacja-kolei-linowej-Skolnity-300x169.jpg 300w, https:\/\/travelist.pl\/magazyn\/wp-content\/uploads\/2026\/08\/Gorna-stacja-kolei-linowej-Skolnity-768x432.jpg 768w, https:\/\/travelist.pl\/magazyn\/wp-content\/uploads\/2026\/08\/Gorna-stacja-kolei-linowej-Skolnity-1536x864.jpg 1536w, https:\/\/travelist.pl\/magazyn\/wp-content\/uploads\/2026\/08\/Gorna-stacja-kolei-linowej-Skolnity-18x10.jpg 18w, https:\/\/travelist.pl\/magazyn\/wp-content\/uploads\/2026\/08\/Gorna-stacja-kolei-linowej-Skolnity.jpg 1920w\" sizes=\"(max-width: 1024px) 100vw, 1024px\" \/><\/a><\/figure>\n\n\n\n<div style=\"height:21px\" aria-hidden=\"true\" class=\"wp-block-spacer\"><\/div>\n\n\n\n<p>To jednak nie wszystko. Na starsze dzieci czeka tu Bike Park z trasami dla os\u00f3b o ka\u017cdym poziomie zaawansowania &#8211; zar\u00f3wno dla amator\u00f3w, jak i dla zaawansowanych rowerzyst\u00f3w.&nbsp;<\/p>\n\n\n\n<div class=\"wp-block-buttons is-content-justification-center is-layout-flex wp-container-core-buttons-is-layout-4 wp-block-buttons-is-layout-flex\">\n<div class=\"wp-block-button\"><a class=\"wp-block-button__link wp-element-button\" href=\"https:\/\/travelist.pl\/hotele\/polska\/slaskie\/wisla\">Rezerwuj hotele na rodzinny urlop w Wi\u015ble TANIEJ na Travelist.pl&gt;&gt;<\/a><\/div>\n<\/div>\n\n\n\n<div style=\"height:11px\" aria-hidden=\"true\" class=\"wp-block-spacer\"><\/div>\n\n\n\n<h2 class=\"wp-block-heading\">Wodospad w Wi\u015ble Czarne \u2013 o\u015bmiometrowa kaskada i doskona\u0142y cel na kr\u00f3tki, niewymagaj\u0105cy spacer z maluchami<\/h2>\n\n\n\n<p>Je\u017celi szukacie kr\u00f3tkiej, a jednocze\u015bnie malowniczej trasy, wybierzcie si\u0119 koniecznie na wodospad w Wi\u015ble Czarne. Nazywany jest te\u017c Wi\u015bla\u0144sk\u0105 Niagar\u0105. Ma oko\u0142o 8 metr\u00f3w wysoko\u015bci i powsta\u0142 w latach 50. XX wieku poprzez spi\u0119trzenie w\u00f3d potoku Wise\u0142ka.<\/p>\n\n\n\n<figure class=\"wp-block-image alignwide size-large\"><a href=\"https:\/\/travelist.pl\/hotele\/polska\/slaskie\/wisla\"><img loading=\"lazy\" decoding=\"async\" width=\"1024\" height=\"576\" data-attachment-id=\"46884\" data-permalink=\"https:\/\/travelist.pl\/magazyn\/atrakcje-dla-dzieci-w-wisle-gdzie-wybrac-sie-z-rodzina\/wodospad-w-wisle-czarne\" data-orig-file=\"https:\/\/travelist.pl\/magazyn\/wp-content\/uploads\/2026\/08\/Wodospad-w-Wisle-Czarne.jpg\" data-orig-size=\"1920,1080\" data-comments-opened=\"0\" data-image-meta=\"{&quot;aperture&quot;:&quot;0&quot;,&quot;credit&quot;:&quot;&quot;,&quot;camera&quot;:&quot;&quot;,&quot;caption&quot;:&quot;&quot;,&quot;created_timestamp&quot;:&quot;0&quot;,&quot;copyright&quot;:&quot;&quot;,&quot;focal_length&quot;:&quot;0&quot;,&quot;iso&quot;:&quot;0&quot;,&quot;shutter_speed&quot;:&quot;0&quot;,&quot;title&quot;:&quot;&quot;,&quot;orientation&quot;:&quot;0&quot;}\" data-image-title=\"Wodospad w Wis\u0301le Czarne\" data-image-description=\"\" data-image-caption=\"\" data-medium-file=\"https:\/\/travelist.pl\/magazyn\/wp-content\/uploads\/2026\/08\/Wodospad-w-Wisle-Czarne-300x169.jpg\" data-large-file=\"https:\/\/travelist.pl\/magazyn\/wp-content\/uploads\/2026\/08\/Wodospad-w-Wisle-Czarne-1024x576.jpg\" src=\"https:\/\/travelist.pl\/magazyn\/wp-content\/uploads\/2026\/08\/Wodospad-w-Wisle-Czarne-1024x576.jpg\" alt=\"Wodospad w Wis\u0301le Czarne - Magazyn travelist\" class=\"wp-image-46884\" srcset=\"https:\/\/travelist.pl\/magazyn\/wp-content\/uploads\/2026\/08\/Wodospad-w-Wisle-Czarne-1024x576.jpg 1024w, https:\/\/travelist.pl\/magazyn\/wp-content\/uploads\/2026\/08\/Wodospad-w-Wisle-Czarne-300x169.jpg 300w, https:\/\/travelist.pl\/magazyn\/wp-content\/uploads\/2026\/08\/Wodospad-w-Wisle-Czarne-768x432.jpg 768w, https:\/\/travelist.pl\/magazyn\/wp-content\/uploads\/2026\/08\/Wodospad-w-Wisle-Czarne-1536x864.jpg 1536w, https:\/\/travelist.pl\/magazyn\/wp-content\/uploads\/2026\/08\/Wodospad-w-Wisle-Czarne-18x10.jpg 18w, https:\/\/travelist.pl\/magazyn\/wp-content\/uploads\/2026\/08\/Wodospad-w-Wisle-Czarne.jpg 1920w\" sizes=\"(max-width: 1024px) 100vw, 1024px\" \/><\/a><\/figure>\n\n\n\n<div style=\"height:20px\" aria-hidden=\"true\" class=\"wp-block-spacer\"><\/div>\n\n\n\n<p>Do wodospadu mo\u017cna \u0142atwo dotrze\u0107, dlatego jest \u015bwietnym celem wycieczki z m\u0142odszymi dzie\u0107mi. Obok znajduj\u0105 si\u0119 charakterystyczne przep\u0142awki umo\u017cliwiaj\u0105ce rybom przemieszczanie si\u0119 wzd\u0142u\u017c cieku, kt\u00f3re mo\u017cna obserwowa\u0107 z dzieciakami.&nbsp;<\/p>\n\n\n\n<div class=\"wp-block-buttons is-content-justification-center is-layout-flex wp-container-core-buttons-is-layout-5 wp-block-buttons-is-layout-flex\">\n<div class=\"wp-block-button\"><a class=\"wp-block-button__link wp-element-button\" href=\"https:\/\/travelist.pl\/hotele\/polska\/slaskie\/wisla\">Rezerwuj hotele na rodzinny urlop w Wi\u015ble TANIEJ na Travelist.pl&gt;&gt;<\/a><\/div>\n<\/div>\n\n\n\n<div style=\"height:11px\" aria-hidden=\"true\" class=\"wp-block-spacer\"><\/div>\n\n\n\n<h2 class=\"wp-block-heading\">Aleja Gwiazd Sportu \u2013 spacer \u015bladami najwybitniejszych polskich sportowc\u00f3w<\/h2>\n\n\n\n<p>Spaceruj\u0105c po centrum Wis\u0142y, koniecznie zajrzyjcie na Alej\u0119 Gwiazd Sportu. Znajduje si\u0119 ona na g\u0142\u00f3wnym deptaku przy placu Bogumi\u0142a Hoffa. Mo\u017cna tu podziwia\u0107 pami\u0105tkowe tablice po\u015bwi\u0119cone wybitnym polskim sportowcom.&nbsp;<\/p>\n\n\n\n<p>Pierwsza pami\u0105tkowa tablica po\u015bwi\u0119cona zosta\u0142a Adamowi Ma\u0142yszowi, a p\u00f3\u017aniej do\u0142\u0105czy\u0142y kolejne nazwiska os\u00f3b zwi\u0105zanych ze sportem, m.in. Piotra \u017by\u0142y, Apoloniusza Tajnera, Jana Szturca, Janusza Rokickiego czy Antoniego Piechniczka.<\/p>\n\n\n\n<div class=\"wp-block-buttons is-content-justification-center is-layout-flex wp-container-core-buttons-is-layout-6 wp-block-buttons-is-layout-flex\">\n<div class=\"wp-block-button\"><a class=\"wp-block-button__link wp-element-button\" href=\"https:\/\/travelist.pl\/hotele\/polska\/slaskie\/wisla\">Rezerwuj hotele na rodzinny urlop w Wi\u015ble TANIEJ na Travelist.pl&gt;&gt;<\/a><\/div>\n<\/div>\n\n\n\n<div style=\"height:11px\" aria-hidden=\"true\" class=\"wp-block-spacer\"><\/div>\n\n\n\n<h2 class=\"wp-block-heading\">Muzeum Beskidzkie \u2013 poznawanie tradycji i kultury regionu w przyst\u0119pnej formie dla dzieci<\/h2>\n\n\n\n<p>Czy dzieci wiedz\u0105, jak dawniej mieszkali beskidzcy g\u00f3rale, czym zajmowali si\u0119 na co dzie\u0144 i jak wygl\u0105da\u0142y ich stroje? Odpowiedzi znajdziecie w Muzeum Beskidzkim im. Andrzeja Pod\u017corskiego, mieszcz\u0105cym si\u0119 w centrum Wis\u0142y w zabytkowej karczmie z 1794 roku.<\/p>\n\n\n\n<p>Muzeum prezentuje kultur\u0119 g\u00f3rali \u015bl\u0105skich. Mo\u017cna tu zobaczy\u0107 tradycyjne stroje, dawne przedmioty codziennego u\u017cytku, narz\u0119dzia oraz eksponaty zwi\u0105zane z miejscowym rzemios\u0142em.<\/p>\n\n\n\n<p>Bardzo ciekaw\u0105 cz\u0119\u015bci\u0105 muzeum jest Enklawa Budownictwa Drewnianego, gdzie na w\u0142asne oczy mo\u017cna zobaczy\u0107 przyk\u0142ady tradycyjnej beskidzkiej architektury. Wi\u0119cej propozycji znajdziecie w naszym przewodniku<a href=\"https:\/\/travelist.pl\/magazyn\/top-15-atrakcji-turystycznych-w-wisle-co-warto-zobaczyc\"> Wis\u0142a \u2013 atrakcje<\/a>.<\/p>\n\n\n\n<div class=\"wp-block-buttons is-content-justification-center is-layout-flex wp-container-core-buttons-is-layout-7 wp-block-buttons-is-layout-flex\">\n<div class=\"wp-block-button\"><a class=\"wp-block-button__link wp-element-button\" href=\"https:\/\/travelist.pl\/hotele\/polska\/slaskie\/wisla\">Rezerwuj hotele na rodzinny urlop w Wi\u015ble TANIEJ na Travelist.pl&gt;&gt;<\/a><\/div>\n<\/div>\n\n\n\n<div style=\"height:11px\" aria-hidden=\"true\" class=\"wp-block-spacer\"><\/div>\n\n\n\n<h2 class=\"wp-block-heading\">Park Kopczy\u0144skiego i Zabytkowy Park Przyg\u00f3d w Wi\u015ble \u2013 nowoczesny plac zabaw z parkiem miniatur<\/h2>\n\n\n\n<p>Park im. Stanis\u0142awa Kopczy\u0144skiego znajduje si\u0119 w samym centrum Wis\u0142y i jest idealnym miejscem na wypoczynek w pogodny dzie\u0144. Na terenie parku czeka na dzieciaki wiele atrakcji, <a href=\"http:\/\/m.in\">m.in<\/a>. plac zabaw, skatepark, \u015bcianki wspinaczkowe, sto\u0142y do ping-ponga, boiska i strefy rekreacyjne.&nbsp;<\/p>\n\n\n\n<figure class=\"wp-block-image alignwide size-large\"><a href=\"https:\/\/travelist.pl\/hotele\/polska\/slaskie\/wisla\"><img loading=\"lazy\" decoding=\"async\" width=\"1024\" height=\"576\" data-attachment-id=\"46879\" data-permalink=\"https:\/\/travelist.pl\/magazyn\/atrakcje-dla-dzieci-w-wisle-gdzie-wybrac-sie-z-rodzina\/park-kopczynskiego\" data-orig-file=\"https:\/\/travelist.pl\/magazyn\/wp-content\/uploads\/2026\/08\/Park-Kopczynskiego.jpg\" data-orig-size=\"1920,1080\" data-comments-opened=\"0\" data-image-meta=\"{&quot;aperture&quot;:&quot;0&quot;,&quot;credit&quot;:&quot;&quot;,&quot;camera&quot;:&quot;&quot;,&quot;caption&quot;:&quot;&quot;,&quot;created_timestamp&quot;:&quot;0&quot;,&quot;copyright&quot;:&quot;&quot;,&quot;focal_length&quot;:&quot;0&quot;,&quot;iso&quot;:&quot;0&quot;,&quot;shutter_speed&quot;:&quot;0&quot;,&quot;title&quot;:&quot;&quot;,&quot;orientation&quot;:&quot;0&quot;}\" data-image-title=\"Park Kopczyn\u0301skiego\" data-image-description=\"\" data-image-caption=\"\" data-medium-file=\"https:\/\/travelist.pl\/magazyn\/wp-content\/uploads\/2026\/08\/Park-Kopczynskiego-300x169.jpg\" data-large-file=\"https:\/\/travelist.pl\/magazyn\/wp-content\/uploads\/2026\/08\/Park-Kopczynskiego-1024x576.jpg\" src=\"https:\/\/travelist.pl\/magazyn\/wp-content\/uploads\/2026\/08\/Park-Kopczynskiego-1024x576.jpg\" alt=\"Park Kopczyn\u0301skiego - Magazyn Travelist\" class=\"wp-image-46879\" srcset=\"https:\/\/travelist.pl\/magazyn\/wp-content\/uploads\/2026\/08\/Park-Kopczynskiego-1024x576.jpg 1024w, https:\/\/travelist.pl\/magazyn\/wp-content\/uploads\/2026\/08\/Park-Kopczynskiego-300x169.jpg 300w, https:\/\/travelist.pl\/magazyn\/wp-content\/uploads\/2026\/08\/Park-Kopczynskiego-768x432.jpg 768w, https:\/\/travelist.pl\/magazyn\/wp-content\/uploads\/2026\/08\/Park-Kopczynskiego-1536x864.jpg 1536w, https:\/\/travelist.pl\/magazyn\/wp-content\/uploads\/2026\/08\/Park-Kopczynskiego-18x10.jpg 18w, https:\/\/travelist.pl\/magazyn\/wp-content\/uploads\/2026\/08\/Park-Kopczynskiego.jpg 1920w\" sizes=\"(max-width: 1024px) 100vw, 1024px\" \/><\/a><\/figure>\n\n\n\n<div style=\"height:21px\" aria-hidden=\"true\" class=\"wp-block-spacer\"><\/div>\n\n\n\n<p>Szczeg\u00f3lnie ciekawy jest Zabytkowy Park Przyg\u00f3d, gdzie ustawiono miniatury charakterystycznych budowli le\u017c\u0105cych nad Wis\u0142\u0105 \u2013 od Rezydencji Prezydenta RP, przez Wawel i Zamek Kr\u00f3lewski w Warszawie, a\u017c po gda\u0144ski \u017buraw. Obok znajduje si\u0119 ekspozycja pokazuj\u0105ca bieg Wis\u0142y od \u017ar\u00f3de\u0142 a\u017c do Ba\u0142tyku.<\/p>\n\n\n\n<div class=\"wp-block-buttons is-content-justification-center is-layout-flex wp-container-core-buttons-is-layout-8 wp-block-buttons-is-layout-flex\">\n<div class=\"wp-block-button\"><a class=\"wp-block-button__link wp-element-button\" href=\"https:\/\/travelist.pl\/hotele\/polska\/slaskie\/wisla\">Rezerwuj hotele na rodzinny urlop w Wi\u015ble TANIEJ na Travelist.pl&gt;&gt;<\/a><\/div>\n<\/div>\n\n\n\n<div style=\"height:11px\" aria-hidden=\"true\" class=\"wp-block-spacer\"><\/div>\n\n\n\n<h2 class=\"wp-block-heading\">Rezydencja Prezydenta RP Zamek w Wi\u015ble \u2013 widokowa atrakcja po\u0142\u0105czona z \u0142atwym spacerem<\/h2>\n\n\n\n<p>Chcecie zobaczy\u0107, w jakich warunkach wypoczywa sam prezydent? B\u0119d\u0105c w Wi\u015ble macie tak\u0105 okazj\u0119! Wystarczy odwiedzi\u0107 Zamek Prezydenta RP (po wcze\u015bniejszej rezerwacji) &#8211; o ile na jego terenie nie przebywa g\u0142owa pa\u0144stwa.<\/p>\n\n\n\n<div class=\"wp-block-jetpack-tiled-gallery alignwide is-style-rectangular\"><div class=\"tiled-gallery__gallery\"><div class=\"tiled-gallery__row\"><div class=\"tiled-gallery__col\" style=\"flex-basis:50.00000%\"><figure class=\"tiled-gallery__item\"><img decoding=\"async\" data-attachment-id=\"46880\" data-permalink=\"https:\/\/travelist.pl\/magazyn\/atrakcje-dla-dzieci-w-wisle-gdzie-wybrac-sie-z-rodzina\/rezydencja-prezydenta-rp-zamek-w-wisle-1\" data-orig-file=\"https:\/\/travelist.pl\/magazyn\/wp-content\/uploads\/2026\/08\/Rezydencja-Prezydenta-RP-Zamek-w-Wisle-1.jpg\" data-orig-size=\"1920,1080\" data-comments-opened=\"0\" data-image-meta=\"{&quot;aperture&quot;:&quot;0&quot;,&quot;credit&quot;:&quot;&quot;,&quot;camera&quot;:&quot;&quot;,&quot;caption&quot;:&quot;&quot;,&quot;created_timestamp&quot;:&quot;0&quot;,&quot;copyright&quot;:&quot;&quot;,&quot;focal_length&quot;:&quot;0&quot;,&quot;iso&quot;:&quot;0&quot;,&quot;shutter_speed&quot;:&quot;0&quot;,&quot;title&quot;:&quot;&quot;,&quot;orientation&quot;:&quot;0&quot;}\" data-image-title=\"Rezydencja Prezydenta RP Zamek w Wis\u0301le 1\" data-image-description=\"\" data-image-caption=\"\" data-medium-file=\"https:\/\/travelist.pl\/magazyn\/wp-content\/uploads\/2026\/08\/Rezydencja-Prezydenta-RP-Zamek-w-Wisle-1-300x169.jpg\" data-large-file=\"https:\/\/travelist.pl\/magazyn\/wp-content\/uploads\/2026\/08\/Rezydencja-Prezydenta-RP-Zamek-w-Wisle-1-1024x576.jpg\" data-attachment-id=\"46880\" data-permalink=\"https:\/\/travelist.pl\/magazyn\/atrakcje-dla-dzieci-w-wisle-gdzie-wybrac-sie-z-rodzina\/rezydencja-prezydenta-rp-zamek-w-wisle-1\" data-orig-file=\"https:\/\/travelist.pl\/magazyn\/wp-content\/uploads\/2026\/08\/Rezydencja-Prezydenta-RP-Zamek-w-Wisle-1.jpg\" data-orig-size=\"1920,1080\" data-comments-opened=\"0\" data-image-meta=\"{&quot;aperture&quot;:&quot;0&quot;,&quot;credit&quot;:&quot;&quot;,&quot;camera&quot;:&quot;&quot;,&quot;caption&quot;:&quot;&quot;,&quot;created_timestamp&quot;:&quot;0&quot;,&quot;copyright&quot;:&quot;&quot;,&quot;focal_length&quot;:&quot;0&quot;,&quot;iso&quot;:&quot;0&quot;,&quot;shutter_speed&quot;:&quot;0&quot;,&quot;title&quot;:&quot;&quot;,&quot;orientation&quot;:&quot;0&quot;}\" data-image-title=\"Rezydencja Prezydenta RP Zamek w Wis\u0301le 1\" data-image-description=\"\" data-image-caption=\"\" data-medium-file=\"https:\/\/travelist.pl\/magazyn\/wp-content\/uploads\/2026\/08\/Rezydencja-Prezydenta-RP-Zamek-w-Wisle-1-300x169.jpg\" data-large-file=\"https:\/\/travelist.pl\/magazyn\/wp-content\/uploads\/2026\/08\/Rezydencja-Prezydenta-RP-Zamek-w-Wisle-1-1024x576.jpg\" srcset=\"https:\/\/i1.wp.com\/magazyn.travelist.pl\/wp-content\/uploads\/2026\/08\/Rezydencja-Prezydenta-RP-Zamek-w-Wisle-1-1024x576.jpg?strip=info&#038;w=600&#038;ssl=1 600w,https:\/\/i1.wp.com\/magazyn.travelist.pl\/wp-content\/uploads\/2026\/08\/Rezydencja-Prezydenta-RP-Zamek-w-Wisle-1-1024x576.jpg?strip=info&#038;w=900&#038;ssl=1 900w,https:\/\/i1.wp.com\/magazyn.travelist.pl\/wp-content\/uploads\/2026\/08\/Rezydencja-Prezydenta-RP-Zamek-w-Wisle-1-1024x576.jpg?strip=info&#038;w=1200&#038;ssl=1 1200w,https:\/\/i1.wp.com\/magazyn.travelist.pl\/wp-content\/uploads\/2026\/08\/Rezydencja-Prezydenta-RP-Zamek-w-Wisle-1-1024x576.jpg?strip=info&#038;w=1500&#038;ssl=1 1500w,https:\/\/i1.wp.com\/magazyn.travelist.pl\/wp-content\/uploads\/2026\/08\/Rezydencja-Prezydenta-RP-Zamek-w-Wisle-1-1024x576.jpg?strip=info&#038;w=1800&#038;ssl=1 1800w,https:\/\/i1.wp.com\/magazyn.travelist.pl\/wp-content\/uploads\/2026\/08\/Rezydencja-Prezydenta-RP-Zamek-w-Wisle-1-1024x576.jpg?strip=info&#038;w=1920&#038;ssl=1 1920w\" alt=\"Rezydencja Prezydenta RP Zamek w Wis\u0301le - Magazyn travelist\" data-height=\"1080\" data-id=\"46880\" data-link=\"https:\/\/travelist.pl\/magazyn\/?attachment_id=46880\" data-url=\"https:\/\/travelist.pl\/magazyn\/wp-content\/uploads\/2026\/08\/Rezydencja-Prezydenta-RP-Zamek-w-Wisle-1-1024x576.jpg\" data-width=\"1920\" src=\"https:\/\/i1.wp.com\/magazyn.travelist.pl\/wp-content\/uploads\/2026\/08\/Rezydencja-Prezydenta-RP-Zamek-w-Wisle-1-1024x576.jpg?ssl=1\" data-amp-layout=\"responsive\"\/><\/figure><\/div><div class=\"tiled-gallery__col\" style=\"flex-basis:50.00000%\"><figure class=\"tiled-gallery__item\"><img decoding=\"async\" data-attachment-id=\"46881\" data-permalink=\"https:\/\/travelist.pl\/magazyn\/atrakcje-dla-dzieci-w-wisle-gdzie-wybrac-sie-z-rodzina\/rezydencja-prezydenta-rp-zamek-w-wisle-2\" data-orig-file=\"https:\/\/travelist.pl\/magazyn\/wp-content\/uploads\/2026\/08\/Rezydencja-Prezydenta-RP-Zamek-w-Wisle-2.jpg\" data-orig-size=\"1920,1080\" data-comments-opened=\"0\" data-image-meta=\"{&quot;aperture&quot;:&quot;0&quot;,&quot;credit&quot;:&quot;&quot;,&quot;camera&quot;:&quot;&quot;,&quot;caption&quot;:&quot;&quot;,&quot;created_timestamp&quot;:&quot;0&quot;,&quot;copyright&quot;:&quot;&quot;,&quot;focal_length&quot;:&quot;0&quot;,&quot;iso&quot;:&quot;0&quot;,&quot;shutter_speed&quot;:&quot;0&quot;,&quot;title&quot;:&quot;&quot;,&quot;orientation&quot;:&quot;0&quot;}\" data-image-title=\"Rezydencja Prezydenta RP Zamek w Wis\u0301le 2\" data-image-description=\"\" data-image-caption=\"\" data-medium-file=\"https:\/\/travelist.pl\/magazyn\/wp-content\/uploads\/2026\/08\/Rezydencja-Prezydenta-RP-Zamek-w-Wisle-2-300x169.jpg\" data-large-file=\"https:\/\/travelist.pl\/magazyn\/wp-content\/uploads\/2026\/08\/Rezydencja-Prezydenta-RP-Zamek-w-Wisle-2-1024x576.jpg\" data-attachment-id=\"46881\" data-permalink=\"https:\/\/travelist.pl\/magazyn\/atrakcje-dla-dzieci-w-wisle-gdzie-wybrac-sie-z-rodzina\/rezydencja-prezydenta-rp-zamek-w-wisle-2\" data-orig-file=\"https:\/\/travelist.pl\/magazyn\/wp-content\/uploads\/2026\/08\/Rezydencja-Prezydenta-RP-Zamek-w-Wisle-2.jpg\" data-orig-size=\"1920,1080\" data-comments-opened=\"0\" data-image-meta=\"{&quot;aperture&quot;:&quot;0&quot;,&quot;credit&quot;:&quot;&quot;,&quot;camera&quot;:&quot;&quot;,&quot;caption&quot;:&quot;&quot;,&quot;created_timestamp&quot;:&quot;0&quot;,&quot;copyright&quot;:&quot;&quot;,&quot;focal_length&quot;:&quot;0&quot;,&quot;iso&quot;:&quot;0&quot;,&quot;shutter_speed&quot;:&quot;0&quot;,&quot;title&quot;:&quot;&quot;,&quot;orientation&quot;:&quot;0&quot;}\" data-image-title=\"Rezydencja Prezydenta RP Zamek w Wis\u0301le 2\" data-image-description=\"\" data-image-caption=\"\" data-medium-file=\"https:\/\/travelist.pl\/magazyn\/wp-content\/uploads\/2026\/08\/Rezydencja-Prezydenta-RP-Zamek-w-Wisle-2-300x169.jpg\" data-large-file=\"https:\/\/travelist.pl\/magazyn\/wp-content\/uploads\/2026\/08\/Rezydencja-Prezydenta-RP-Zamek-w-Wisle-2-1024x576.jpg\" srcset=\"https:\/\/i2.wp.com\/magazyn.travelist.pl\/wp-content\/uploads\/2026\/08\/Rezydencja-Prezydenta-RP-Zamek-w-Wisle-2-1024x576.jpg?strip=info&#038;w=600&#038;ssl=1 600w,https:\/\/i2.wp.com\/magazyn.travelist.pl\/wp-content\/uploads\/2026\/08\/Rezydencja-Prezydenta-RP-Zamek-w-Wisle-2-1024x576.jpg?strip=info&#038;w=900&#038;ssl=1 900w,https:\/\/i2.wp.com\/magazyn.travelist.pl\/wp-content\/uploads\/2026\/08\/Rezydencja-Prezydenta-RP-Zamek-w-Wisle-2-1024x576.jpg?strip=info&#038;w=1200&#038;ssl=1 1200w,https:\/\/i2.wp.com\/magazyn.travelist.pl\/wp-content\/uploads\/2026\/08\/Rezydencja-Prezydenta-RP-Zamek-w-Wisle-2-1024x576.jpg?strip=info&#038;w=1500&#038;ssl=1 1500w,https:\/\/i2.wp.com\/magazyn.travelist.pl\/wp-content\/uploads\/2026\/08\/Rezydencja-Prezydenta-RP-Zamek-w-Wisle-2-1024x576.jpg?strip=info&#038;w=1800&#038;ssl=1 1800w,https:\/\/i2.wp.com\/magazyn.travelist.pl\/wp-content\/uploads\/2026\/08\/Rezydencja-Prezydenta-RP-Zamek-w-Wisle-2-1024x576.jpg?strip=info&#038;w=1920&#038;ssl=1 1920w\" alt=\"Rezydencja Prezydenta RP Zamek w Wis\u0301le - Magazyn travelist\" data-height=\"1080\" data-id=\"46881\" data-link=\"https:\/\/travelist.pl\/magazyn\/?attachment_id=46881\" data-url=\"https:\/\/travelist.pl\/magazyn\/wp-content\/uploads\/2026\/08\/Rezydencja-Prezydenta-RP-Zamek-w-Wisle-2-1024x576.jpg\" data-width=\"1920\" src=\"https:\/\/i2.wp.com\/magazyn.travelist.pl\/wp-content\/uploads\/2026\/08\/Rezydencja-Prezydenta-RP-Zamek-w-Wisle-2-1024x576.jpg?ssl=1\" data-amp-layout=\"responsive\"\/><\/figure><\/div><\/div><\/div><\/div>\n\n\n\n<div style=\"height:20px\" aria-hidden=\"true\" class=\"wp-block-spacer\"><\/div>\n\n\n\n<p>Budowla powsta\u0142a w latach 1929\u20131930 wed\u0142ug projektu Adolfa Szyszko-Bohusza. Do dzi\u015b pe\u0142ni funkcj\u0119 oficjalnej rezydencji prezydenta. Zwiedzanie odbywa si\u0119 z przewodnikiem i wymaga wcze\u015bniejszego zg\u0142oszenia. Wed\u0142ug aktualnych zasad bezp\u0142atne wej\u015bcia organizowane s\u0105 od \u015brody do soboty, a rezerwacji nale\u017cy dokona\u0107 co najmniej siedem dni wcze\u015bniej.<\/p>\n\n\n\n<div class=\"wp-block-buttons is-content-justification-center is-layout-flex wp-container-core-buttons-is-layout-9 wp-block-buttons-is-layout-flex\">\n<div class=\"wp-block-button\"><a class=\"wp-block-button__link wp-element-button\" href=\"https:\/\/travelist.pl\/hotele\/polska\/slaskie\/wisla\">Rezerwuj hotele na rodzinny urlop w Wi\u015ble TANIEJ na Travelist.pl&gt;&gt;<\/a><\/div>\n<\/div>\n\n\n\n<div style=\"height:11px\" aria-hidden=\"true\" class=\"wp-block-spacer\"><\/div>\n\n\n\n<h2 class=\"wp-block-heading\">Centrum Edukacji Ekologicznej w Wi\u015ble \u2013 interaktywna przestrze\u0144 pe\u0142na gier, multimedi\u00f3w i zagadek przyrodniczych<\/h2>\n\n\n\n<p>Kolejne miejsce, kt\u00f3re z pewno\u015bci\u0105 przypadnie dzieciakom do gustu, to Centrum Edukacji Ekologicznej na terenie Jonid\u0142a. To \u015bwietne miejsce, gdzie edukacja \u0142\u0105czy si\u0119 z rekreacj\u0105. Na terenie centrum znajduj\u0105 si\u0119 mi\u0119dzy innymi ogr\u00f3d pachn\u0105cych zi\u00f3\u0142, ogr\u00f3d ro\u015blin kwitn\u0105cych, ogr\u00f3d zmys\u0142\u00f3w, korytarz traw i zb\u00f3\u017c oraz labirynt z ro\u015blin pn\u0105cych.&nbsp;<\/p>\n\n\n\n<p>Dzieci mog\u0105 r\u00f3wnie\u017c korzysta\u0107 z trampolin, a ustawione w ogrodach tablice i pod\u015bwietlane totemy opowiadaj\u0105 o faunie oraz florze Beskidu \u015al\u0105skiego. W Centrum organizowane s\u0105 te\u017c specjalne wydarzenia i warsztaty, dlatego warto przed wizyt\u0105 sprawdzi\u0107 bie\u017c\u0105cy harmonogram.&nbsp;<\/p>\n\n\n\n<div class=\"wp-block-buttons is-content-justification-center is-layout-flex wp-container-core-buttons-is-layout-10 wp-block-buttons-is-layout-flex\">\n<div class=\"wp-block-button\"><a class=\"wp-block-button__link wp-element-button\" href=\"https:\/\/travelist.pl\/hotele\/polska\/slaskie\/wisla\">Rezerwuj hotele na rodzinny urlop w Wi\u015ble TANIEJ na Travelist.pl&gt;&gt;<\/a><\/div>\n<\/div>\n\n\n\n<div style=\"height:11px\" aria-hidden=\"true\" class=\"wp-block-spacer\"><\/div>\n\n\n\n<h2 class=\"wp-block-heading\">Trasy spacerowe nad Wis\u0142\u0105 \u2013 \u0142atwe szlaki idealne dla rodzin z m\u0142odszymi dzie\u0107mi<\/h2>\n\n\n\n<p>Chcecie zabra\u0107 swoj\u0105 pociech\u0119 na szlak, ale obawiacie si\u0119, \u017ce nie da rady (a wy nie dacie rady go nie\u015b\u0107 ca\u0142\u0105 drog\u0119)? Spokojnie, wybierzcie na pocz\u0105tek co\u015b kr\u00f3tkiego. Najprostsza trasa przez centrum ma oko\u0142o 2 km i zajmuje mniej wi\u0119cej 45 minut.&nbsp;<\/p>\n\n\n\n<p>Nieco d\u0142u\u017cszy spacer mo\u017cna urz\u0105dzi\u0107 \u201ew g\u00f3r\u0119 Doliny Wis\u0142y\u201d \u2013 od placu Hoffa przez Park Kopczy\u0144skiego i dalej wzd\u0142u\u017c doliny rzeki. Oficjalna sie\u0107 obejmuje tak\u017ce liczne oznakowane trasy o d\u0142ugo\u015bci od oko\u0142o 3 do kilkunastu kilometr\u00f3w.<\/p>\n\n\n\n<figure class=\"wp-block-image alignwide size-large\"><a href=\"https:\/\/travelist.pl\/hotele\/polska\/slaskie\/wisla\"><img loading=\"lazy\" decoding=\"async\" width=\"1024\" height=\"576\" data-attachment-id=\"46883\" data-permalink=\"https:\/\/travelist.pl\/magazyn\/atrakcje-dla-dzieci-w-wisle-gdzie-wybrac-sie-z-rodzina\/trasy-spacerowe-nad-wisla%cc%a8\" data-orig-file=\"https:\/\/travelist.pl\/magazyn\/wp-content\/uploads\/2026\/08\/Trasy-spacerowe-nad-Wisla.jpg\" data-orig-size=\"1920,1080\" data-comments-opened=\"0\" data-image-meta=\"{&quot;aperture&quot;:&quot;0&quot;,&quot;credit&quot;:&quot;&quot;,&quot;camera&quot;:&quot;&quot;,&quot;caption&quot;:&quot;&quot;,&quot;created_timestamp&quot;:&quot;0&quot;,&quot;copyright&quot;:&quot;&quot;,&quot;focal_length&quot;:&quot;0&quot;,&quot;iso&quot;:&quot;0&quot;,&quot;shutter_speed&quot;:&quot;0&quot;,&quot;title&quot;:&quot;&quot;,&quot;orientation&quot;:&quot;0&quot;}\" data-image-title=\"Trasy spacerowe nad Wis\u0142a\u0328\" data-image-description=\"\" data-image-caption=\"\" data-medium-file=\"https:\/\/travelist.pl\/magazyn\/wp-content\/uploads\/2026\/08\/Trasy-spacerowe-nad-Wisla-300x169.jpg\" data-large-file=\"https:\/\/travelist.pl\/magazyn\/wp-content\/uploads\/2026\/08\/Trasy-spacerowe-nad-Wisla-1024x576.jpg\" src=\"https:\/\/travelist.pl\/magazyn\/wp-content\/uploads\/2026\/08\/Trasy-spacerowe-nad-Wisla-1024x576.jpg\" alt=\"Trasy spacerowe nad Wis\u0142a\u0328 - Magazyn Travelist\" class=\"wp-image-46883\" srcset=\"https:\/\/travelist.pl\/magazyn\/wp-content\/uploads\/2026\/08\/Trasy-spacerowe-nad-Wisla-1024x576.jpg 1024w, https:\/\/travelist.pl\/magazyn\/wp-content\/uploads\/2026\/08\/Trasy-spacerowe-nad-Wisla-300x169.jpg 300w, https:\/\/travelist.pl\/magazyn\/wp-content\/uploads\/2026\/08\/Trasy-spacerowe-nad-Wisla-768x432.jpg 768w, https:\/\/travelist.pl\/magazyn\/wp-content\/uploads\/2026\/08\/Trasy-spacerowe-nad-Wisla-1536x864.jpg 1536w, https:\/\/travelist.pl\/magazyn\/wp-content\/uploads\/2026\/08\/Trasy-spacerowe-nad-Wisla-18x10.jpg 18w, https:\/\/travelist.pl\/magazyn\/wp-content\/uploads\/2026\/08\/Trasy-spacerowe-nad-Wisla.jpg 1920w\" sizes=\"(max-width: 1024px) 100vw, 1024px\" \/><\/a><\/figure>\n\n\n\n<div style=\"height:20px\" aria-hidden=\"true\" class=\"wp-block-spacer\"><\/div>\n\n\n\n<p>Ciekaw\u0105 opcj\u0105 jest te\u017c Szlak Nied\u017awiadka. Podczas spacerowania po Wi\u015ble dzieci wypatruj\u0105 kolejnych figurek nied\u017awiadk\u00f3w ustawionych przy atrakcjach i charakterystycznych punktach miasta.&nbsp;<\/p>\n\n\n\n<p>Wi\u0119cej pomys\u0142\u00f3w na rodzinne<a href=\"https:\/\/travelist.pl\/magazyn\/atrakcje-w-gorach-odkryj-ciekawe-miejsca-i-dowiedz-sie-co-warto-zobaczyc\"> atrakcje w g\u00f3rach<\/a> znajdziecie w przewodnikach Travelist.<\/p>\n\n\n\n<div class=\"wp-block-buttons is-content-justification-center is-layout-flex wp-container-core-buttons-is-layout-11 wp-block-buttons-is-layout-flex\">\n<div class=\"wp-block-button\"><a class=\"wp-block-button__link wp-element-button\" href=\"https:\/\/travelist.pl\/hotele\/polska\/slaskie\/wisla\">Rezerwuj hotele na rodzinny urlop w Wi\u015ble TANIEJ na Travelist.pl&gt;&gt;<\/a><\/div>\n<\/div>\n\n\n\n<div style=\"height:11px\" aria-hidden=\"true\" class=\"wp-block-spacer\"><\/div>\n\n\n\n<h2 class=\"wp-block-heading\">Park Linowy Base Camp \u2013 ciekawe trasy dla dzieci i m\u0142odzie\u017cy w g\u00f3rskim otoczeniu<\/h2>\n\n\n\n<p>Wasze dzieciaki, a mo\u017ce i wy sami uwielbiacie parki linowe? Mamy dla was \u015bwietn\u0105 wiadomo\u015b\u0107. Nieopodal Wis\u0142y, 10 km od miasta, w Istebnej, mie\u015bci si\u0119 le\u015bny park linowy Base Camp.\u00a0<\/p>\n\n\n\n<p>Po\u0142o\u017cony jest w \u015bwierkowym lesie i oferuje siedem tras o r\u00f3\u017cnym poziomie trudno\u015bci, ponad 80 przeszk\u00f3d oraz d\u0142ugie zjazdy tyrolskie. Dla najm\u0142odszych przygotowano Stref\u0119 Malucha z nisko poprowadzon\u0105 tras\u0105 zabezpieczon\u0105 siatk\u0105 oraz Fabryk\u0105 Piasku. Starszym dzieciom mo\u017cna dobra\u0107 tras\u0119 odpowiedni\u0105 do wzrostu i umiej\u0119tno\u015bci.&nbsp;<\/p>\n\n\n\n<p>Je\u015bli chcecie podczas urlopu mie\u0107 blisko zar\u00f3wno do Wis\u0142y, jak i do Istebnej oraz innych okolicznych miejscowo\u015bci, dobrym rozwi\u0105zaniem b\u0119d\u0105<a href=\"https:\/\/travelist.pl\/odkryj\/polskie-gory\"> hotele w g\u00f3rach<\/a>.&nbsp;<\/p>\n\n\n\n<div class=\"wp-block-buttons is-content-justification-center is-layout-flex wp-container-core-buttons-is-layout-12 wp-block-buttons-is-layout-flex\">\n<div class=\"wp-block-button\"><a class=\"wp-block-button__link wp-element-button\" href=\"https:\/\/travelist.pl\/hotele\/polska\/slaskie\/wisla\">Rezerwuj hotele na rodzinny urlop w Wi\u015ble TANIEJ na Travelist.pl&gt;&gt;<\/a><\/div>\n<\/div>\n\n\n\n<div style=\"height:11px\" aria-hidden=\"true\" class=\"wp-block-spacer\"><\/div>\n\n\n\n<h2 class=\"wp-block-heading\">Le\u015bny Park Niespodzianek w Ustroniu \u2013 spotkanie z jeleniami, muflonami i ptakami drapie\u017cnymi w pobli\u017cu Wis\u0142y<\/h2>\n\n\n\n<p>Oko\u0142o kilkunastu kilometr\u00f3w od Wis\u0142y znajduje si\u0119 jedna z najwi\u0119kszych rodzinnych atrakcji Beskidu \u015al\u0105skiego. Le\u015bny Park Niespodzianek w Ustroniu zajmuje oko\u0142o 15 hektar\u00f3w. Znajdziecie tu ogr\u00f3d zoologiczny, w kt\u00f3rym mo\u017cna zobaczy\u0107 m.in. jelenie, muflony, \u017cubry, dziki i \u017cbiki. Cz\u0119\u015b\u0107 zwierzak\u00f3w porusza si\u0119 swobodnie po wyznaczonej przestrzeni parku. Ogromnym zainteresowaniem ciesz\u0105 si\u0119 tak\u017ce pokazy lot\u00f3w ptak\u00f3w drapie\u017cnych i s\u00f3w.<\/p>\n\n\n\n<figure class=\"wp-block-image alignwide size-large\"><a href=\"https:\/\/travelist.pl\/hotele\/polska\/slaskie\/wisla\"><img loading=\"lazy\" decoding=\"async\" width=\"1024\" height=\"576\" data-attachment-id=\"46878\" data-permalink=\"https:\/\/travelist.pl\/magazyn\/atrakcje-dla-dzieci-w-wisle-gdzie-wybrac-sie-z-rodzina\/lesny-park-niespodzianek-w-ustroniu\" data-orig-file=\"https:\/\/travelist.pl\/magazyn\/wp-content\/uploads\/2026\/08\/Lesny-Park-Niespodzianek-w-Ustroniu.jpg\" data-orig-size=\"1920,1080\" data-comments-opened=\"0\" data-image-meta=\"{&quot;aperture&quot;:&quot;0&quot;,&quot;credit&quot;:&quot;&quot;,&quot;camera&quot;:&quot;&quot;,&quot;caption&quot;:&quot;&quot;,&quot;created_timestamp&quot;:&quot;0&quot;,&quot;copyright&quot;:&quot;&quot;,&quot;focal_length&quot;:&quot;0&quot;,&quot;iso&quot;:&quot;0&quot;,&quot;shutter_speed&quot;:&quot;0&quot;,&quot;title&quot;:&quot;&quot;,&quot;orientation&quot;:&quot;0&quot;}\" data-image-title=\"Les\u0301ny Park Niespodzianek w Ustroniu\" data-image-description=\"\" data-image-caption=\"\" data-medium-file=\"https:\/\/travelist.pl\/magazyn\/wp-content\/uploads\/2026\/08\/Lesny-Park-Niespodzianek-w-Ustroniu-300x169.jpg\" data-large-file=\"https:\/\/travelist.pl\/magazyn\/wp-content\/uploads\/2026\/08\/Lesny-Park-Niespodzianek-w-Ustroniu-1024x576.jpg\" src=\"https:\/\/travelist.pl\/magazyn\/wp-content\/uploads\/2026\/08\/Lesny-Park-Niespodzianek-w-Ustroniu-1024x576.jpg\" alt=\"Les\u0301ny Park Niespodzianek w Ustroniu - Magazyn Travelist\" class=\"wp-image-46878\" srcset=\"https:\/\/travelist.pl\/magazyn\/wp-content\/uploads\/2026\/08\/Lesny-Park-Niespodzianek-w-Ustroniu-1024x576.jpg 1024w, https:\/\/travelist.pl\/magazyn\/wp-content\/uploads\/2026\/08\/Lesny-Park-Niespodzianek-w-Ustroniu-300x169.jpg 300w, https:\/\/travelist.pl\/magazyn\/wp-content\/uploads\/2026\/08\/Lesny-Park-Niespodzianek-w-Ustroniu-768x432.jpg 768w, https:\/\/travelist.pl\/magazyn\/wp-content\/uploads\/2026\/08\/Lesny-Park-Niespodzianek-w-Ustroniu-1536x864.jpg 1536w, https:\/\/travelist.pl\/magazyn\/wp-content\/uploads\/2026\/08\/Lesny-Park-Niespodzianek-w-Ustroniu-18x10.jpg 18w, https:\/\/travelist.pl\/magazyn\/wp-content\/uploads\/2026\/08\/Lesny-Park-Niespodzianek-w-Ustroniu.jpg 1920w\" sizes=\"(max-width: 1024px) 100vw, 1024px\" \/><\/a><\/figure>\n\n\n\n<div style=\"height:20px\" aria-hidden=\"true\" class=\"wp-block-spacer\"><\/div>\n\n\n\n<p>Na najm\u0142odszych czekaj\u0105 Aleja Bajkowa, plac zabaw i Centrum Edukacji Przyrodniczo-Le\u015bnej. To b\u0119dzie niezapomniany wypad dla dzieciak\u00f3w.&nbsp;<\/p>\n\n\n\n<div class=\"wp-block-buttons is-content-justification-center is-layout-flex wp-container-core-buttons-is-layout-13 wp-block-buttons-is-layout-flex\">\n<div class=\"wp-block-button\"><a class=\"wp-block-button__link wp-element-button\" href=\"https:\/\/travelist.pl\/hotele\/polska\/slaskie\/wisla\">Rezerwuj hotele na rodzinny urlop w Wi\u015ble TANIEJ na Travelist.pl&gt;&gt;<\/a><\/div>\n<\/div>\n\n\n\n<div style=\"height:11px\" aria-hidden=\"true\" class=\"wp-block-spacer\"><\/div>\n\n\n\n<h2 class=\"wp-block-heading\">G\u00f3rski Park R\u00f3wnica w Ustroniu \u2013 park rozrywki z atrakcjami dla najm\u0142odszych<\/h2>\n\n\n\n<p>Inn\u0105 ciekaw\u0105 atrakcj\u0105 Ustronia jest G\u00f3rski Park R\u00f3wnica. Jedn\u0105 z najwi\u0119kszych atrakcji tego miejsca jest ca\u0142oroczny tor saneczkowy, rodzinny plac zabaw oraz roller coaster.&nbsp;<\/p>\n\n\n\n<figure class=\"wp-block-image alignwide size-large\"><a href=\"https:\/\/travelist.pl\/hotele\/polska\/slaskie\/wisla\"><img loading=\"lazy\" decoding=\"async\" width=\"1024\" height=\"576\" data-attachment-id=\"46875\" data-permalink=\"https:\/\/travelist.pl\/magazyn\/atrakcje-dla-dzieci-w-wisle-gdzie-wybrac-sie-z-rodzina\/gorski-park-rownica-w-ustroniu\" data-orig-file=\"https:\/\/travelist.pl\/magazyn\/wp-content\/uploads\/2026\/08\/Gorski-Park-Rownica-w-Ustroniu.jpg\" data-orig-size=\"1920,1080\" data-comments-opened=\"0\" data-image-meta=\"{&quot;aperture&quot;:&quot;0&quot;,&quot;credit&quot;:&quot;&quot;,&quot;camera&quot;:&quot;&quot;,&quot;caption&quot;:&quot;&quot;,&quot;created_timestamp&quot;:&quot;0&quot;,&quot;copyright&quot;:&quot;&quot;,&quot;focal_length&quot;:&quot;0&quot;,&quot;iso&quot;:&quot;0&quot;,&quot;shutter_speed&quot;:&quot;0&quot;,&quot;title&quot;:&quot;&quot;,&quot;orientation&quot;:&quot;0&quot;}\" data-image-title=\"Go\u0301rski Park Ro\u0301wnica w Ustroniu\" data-image-description=\"\" data-image-caption=\"\" data-medium-file=\"https:\/\/travelist.pl\/magazyn\/wp-content\/uploads\/2026\/08\/Gorski-Park-Rownica-w-Ustroniu-300x169.jpg\" data-large-file=\"https:\/\/travelist.pl\/magazyn\/wp-content\/uploads\/2026\/08\/Gorski-Park-Rownica-w-Ustroniu-1024x576.jpg\" src=\"https:\/\/travelist.pl\/magazyn\/wp-content\/uploads\/2026\/08\/Gorski-Park-Rownica-w-Ustroniu-1024x576.jpg\" alt=\"Go\u0301rski Park Ro\u0301wnica w Ustroniu - Magazyn Travelist\" class=\"wp-image-46875\" srcset=\"https:\/\/travelist.pl\/magazyn\/wp-content\/uploads\/2026\/08\/Gorski-Park-Rownica-w-Ustroniu-1024x576.jpg 1024w, https:\/\/travelist.pl\/magazyn\/wp-content\/uploads\/2026\/08\/Gorski-Park-Rownica-w-Ustroniu-300x169.jpg 300w, https:\/\/travelist.pl\/magazyn\/wp-content\/uploads\/2026\/08\/Gorski-Park-Rownica-w-Ustroniu-768x432.jpg 768w, https:\/\/travelist.pl\/magazyn\/wp-content\/uploads\/2026\/08\/Gorski-Park-Rownica-w-Ustroniu-1536x864.jpg 1536w, https:\/\/travelist.pl\/magazyn\/wp-content\/uploads\/2026\/08\/Gorski-Park-Rownica-w-Ustroniu-18x10.jpg 18w, https:\/\/travelist.pl\/magazyn\/wp-content\/uploads\/2026\/08\/Gorski-Park-Rownica-w-Ustroniu.jpg 1920w\" sizes=\"(max-width: 1024px) 100vw, 1024px\" \/><\/a><\/figure>\n\n\n\n<div style=\"height:20px\" aria-hidden=\"true\" class=\"wp-block-spacer\"><\/div>\n\n\n\n<p>Sam wjazd w okolice R\u00f3wnicy zapewnia r\u00f3wnie\u017c pi\u0119kne widoki na Ustro\u0144 i Beskid \u015al\u0105ski. Mo\u017cna wi\u0119c po\u0142\u0105czy\u0107 zabaw\u0119 z kr\u00f3tkim spacerem i obiadem w jednej z okolicznych karczm.<\/p>\n\n\n\n<div class=\"wp-block-buttons is-content-justification-center is-layout-flex wp-container-core-buttons-is-layout-14 wp-block-buttons-is-layout-flex\">\n<div class=\"wp-block-button\"><a class=\"wp-block-button__link wp-element-button\" href=\"https:\/\/travelist.pl\/hotele\/polska\/slaskie\/wisla\">Rezerwuj hotele na rodzinny urlop w Wi\u015ble TANIEJ na Travelist.pl&gt;&gt;<\/a><\/div>\n<\/div>\n\n\n\n<div style=\"height:11px\" aria-hidden=\"true\" class=\"wp-block-spacer\"><\/div>\n\n\n\n<h2 class=\"wp-block-heading\">Kolej linowa na Czantori\u0119 \u2013 rodzinna atrakcja z panoram\u0105 Beskid\u00f3w i letnim torem saneczkowym<\/h2>\n\n\n\n<p>Czantoria to kolejna atrakcja Ustronia, kt\u00f3r\u0105 bez problemu mo\u017cna odwiedzi\u0107 podczas pobytu w Wi\u015ble. Czteroosobowa kolej krzese\u0142kowa pokonuje oko\u0142o 1640 metr\u00f3w i w ci\u0105gu mniej wi\u0119cej 8 minut wywozi turyst\u00f3w na Polan\u0119 Stok\u0142osica, po\u0142o\u017con\u0105 na wysoko\u015bci ponad 850 m n.p.m.<\/p>\n\n\n\n<div class=\"wp-block-jetpack-tiled-gallery alignwide is-style-rectangular\"><div class=\"tiled-gallery__gallery\"><div class=\"tiled-gallery__row\"><div class=\"tiled-gallery__col\" style=\"flex-basis:50.00000%\"><figure class=\"tiled-gallery__item\"><img decoding=\"async\" data-attachment-id=\"46877\" data-permalink=\"https:\/\/travelist.pl\/magazyn\/atrakcje-dla-dzieci-w-wisle-gdzie-wybrac-sie-z-rodzina\/kolej-linowa-na-czantorie%cc%a8-me-1\" data-orig-file=\"https:\/\/travelist.pl\/magazyn\/wp-content\/uploads\/2026\/08\/Kolej-linowa-na-Czantorie-me-1.jpg\" data-orig-size=\"1920,1080\" data-comments-opened=\"0\" data-image-meta=\"{&quot;aperture&quot;:&quot;0&quot;,&quot;credit&quot;:&quot;&quot;,&quot;camera&quot;:&quot;&quot;,&quot;caption&quot;:&quot;&quot;,&quot;created_timestamp&quot;:&quot;0&quot;,&quot;copyright&quot;:&quot;&quot;,&quot;focal_length&quot;:&quot;0&quot;,&quot;iso&quot;:&quot;0&quot;,&quot;shutter_speed&quot;:&quot;0&quot;,&quot;title&quot;:&quot;&quot;,&quot;orientation&quot;:&quot;0&quot;}\" data-image-title=\"Kolej linowa na Czantorie\u0328 me 1\" data-image-description=\"\" data-image-caption=\"\" data-medium-file=\"https:\/\/travelist.pl\/magazyn\/wp-content\/uploads\/2026\/08\/Kolej-linowa-na-Czantorie-me-1-300x169.jpg\" data-large-file=\"https:\/\/travelist.pl\/magazyn\/wp-content\/uploads\/2026\/08\/Kolej-linowa-na-Czantorie-me-1-1024x576.jpg\" data-attachment-id=\"46877\" data-permalink=\"https:\/\/travelist.pl\/magazyn\/atrakcje-dla-dzieci-w-wisle-gdzie-wybrac-sie-z-rodzina\/kolej-linowa-na-czantorie%cc%a8-me-1\" data-orig-file=\"https:\/\/travelist.pl\/magazyn\/wp-content\/uploads\/2026\/08\/Kolej-linowa-na-Czantorie-me-1.jpg\" data-orig-size=\"1920,1080\" data-comments-opened=\"0\" data-image-meta=\"{&quot;aperture&quot;:&quot;0&quot;,&quot;credit&quot;:&quot;&quot;,&quot;camera&quot;:&quot;&quot;,&quot;caption&quot;:&quot;&quot;,&quot;created_timestamp&quot;:&quot;0&quot;,&quot;copyright&quot;:&quot;&quot;,&quot;focal_length&quot;:&quot;0&quot;,&quot;iso&quot;:&quot;0&quot;,&quot;shutter_speed&quot;:&quot;0&quot;,&quot;title&quot;:&quot;&quot;,&quot;orientation&quot;:&quot;0&quot;}\" data-image-title=\"Kolej linowa na Czantorie\u0328 me 1\" data-image-description=\"\" data-image-caption=\"\" data-medium-file=\"https:\/\/travelist.pl\/magazyn\/wp-content\/uploads\/2026\/08\/Kolej-linowa-na-Czantorie-me-1-300x169.jpg\" data-large-file=\"https:\/\/travelist.pl\/magazyn\/wp-content\/uploads\/2026\/08\/Kolej-linowa-na-Czantorie-me-1-1024x576.jpg\" srcset=\"https:\/\/i0.wp.com\/magazyn.travelist.pl\/wp-content\/uploads\/2026\/08\/Kolej-linowa-na-Czantorie-me-1-1024x576.jpg?strip=info&#038;w=600&#038;ssl=1 600w,https:\/\/i0.wp.com\/magazyn.travelist.pl\/wp-content\/uploads\/2026\/08\/Kolej-linowa-na-Czantorie-me-1-1024x576.jpg?strip=info&#038;w=900&#038;ssl=1 900w,https:\/\/i0.wp.com\/magazyn.travelist.pl\/wp-content\/uploads\/2026\/08\/Kolej-linowa-na-Czantorie-me-1-1024x576.jpg?strip=info&#038;w=1200&#038;ssl=1 1200w,https:\/\/i0.wp.com\/magazyn.travelist.pl\/wp-content\/uploads\/2026\/08\/Kolej-linowa-na-Czantorie-me-1-1024x576.jpg?strip=info&#038;w=1500&#038;ssl=1 1500w,https:\/\/i0.wp.com\/magazyn.travelist.pl\/wp-content\/uploads\/2026\/08\/Kolej-linowa-na-Czantorie-me-1-1024x576.jpg?strip=info&#038;w=1800&#038;ssl=1 1800w,https:\/\/i0.wp.com\/magazyn.travelist.pl\/wp-content\/uploads\/2026\/08\/Kolej-linowa-na-Czantorie-me-1-1024x576.jpg?strip=info&#038;w=1920&#038;ssl=1 1920w\" alt=\"Kolej linowa na Czantorie\u0328 - Magazyn Travelist\" data-height=\"1080\" data-id=\"46877\" data-link=\"https:\/\/travelist.pl\/magazyn\/?attachment_id=46877\" data-url=\"https:\/\/travelist.pl\/magazyn\/wp-content\/uploads\/2026\/08\/Kolej-linowa-na-Czantorie-me-1-1024x576.jpg\" data-width=\"1920\" src=\"https:\/\/i0.wp.com\/magazyn.travelist.pl\/wp-content\/uploads\/2026\/08\/Kolej-linowa-na-Czantorie-me-1-1024x576.jpg?ssl=1\" data-amp-layout=\"responsive\"\/><\/figure><\/div><div class=\"tiled-gallery__col\" style=\"flex-basis:50.00000%\"><figure class=\"tiled-gallery__item\"><img decoding=\"async\" data-attachment-id=\"46876\" data-permalink=\"https:\/\/travelist.pl\/magazyn\/atrakcje-dla-dzieci-w-wisle-gdzie-wybrac-sie-z-rodzina\/kolej-linowa-na-czantorie%cc%a8-2\" data-orig-file=\"https:\/\/travelist.pl\/magazyn\/wp-content\/uploads\/2026\/08\/Kolej-linowa-na-Czantorie-2.jpg\" data-orig-size=\"1920,1080\" data-comments-opened=\"0\" data-image-meta=\"{&quot;aperture&quot;:&quot;0&quot;,&quot;credit&quot;:&quot;&quot;,&quot;camera&quot;:&quot;&quot;,&quot;caption&quot;:&quot;&quot;,&quot;created_timestamp&quot;:&quot;0&quot;,&quot;copyright&quot;:&quot;&quot;,&quot;focal_length&quot;:&quot;0&quot;,&quot;iso&quot;:&quot;0&quot;,&quot;shutter_speed&quot;:&quot;0&quot;,&quot;title&quot;:&quot;&quot;,&quot;orientation&quot;:&quot;0&quot;}\" data-image-title=\"Kolej linowa na Czantorie\u0328 2\" data-image-description=\"\" data-image-caption=\"\" data-medium-file=\"https:\/\/travelist.pl\/magazyn\/wp-content\/uploads\/2026\/08\/Kolej-linowa-na-Czantorie-2-300x169.jpg\" data-large-file=\"https:\/\/travelist.pl\/magazyn\/wp-content\/uploads\/2026\/08\/Kolej-linowa-na-Czantorie-2-1024x576.jpg\" data-attachment-id=\"46876\" data-permalink=\"https:\/\/travelist.pl\/magazyn\/atrakcje-dla-dzieci-w-wisle-gdzie-wybrac-sie-z-rodzina\/kolej-linowa-na-czantorie%cc%a8-2\" data-orig-file=\"https:\/\/travelist.pl\/magazyn\/wp-content\/uploads\/2026\/08\/Kolej-linowa-na-Czantorie-2.jpg\" data-orig-size=\"1920,1080\" data-comments-opened=\"0\" data-image-meta=\"{&quot;aperture&quot;:&quot;0&quot;,&quot;credit&quot;:&quot;&quot;,&quot;camera&quot;:&quot;&quot;,&quot;caption&quot;:&quot;&quot;,&quot;created_timestamp&quot;:&quot;0&quot;,&quot;copyright&quot;:&quot;&quot;,&quot;focal_length&quot;:&quot;0&quot;,&quot;iso&quot;:&quot;0&quot;,&quot;shutter_speed&quot;:&quot;0&quot;,&quot;title&quot;:&quot;&quot;,&quot;orientation&quot;:&quot;0&quot;}\" data-image-title=\"Kolej linowa na Czantorie\u0328 2\" data-image-description=\"\" data-image-caption=\"\" data-medium-file=\"https:\/\/travelist.pl\/magazyn\/wp-content\/uploads\/2026\/08\/Kolej-linowa-na-Czantorie-2-300x169.jpg\" data-large-file=\"https:\/\/travelist.pl\/magazyn\/wp-content\/uploads\/2026\/08\/Kolej-linowa-na-Czantorie-2-1024x576.jpg\" srcset=\"https:\/\/i1.wp.com\/magazyn.travelist.pl\/wp-content\/uploads\/2026\/08\/Kolej-linowa-na-Czantorie-2-1024x576.jpg?strip=info&#038;w=600&#038;ssl=1 600w,https:\/\/i1.wp.com\/magazyn.travelist.pl\/wp-content\/uploads\/2026\/08\/Kolej-linowa-na-Czantorie-2-1024x576.jpg?strip=info&#038;w=900&#038;ssl=1 900w,https:\/\/i1.wp.com\/magazyn.travelist.pl\/wp-content\/uploads\/2026\/08\/Kolej-linowa-na-Czantorie-2-1024x576.jpg?strip=info&#038;w=1200&#038;ssl=1 1200w,https:\/\/i1.wp.com\/magazyn.travelist.pl\/wp-content\/uploads\/2026\/08\/Kolej-linowa-na-Czantorie-2-1024x576.jpg?strip=info&#038;w=1500&#038;ssl=1 1500w,https:\/\/i1.wp.com\/magazyn.travelist.pl\/wp-content\/uploads\/2026\/08\/Kolej-linowa-na-Czantorie-2-1024x576.jpg?strip=info&#038;w=1800&#038;ssl=1 1800w,https:\/\/i1.wp.com\/magazyn.travelist.pl\/wp-content\/uploads\/2026\/08\/Kolej-linowa-na-Czantorie-2-1024x576.jpg?strip=info&#038;w=1920&#038;ssl=1 1920w\" alt=\"Kolej linowa na Czantorie\u0328 - Magazyn Travelist\" data-height=\"1080\" data-id=\"46876\" data-link=\"https:\/\/travelist.pl\/magazyn\/?attachment_id=46876\" data-url=\"https:\/\/travelist.pl\/magazyn\/wp-content\/uploads\/2026\/08\/Kolej-linowa-na-Czantorie-2-1024x576.jpg\" data-width=\"1920\" src=\"https:\/\/i1.wp.com\/magazyn.travelist.pl\/wp-content\/uploads\/2026\/08\/Kolej-linowa-na-Czantorie-2-1024x576.jpg?ssl=1\" data-amp-layout=\"responsive\"\/><\/figure><\/div><\/div><\/div><\/div>\n\n\n\n<div style=\"height:21px\" aria-hidden=\"true\" class=\"wp-block-spacer\"><\/div>\n\n\n\n<p>Na g\u00f3rnej stacji mo\u017cna odpocz\u0105\u0107 i podziwia\u0107 panoram\u0119 Beskidu \u015al\u0105skiego, ale dla dzieci prawdziwym hitem b\u0119dzie letni tor saneczkowy. Trasa zjazdu liczy oko\u0142o 710 metr\u00f3w i prowadzi przez dziewi\u0119\u0107 zakr\u0119t\u00f3w.<\/p>\n\n\n<div class=\"tgi-offers wp-block-travelist-offers\" data-page-size=\"5\" data-cta-text=\"Sprawd\u017a ofert\u0119\" data-selected-place=\"{&quot;title&quot;:&quot;Wis\u0142a&quot;,&quot;objectType&quot;:&quot;city&quot;,&quot;objectId&quot;:&quot;17998&quot;,&quot;slug&quot;:&quot;wisla&quot;}\" data-selected-filters=\"[{&quot;code&quot;:&quot;labels&quot;,&quot;value&quot;:&quot;566&quot;,&quot;slug&quot;:&quot;atrakcje-dla-dzieci&quot;,&quot;title&quot;:&quot;Atrakcje dla dzieci&quot;},{&quot;code&quot;:&quot;listingpages&quot;,&quot;value&quot;:&quot;502&quot;,&quot;slug&quot;:&quot;pokoje-rodzinne&quot;,&quot;title&quot;:&quot;Pokoje rodzinne&quot;}]\" data-section-title=\"Polecane hotele w Wi\u015ble\" data-section-subtitle=\"\" data-section-link-url=\"https:\/\/travelist.pl\/hotele\" data-section-link-text=\"Zobacz wszystkie oferty na Travelist.pl&gt;&gt;\" data-search-config=\"1\"><\/div>","protected":false},"excerpt":{"rendered":"<p>Wis\u0142a to jeden z kurort\u00f3w, gdzie dzieciaki (a tak\u017ce rodzice) z pewno\u015bci\u0105 nie b\u0119d\u0105 si\u0119 nudzi\u0107! Jest tu tyle atrakcji, \u017ce ka\u017cdy znajdzie co\u015b dla [&hellip;]<\/p>\n","protected":false},"author":2723,"featured_media":46873,"comment_status":"closed","ping_status":"closed","sticky":false,"template":"","format":"standard","meta":{"_editorskit_title_hidden":false,"_editorskit_reading_time":0,"_editorskit_is_block_options_detached":false,"_editorskit_block_options_position":"{}","footnotes":""},"categories":[7,1544],"tags":[],"class_list":["post-46871","post","type-post","status-publish","format-standard","has-post-thumbnail","hentry","category-podroze-po-polsce","category-w-gory"],"jetpack_sharing_enabled":true,"jetpack_featured_media_url":"https:\/\/magazyn.travelist.pl\/wp-content\/uploads\/2026\/08\/GLOWNE-TOP-15-atrakcji-dla-dzieci-w-Wisle.jpg","jetpack-related-posts":[{"id":38507,"url":"https:\/\/magazyn.travelist.pl\/top-15-atrakcji-turystycznych-w-wisle-co-warto-zobaczyc","url_meta":{"origin":46871,"position":0},"title":"Top 15 atrakcji turystycznych w Wi\u015ble \u2013 co warto zobaczy\u0107?","author":"Magdalena Markiewicz","date":"21 maja 2025","format":false,"excerpt":"Wis\u0142a to znany i lubiany kurort, znany nie tylko dzi\u0119ki naszemu genialnemu skoczkowi, Adamowi Ma\u0142yszowi. Wis\u0142a przyci\u0105ga turyst\u00f3w licznymi atrakcjami, pi\u0119knem natury, ciekawymi szlakami turystycznymi oraz oczywi\u015bcie \u017ar\u00f3d\u0142em najd\u0142u\u017cszej rzeki w Polsce. Co warto tu zobaczy\u0107? Przede wszystkim Wodospad w Wi\u015ble Czarnem, Muzeum Beskidzkie w Wi\u015ble, skocznie w Wi\u015ble Malince,\u2026","rel":"","context":"In &quot;Podr\u00f3\u017ce po Polsce&quot;","block_context":{"text":"Podr\u00f3\u017ce po Polsce","link":"https:\/\/magazyn.travelist.pl\/podroze-po-polsce"},"img":{"alt_text":"Wis\u0142a - Magazyn Travelist","src":"https:\/\/i0.wp.com\/magazyn.travelist.pl\/wp-content\/uploads\/2025\/05\/GLOWNE-4.jpg?resize=350%2C200&ssl=1","width":350,"height":200,"srcset":"https:\/\/i0.wp.com\/magazyn.travelist.pl\/wp-content\/uploads\/2025\/05\/GLOWNE-4.jpg?resize=350%2C200&ssl=1 1x, https:\/\/i0.wp.com\/magazyn.travelist.pl\/wp-content\/uploads\/2025\/05\/GLOWNE-4.jpg?resize=525%2C300&ssl=1 1.5x, https:\/\/i0.wp.com\/magazyn.travelist.pl\/wp-content\/uploads\/2025\/05\/GLOWNE-4.jpg?resize=700%2C400&ssl=1 2x, https:\/\/i0.wp.com\/magazyn.travelist.pl\/wp-content\/uploads\/2025\/05\/GLOWNE-4.jpg?resize=1050%2C600&ssl=1 3x, https:\/\/i0.wp.com\/magazyn.travelist.pl\/wp-content\/uploads\/2025\/05\/GLOWNE-4.jpg?resize=1400%2C800&ssl=1 4x"},"classes":[]},{"id":41788,"url":"https:\/\/magazyn.travelist.pl\/ferie-w-wisle-poznaj-najlepsze-atrakcje-zima-wisly","url_meta":{"origin":46871,"position":1},"title":"Wyjazd na ferie zimowe do Wis\u0142y? Poznaj najlepsze atrakcje zim\u0105 w Wi\u015ble dla dzieci i doros\u0142ych!","author":"Magdalena Markiewicz","date":"10 grudnia 2025","format":false,"excerpt":"Szukacie idealnego miejsca na ferie zimowe z dzie\u0107mi? Oto i ono - Wis\u0142a po\u0142o\u017cona w Beskidzie \u015al\u0105skim, gdzie zobaczycie, gdzie zobaczycie, jak wygl\u0105da magiczna zima w g\u00f3rach. To jedno z miejsc w Beskidzie \u015al\u0105skim, kt\u00f3re oferuje ca\u0142\u0105 mas\u0119 atrakcji dla ca\u0142ej rodziny - pocz\u0105wszy od stacji narciarskich w Wi\u015ble, przez\u2026","rel":"","context":"In &quot;Podr\u00f3\u017ce po Polsce&quot;","block_context":{"text":"Podr\u00f3\u017ce po Polsce","link":"https:\/\/magazyn.travelist.pl\/podroze-po-polsce"},"img":{"alt_text":"Ferie zimowe - Mgazyn Travelist","src":"https:\/\/i0.wp.com\/magazyn.travelist.pl\/wp-content\/uploads\/2025\/12\/GLOWNE-Wyjazd-na-ferie-zimowe-do-Wisly_.jpg?resize=350%2C200&ssl=1","width":350,"height":200,"srcset":"https:\/\/i0.wp.com\/magazyn.travelist.pl\/wp-content\/uploads\/2025\/12\/GLOWNE-Wyjazd-na-ferie-zimowe-do-Wisly_.jpg?resize=350%2C200&ssl=1 1x, https:\/\/i0.wp.com\/magazyn.travelist.pl\/wp-content\/uploads\/2025\/12\/GLOWNE-Wyjazd-na-ferie-zimowe-do-Wisly_.jpg?resize=525%2C300&ssl=1 1.5x, https:\/\/i0.wp.com\/magazyn.travelist.pl\/wp-content\/uploads\/2025\/12\/GLOWNE-Wyjazd-na-ferie-zimowe-do-Wisly_.jpg?resize=700%2C400&ssl=1 2x, https:\/\/i0.wp.com\/magazyn.travelist.pl\/wp-content\/uploads\/2025\/12\/GLOWNE-Wyjazd-na-ferie-zimowe-do-Wisly_.jpg?resize=1050%2C600&ssl=1 3x, https:\/\/i0.wp.com\/magazyn.travelist.pl\/wp-content\/uploads\/2025\/12\/GLOWNE-Wyjazd-na-ferie-zimowe-do-Wisly_.jpg?resize=1400%2C800&ssl=1 4x"},"classes":[]},{"id":29642,"url":"https:\/\/magazyn.travelist.pl\/gdzie-na-wakacje-odkryj-najlepsze-destynacje-na-urlop-w-polsce-i-za-granica","url_meta":{"origin":46871,"position":2},"title":"Gdzie na wakacje? Odkryj najlepsze destynacje na urlop w Polsce i za granic\u0105","author":"Redakcja Travelist","date":"14 czerwca 2023","format":false,"excerpt":"Wakacje w 2023 roku zbli\u017caj\u0105 si\u0119 wielkimi krokami. To ju\u017c ostatni moment, \u017ceby zaplanowa\u0107 letni wypoczynek. Dlatego wybrali\u015bmy specjalnie dla Was najlepsze miejsca na wypoczynek w Polsce i za granic\u0105. Sprawd\u017acie, co koniecznie trzeba zobaczy\u0107 i gdzie naszym zdaniem warto si\u0119 wybra\u0107. Gdzie na wakacje? Gdzie warto pojecha\u0107 na wakacje\u2026","rel":"","context":"In &quot;Podr\u00f3\u017ce po Polsce&quot;","block_context":{"text":"Podr\u00f3\u017ce po Polsce","link":"https:\/\/magazyn.travelist.pl\/podroze-po-polsce"},"img":{"alt_text":"Gdzie na wakacje?","src":"https:\/\/i0.wp.com\/magazyn.travelist.pl\/wp-content\/uploads\/2023\/06\/glowne2.jpg?resize=350%2C200&ssl=1","width":350,"height":200,"srcset":"https:\/\/i0.wp.com\/magazyn.travelist.pl\/wp-content\/uploads\/2023\/06\/glowne2.jpg?resize=350%2C200&ssl=1 1x, https:\/\/i0.wp.com\/magazyn.travelist.pl\/wp-content\/uploads\/2023\/06\/glowne2.jpg?resize=525%2C300&ssl=1 1.5x, https:\/\/i0.wp.com\/magazyn.travelist.pl\/wp-content\/uploads\/2023\/06\/glowne2.jpg?resize=700%2C400&ssl=1 2x, https:\/\/i0.wp.com\/magazyn.travelist.pl\/wp-content\/uploads\/2023\/06\/glowne2.jpg?resize=1050%2C600&ssl=1 3x, https:\/\/i0.wp.com\/magazyn.travelist.pl\/wp-content\/uploads\/2023\/06\/glowne2.jpg?resize=1400%2C800&ssl=1 4x"},"classes":[]},{"id":31555,"url":"https:\/\/magazyn.travelist.pl\/wisla-stoki-narciarskie-dla-kazdego","url_meta":{"origin":46871,"position":3},"title":"Wis\u0142a \u2013 stoki narciarskie z trasami dla ka\u017cdego mi\u0142o\u015bnika zimowych sport\u00f3w","author":"Rita Paskalowska","date":"20 stycznia 2026","format":false,"excerpt":"Rodzinne Miasto Adama Ma\u0142ysza zobowi\u0105zuje - Wis\u0142a to mekka polskich narciarzy! Na mi\u0142o\u015bnik\u00f3w sport\u00f3w zimowych czeka niemal 30 wyci\u0105g\u00f3w i 30 km tras zjazdowych, kt\u00f3re przypadn\u0105 do gustu zar\u00f3wno pocz\u0105tkuj\u0105cym, jak i zaawansowanym narciarzom. Przedstawiamy 4 najlepsze o\u015brodki narciarskie w Wi\u015ble! Narty w Wi\u015ble Sto\u017cek Wielki \u2014 stacja narciarska z\u2026","rel":"","context":"In &quot;Podr\u00f3\u017ce po Polsce&quot;","block_context":{"text":"Podr\u00f3\u017ce po Polsce","link":"https:\/\/magazyn.travelist.pl\/podroze-po-polsce"},"img":{"alt_text":"","src":"https:\/\/i0.wp.com\/magazyn.travelist.pl\/wp-content\/uploads\/2023\/12\/2fb5c61e824ba3804e81e0c2bf5cb56c.jpg?resize=350%2C200&ssl=1","width":350,"height":200,"srcset":"https:\/\/i0.wp.com\/magazyn.travelist.pl\/wp-content\/uploads\/2023\/12\/2fb5c61e824ba3804e81e0c2bf5cb56c.jpg?resize=350%2C200&ssl=1 1x, https:\/\/i0.wp.com\/magazyn.travelist.pl\/wp-content\/uploads\/2023\/12\/2fb5c61e824ba3804e81e0c2bf5cb56c.jpg?resize=525%2C300&ssl=1 1.5x, https:\/\/i0.wp.com\/magazyn.travelist.pl\/wp-content\/uploads\/2023\/12\/2fb5c61e824ba3804e81e0c2bf5cb56c.jpg?resize=700%2C400&ssl=1 2x, https:\/\/i0.wp.com\/magazyn.travelist.pl\/wp-content\/uploads\/2023\/12\/2fb5c61e824ba3804e81e0c2bf5cb56c.jpg?resize=1050%2C600&ssl=1 3x, https:\/\/i0.wp.com\/magazyn.travelist.pl\/wp-content\/uploads\/2023\/12\/2fb5c61e824ba3804e81e0c2bf5cb56c.jpg?resize=1400%2C800&ssl=1 4x"},"classes":[]},{"id":35454,"url":"https:\/\/magazyn.travelist.pl\/najlepsze-atrakcje-dla-dzieci-w-krakowie","url_meta":{"origin":46871,"position":4},"title":"Najlepsze atrakcje dla dzieci w Krakowie &#8211; tu nie ma nudy!","author":"Magdalena Markiewicz","date":"14 listopada 2024","format":false,"excerpt":"Wybieracie si\u0119 do\u00a0 stolicy Ma\u0142opolski i poszukujecie atrakcji dla rodzin z dzie\u0107mi? Jeste\u015bcie w dobrym miejscu! Czytajcie dalej a dowiecie si\u0119, jakie atrakcje dla najm\u0142odszych znajdziecie w Krakowie i okolicach. A jest w czym wybiera\u0107 - od nauki i zabawy i Ogrodzie Do\u015bwiadcze\u0144 Lema, przez rodzinne spacery po ZOO i\u2026","rel":"","context":"In &quot;Podr\u00f3\u017ce po Polsce&quot;","block_context":{"text":"Podr\u00f3\u017ce po Polsce","link":"https:\/\/magazyn.travelist.pl\/podroze-po-polsce"},"img":{"alt_text":"Atrakcje w Krakowie - Magazyn travelist","src":"https:\/\/i0.wp.com\/magazyn.travelist.pl\/wp-content\/uploads\/2024\/10\/Najlepsze-atrakcje-dla-dzieci-w-Krakowie-tu-nie-ma-nudy-glowne.png?resize=350%2C200&ssl=1","width":350,"height":200,"srcset":"https:\/\/i0.wp.com\/magazyn.travelist.pl\/wp-content\/uploads\/2024\/10\/Najlepsze-atrakcje-dla-dzieci-w-Krakowie-tu-nie-ma-nudy-glowne.png?resize=350%2C200&ssl=1 1x, https:\/\/i0.wp.com\/magazyn.travelist.pl\/wp-content\/uploads\/2024\/10\/Najlepsze-atrakcje-dla-dzieci-w-Krakowie-tu-nie-ma-nudy-glowne.png?resize=525%2C300&ssl=1 1.5x, https:\/\/i0.wp.com\/magazyn.travelist.pl\/wp-content\/uploads\/2024\/10\/Najlepsze-atrakcje-dla-dzieci-w-Krakowie-tu-nie-ma-nudy-glowne.png?resize=700%2C400&ssl=1 2x, https:\/\/i0.wp.com\/magazyn.travelist.pl\/wp-content\/uploads\/2024\/10\/Najlepsze-atrakcje-dla-dzieci-w-Krakowie-tu-nie-ma-nudy-glowne.png?resize=1050%2C600&ssl=1 3x, https:\/\/i0.wp.com\/magazyn.travelist.pl\/wp-content\/uploads\/2024\/10\/Najlepsze-atrakcje-dla-dzieci-w-Krakowie-tu-nie-ma-nudy-glowne.png?resize=1400%2C800&ssl=1 4x"},"classes":[]},{"id":29473,"url":"https:\/\/magazyn.travelist.pl\/wakacje-w-polsce-z-dzieckiem-gdzie-warto-pojechac","url_meta":{"origin":46871,"position":5},"title":"Wakacje w Polsce z dzieckiem: gdzie warto pojecha\u0107?","author":"Redakcja Travelist","date":"24 maja 2023","format":false,"excerpt":"Nie ma nic lepszego, ni\u017c pokazywanie dziecku urok\u00f3w naszego pi\u0119knego kraju. A ten ma naprawd\u0119 wiele do zaoferowania, je\u015bli chodzi o wczasy z dzie\u0107mi. Co wi\u0119cej, w Polsce jest coraz wi\u0119cej hoteli nastawionych na przyjazd ma\u0142ych go\u015bci, co jest du\u017cym u\u0142atwieniem dla rodzic\u00f3w. W ca\u0142ym kraju powstaje te\u017c coraz wi\u0119cej\u2026","rel":"","context":"In &quot;Podr\u00f3\u017ce po Polsce&quot;","block_context":{"text":"Podr\u00f3\u017ce po Polsce","link":"https:\/\/magazyn.travelist.pl\/podroze-po-polsce"},"img":{"alt_text":"","src":"https:\/\/i0.wp.com\/magazyn.travelist.pl\/wp-content\/uploads\/2023\/05\/spoko-dzieci-w-basenie.jpg?resize=350%2C200&ssl=1","width":350,"height":200,"srcset":"https:\/\/i0.wp.com\/magazyn.travelist.pl\/wp-content\/uploads\/2023\/05\/spoko-dzieci-w-basenie.jpg?resize=350%2C200&ssl=1 1x, https:\/\/i0.wp.com\/magazyn.travelist.pl\/wp-content\/uploads\/2023\/05\/spoko-dzieci-w-basenie.jpg?resize=525%2C300&ssl=1 1.5x, https:\/\/i0.wp.com\/magazyn.travelist.pl\/wp-content\/uploads\/2023\/05\/spoko-dzieci-w-basenie.jpg?resize=700%2C400&ssl=1 2x, https:\/\/i0.wp.com\/magazyn.travelist.pl\/wp-content\/uploads\/2023\/05\/spoko-dzieci-w-basenie.jpg?resize=1050%2C600&ssl=1 3x, https:\/\/i0.wp.com\/magazyn.travelist.pl\/wp-content\/uploads\/2023\/05\/spoko-dzieci-w-basenie.jpg?resize=1400%2C800&ssl=1 4x"},"classes":[]}],"_links":{"self":[{"href":"https:\/\/magazyn.travelist.pl\/wp-json\/wp\/v2\/posts\/46871"}],"collection":[{"href":"https:\/\/magazyn.travelist.pl\/wp-json\/wp\/v2\/posts"}],"about":[{"href":"https:\/\/magazyn.travelist.pl\/wp-json\/wp\/v2\/types\/post"}],"author":[{"embeddable":true,"href":"https:\/\/magazyn.travelist.pl\/wp-json\/wp\/v2\/users\/2723"}],"replies":[{"embeddable":true,"href":"https:\/\/magazyn.travelist.pl\/wp-json\/wp\/v2\/comments?post=46871"}],"version-history":[{"count":1,"href":"https:\/\/magazyn.travelist.pl\/wp-json\/wp\/v2\/posts\/46871\/revisions"}],"predecessor-version":[{"id":46886,"href":"https:\/\/magazyn.travelist.pl\/wp-json\/wp\/v2\/posts\/46871\/revisions\/46886"}],"wp:featuredmedia":[{"embeddable":true,"href":"https:\/\/magazyn.travelist.pl\/wp-json\/wp\/v2\/media\/46873"}],"wp:attachment":[{"href":"https:\/\/magazyn.travelist.pl\/wp-json\/wp\/v2\/media?parent=46871"}],"wp:term":[{"taxonomy":"category","embeddable":true,"href":"https:\/\/magazyn.travelist.pl\/wp-json\/wp\/v2\/categories?post=46871"},{"taxonomy":"post_tag","embeddable":true,"href":"https:\/\/magazyn.travelist.pl\/wp-json\/wp\/v2\/tags?post=46871"}],"curies":[{"name":"wp","href":"https:\/\/api.w.org\/{rel}","templated":true}]}}