{"id":39018,"date":"2025-06-25T14:58:00","date_gmt":"2025-06-25T12:58:00","guid":{"rendered":"https:\/\/magazyn.travelist.pl\/?p=39018"},"modified":"2026-04-16T09:47:26","modified_gmt":"2026-04-16T07:47:26","slug":"jelenia-gora-atrakcje-turystyczne-ktore-warto-zobaczyc","status":"publish","type":"post","link":"https:\/\/magazyn.travelist.pl\/jelenia-gora-atrakcje-turystyczne-ktore-warto-zobaczyc","title":{"rendered":"Jelenia G\u00f3ra \u2013 atrakcje turystyczne, kt\u00f3re warto zobaczy\u0107 w tym mie\u015bcie i okolicach"},"content":{"rendered":"\n<p>Zwiedzaj\u0105c Dolny \u015al\u0105sk nie spos\u00f3b omin\u0105\u0107 Jeleniej G\u00f3ry. To urokliwe miasteczko podbije Twoje serce wspania\u0142ymi zabytkami i kameraln\u0105 atmosfer\u0105. Co warto zobaczy\u0107 w Jeleniej G\u00f3rze? Zwiedzanie zdecydowanie trzeba rozpocz\u0105\u0107 od Placu Ratuszowego, nast\u0119pnie zajrze\u0107 do jednego z ciekawych muze\u00f3w, wspi\u0105\u0107 si\u0119 na taras widokowy, aby podziwia\u0107 panoram\u0119 Karkonoszy z lotu ptaka czy cofn\u0105\u0107 si\u0119 do przesz\u0142o\u015bci w Bramach Czasu. Z pewno\u015bci\u0105 nie brakuje tu atrakcji! Zobaczcie, co ma do zaoferowania Jelenia G\u00f3ra!<\/p>\n\n\n\n<div class=\"wp-block-buttons is-content-justification-center is-layout-flex wp-container-core-buttons-is-layout-1 wp-block-buttons-is-layout-flex\">\n<div class=\"wp-block-button\"><a class=\"wp-block-button__link wp-element-button\" href=\"https:\/\/travelist.pl\/search\/?d=city,18021&amp;MWID=TRA_PL_MAG_TRA_0000_NON_0000_ART_INS_0_M935_TEXT_CHN_20250623&amp;article_params=article,inspiracje,jelenia-gora-atrakcje,tekst,kanal&amp;noleadrequired=on\">Rezerwuj najlepsze hotele w Jeleniej G\u00f3rze TANIEJ na Travelist.pl&gt;&gt;<\/a><\/div>\n<\/div>\n\n\n\n<div style=\"height:10px\" aria-hidden=\"true\" class=\"wp-block-spacer\"><\/div>\n\n\n\n<h2 class=\"wp-block-heading\">Plac Ratuszowy \u2013 serce Jeleniej G\u00f3ry z barokowymi kamienicami<\/h2>\n\n\n\n<p>Plac Ratuszowy to serce star\u00f3wki Jeleniej G\u00f3ry. Centralnym punktem placu jest ratusz miejski z wie\u017c\u0105 zegarow\u0105, otoczony staromieszcza\u0144skimi kamieniczkami. Historia placu si\u0119ga prze\u0142omu XIII i XIV wieku, kiedy to wytyczono ramy g\u0142\u00f3wnego placu. W dawnych czasach plac pe\u0142ni\u0142 funkcj\u0119 handlow\u0105 \u2014 w kamieniczkach z podcieniami toczy\u0142 si\u0119 handel codzienny, a kamieniczki zamieszkiwali rzemie\u015blnicy, kramarze i kupcy. Dzisiaj kamienice zamieszkuj\u0105 lokalsi oraz tury\u015bci, a w podcieniach znajduj\u0105 si\u0119 sklepy z pami\u0105tkami, restauracje i kawiarnie.\u00a0<\/p>\n\n\n\n<figure class=\"wp-block-image alignwide size-large\"><a href=\"https:\/\/travelist.pl\/search\/?d=city,25651&amp;MWID=TRA_PL_MAG_TRA_0000_NON_0000_ART_INS_0_M935_PHOT_CHN_20250623&amp;article_params=article,inspiracje,jelenia-gora-atrakcje,foto,kanal&amp;noleadrequired=on\"><img loading=\"lazy\" decoding=\"async\" width=\"1024\" height=\"576\" data-attachment-id=\"39069\" data-permalink=\"https:\/\/travelist.pl\/magazyn\/jelenia-gora-atrakcje-turystyczne-ktore-warto-zobaczyc\/plac-ratuszowy\" data-orig-file=\"https:\/\/travelist.pl\/magazyn\/wp-content\/uploads\/2025\/06\/Plac-Ratuszowy.jpg\" data-orig-size=\"1920,1080\" data-comments-opened=\"0\" data-image-meta=\"{&quot;aperture&quot;:&quot;0&quot;,&quot;credit&quot;:&quot;&quot;,&quot;camera&quot;:&quot;&quot;,&quot;caption&quot;:&quot;&quot;,&quot;created_timestamp&quot;:&quot;0&quot;,&quot;copyright&quot;:&quot;&quot;,&quot;focal_length&quot;:&quot;0&quot;,&quot;iso&quot;:&quot;0&quot;,&quot;shutter_speed&quot;:&quot;0&quot;,&quot;title&quot;:&quot;&quot;,&quot;orientation&quot;:&quot;0&quot;}\" data-image-title=\"Plac Ratuszowy\" data-image-description=\"\" data-image-caption=\"\" data-medium-file=\"https:\/\/travelist.pl\/magazyn\/wp-content\/uploads\/2025\/06\/Plac-Ratuszowy-300x169.jpg\" data-large-file=\"https:\/\/travelist.pl\/magazyn\/wp-content\/uploads\/2025\/06\/Plac-Ratuszowy-1024x576.jpg\" src=\"https:\/\/travelist.pl\/magazyn\/wp-content\/uploads\/2025\/06\/Plac-Ratuszowy-1024x576.jpg\" alt=\"Plac Ratuszowy - MagazynTravelist\" class=\"wp-image-39069\" srcset=\"https:\/\/travelist.pl\/magazyn\/wp-content\/uploads\/2025\/06\/Plac-Ratuszowy-1024x576.jpg 1024w, https:\/\/travelist.pl\/magazyn\/wp-content\/uploads\/2025\/06\/Plac-Ratuszowy-300x169.jpg 300w, https:\/\/travelist.pl\/magazyn\/wp-content\/uploads\/2025\/06\/Plac-Ratuszowy-768x432.jpg 768w, https:\/\/travelist.pl\/magazyn\/wp-content\/uploads\/2025\/06\/Plac-Ratuszowy-1536x864.jpg 1536w, https:\/\/travelist.pl\/magazyn\/wp-content\/uploads\/2025\/06\/Plac-Ratuszowy-18x10.jpg 18w, https:\/\/travelist.pl\/magazyn\/wp-content\/uploads\/2025\/06\/Plac-Ratuszowy.jpg 1920w\" sizes=\"(max-width: 1024px) 100vw, 1024px\" \/><\/a><\/figure>\n\n\n\n<div style=\"height:20px\" aria-hidden=\"true\" class=\"wp-block-spacer\"><\/div>\n\n\n\n<div class=\"wp-block-buttons is-content-justification-center is-layout-flex wp-container-core-buttons-is-layout-2 wp-block-buttons-is-layout-flex\">\n<div class=\"wp-block-button\"><a class=\"wp-block-button__link wp-element-button\" href=\"https:\/\/travelist.pl\/search\/?d=city,18021&amp;MWID=TRA_PL_MAG_TRA_0000_NON_0000_ART_INS_0_M935_TEXT_CHN_20250623&amp;article_params=article,inspiracje,jelenia-gora-atrakcje,tekst,kanal&amp;noleadrequired=on\">Rezerwuj najlepsze hotele w Jeleniej G\u00f3rze TANIEJ na Travelist.pl&gt;&gt;<\/a><\/div>\n<\/div>\n\n\n\n<div style=\"height:10px\" aria-hidden=\"true\" class=\"wp-block-spacer\"><\/div>\n\n\n\n<h2 class=\"wp-block-heading\">Ratusz Miejski \u2013 reprezentacyjny budynek z XVIII wieku<\/h2>\n\n\n\n<p>Skoro ju\u017c jeste\u015bmy przy placu Ratuszowym, warto wspomnie\u0107 nieco wi\u0119cej o miejskim Ratuszu. Jego budynek powsta\u0142 w latach 1744-1749. Wcze\u015bniejsze siedziby ratusza mie\u015bci\u0142y si\u0119 dok\u0142adnie w tym samym miejscu, jednak ze wzgl\u0119du na po\u017cary dotykaj\u0105ce miasto, ka\u017cdy z nich niszcza\u0142. Obecny budynek w stylu klasycystycznym stanowi prawdziw\u0105 wizyt\u00f3wk\u0119 miasta. Dwupi\u0119trowy budynek zwie\u0144czony jest wie\u017c\u0105 z zegarem i galeryjk\u0105. W budynku ratusza mie\u015bci si\u0119 Urz\u0105d Miasta, Rada Miasta oraz Urz\u0105d Stanu Cywilnego.\u00a0<\/p>\n\n\n\n<figure class=\"wp-block-image alignwide size-large\"><a href=\"https:\/\/travelist.pl\/search\/?d=city,25651&amp;MWID=TRA_PL_MAG_TRA_0000_NON_0000_ART_INS_0_M935_PHOT_CHN_20250623&amp;article_params=article,inspiracje,jelenia-gora-atrakcje,foto,kanal&amp;noleadrequired=on\"><img loading=\"lazy\" decoding=\"async\" width=\"1024\" height=\"576\" data-attachment-id=\"39052\" data-permalink=\"https:\/\/travelist.pl\/magazyn\/jelenia-gora-atrakcje-turystyczne-ktore-warto-zobaczyc\/ratusz-miejski\" data-orig-file=\"https:\/\/travelist.pl\/magazyn\/wp-content\/uploads\/2025\/06\/Ratusz-Miejski.jpg\" data-orig-size=\"1920,1080\" data-comments-opened=\"0\" data-image-meta=\"{&quot;aperture&quot;:&quot;0&quot;,&quot;credit&quot;:&quot;&quot;,&quot;camera&quot;:&quot;&quot;,&quot;caption&quot;:&quot;&quot;,&quot;created_timestamp&quot;:&quot;0&quot;,&quot;copyright&quot;:&quot;&quot;,&quot;focal_length&quot;:&quot;0&quot;,&quot;iso&quot;:&quot;0&quot;,&quot;shutter_speed&quot;:&quot;0&quot;,&quot;title&quot;:&quot;&quot;,&quot;orientation&quot;:&quot;0&quot;}\" data-image-title=\"Ratusz Miejski\" data-image-description=\"\" data-image-caption=\"\" data-medium-file=\"https:\/\/travelist.pl\/magazyn\/wp-content\/uploads\/2025\/06\/Ratusz-Miejski-300x169.jpg\" data-large-file=\"https:\/\/travelist.pl\/magazyn\/wp-content\/uploads\/2025\/06\/Ratusz-Miejski-1024x576.jpg\" src=\"https:\/\/travelist.pl\/magazyn\/wp-content\/uploads\/2025\/06\/Ratusz-Miejski-1024x576.jpg\" alt=\"Ratusz Miejski - Magazyn Travelist\" class=\"wp-image-39052\" srcset=\"https:\/\/travelist.pl\/magazyn\/wp-content\/uploads\/2025\/06\/Ratusz-Miejski-1024x576.jpg 1024w, https:\/\/travelist.pl\/magazyn\/wp-content\/uploads\/2025\/06\/Ratusz-Miejski-300x169.jpg 300w, https:\/\/travelist.pl\/magazyn\/wp-content\/uploads\/2025\/06\/Ratusz-Miejski-768x432.jpg 768w, https:\/\/travelist.pl\/magazyn\/wp-content\/uploads\/2025\/06\/Ratusz-Miejski-1536x864.jpg 1536w, https:\/\/travelist.pl\/magazyn\/wp-content\/uploads\/2025\/06\/Ratusz-Miejski-18x10.jpg 18w, https:\/\/travelist.pl\/magazyn\/wp-content\/uploads\/2025\/06\/Ratusz-Miejski.jpg 1920w\" sizes=\"(max-width: 1024px) 100vw, 1024px\" \/><\/a><\/figure>\n\n\n\n<div style=\"height:21px\" aria-hidden=\"true\" class=\"wp-block-spacer\"><\/div>\n\n\n\n<div class=\"wp-block-buttons is-content-justification-center is-layout-flex wp-container-core-buttons-is-layout-3 wp-block-buttons-is-layout-flex\">\n<div class=\"wp-block-button\"><a class=\"wp-block-button__link wp-element-button\" href=\"https:\/\/travelist.pl\/search\/?d=city,18021&amp;MWID=TRA_PL_MAG_TRA_0000_NON_0000_ART_INS_0_M935_TEXT_CHN_20250623&amp;article_params=article,inspiracje,jelenia-gora-atrakcje,tekst,kanal&amp;noleadrequired=on\">Rezerwuj najlepsze hotele w Jeleniej G\u00f3rze TANIEJ na Travelist.pl&gt;&gt;<\/a><\/div>\n<\/div>\n\n\n\n<div style=\"height:10px\" aria-hidden=\"true\" class=\"wp-block-spacer\"><\/div>\n\n\n\n<h2 class=\"wp-block-heading\">Rynek Jeleniog\u00f3rski \u2013 urokliwe miejsce, kt\u00f3re zachwyci ka\u017cdego<\/h2>\n\n\n\n<p>Dawniej rynek jeleniog\u00f3rski by\u0142 sercem miasta \u2014 to tu by\u0142o centrum komunikacyjne, handlowe i kulturalne miasta. Odbywa\u0142y si\u0119 tu wszelkie imprezy i zgromadzenia i kwit\u0142o \u017cycie towarzyskie i handel. Dzisiaj funkcj\u0119 rynku pe\u0142ni plac Ratuszowy, kt\u00f3ry jest centralnym punktem Jeleniej G\u00f3ry.<\/p>\n\n\n\n<figure class=\"wp-block-image alignwide size-large\"><a href=\"https:\/\/travelist.pl\/search\/?d=city,25651&amp;MWID=TRA_PL_MAG_TRA_0000_NON_0000_ART_INS_0_M935_PHOT_CHN_20250623&amp;article_params=article,inspiracje,jelenia-gora-atrakcje,foto,kanal&amp;noleadrequired=on\"><img loading=\"lazy\" decoding=\"async\" width=\"1024\" height=\"576\" data-attachment-id=\"39055\" data-permalink=\"https:\/\/travelist.pl\/magazyn\/jelenia-gora-atrakcje-turystyczne-ktore-warto-zobaczyc\/rynek-jeleniogorski\" data-orig-file=\"https:\/\/travelist.pl\/magazyn\/wp-content\/uploads\/2025\/06\/Rynek-Jeleniogorski.jpg\" data-orig-size=\"1920,1080\" data-comments-opened=\"0\" data-image-meta=\"{&quot;aperture&quot;:&quot;0&quot;,&quot;credit&quot;:&quot;&quot;,&quot;camera&quot;:&quot;&quot;,&quot;caption&quot;:&quot;&quot;,&quot;created_timestamp&quot;:&quot;0&quot;,&quot;copyright&quot;:&quot;&quot;,&quot;focal_length&quot;:&quot;0&quot;,&quot;iso&quot;:&quot;0&quot;,&quot;shutter_speed&quot;:&quot;0&quot;,&quot;title&quot;:&quot;&quot;,&quot;orientation&quot;:&quot;0&quot;}\" data-image-title=\"Rynek Jeleniog\u00f3rski\" data-image-description=\"\" data-image-caption=\"\" data-medium-file=\"https:\/\/travelist.pl\/magazyn\/wp-content\/uploads\/2025\/06\/Rynek-Jeleniogorski-300x169.jpg\" data-large-file=\"https:\/\/travelist.pl\/magazyn\/wp-content\/uploads\/2025\/06\/Rynek-Jeleniogorski-1024x576.jpg\" src=\"https:\/\/travelist.pl\/magazyn\/wp-content\/uploads\/2025\/06\/Rynek-Jeleniogorski-1024x576.jpg\" alt=\"Rynek Jeleniog\u00f3rski - Magazyn Travelist\" class=\"wp-image-39055\" srcset=\"https:\/\/travelist.pl\/magazyn\/wp-content\/uploads\/2025\/06\/Rynek-Jeleniogorski-1024x576.jpg 1024w, https:\/\/travelist.pl\/magazyn\/wp-content\/uploads\/2025\/06\/Rynek-Jeleniogorski-300x169.jpg 300w, https:\/\/travelist.pl\/magazyn\/wp-content\/uploads\/2025\/06\/Rynek-Jeleniogorski-768x432.jpg 768w, https:\/\/travelist.pl\/magazyn\/wp-content\/uploads\/2025\/06\/Rynek-Jeleniogorski-1536x864.jpg 1536w, https:\/\/travelist.pl\/magazyn\/wp-content\/uploads\/2025\/06\/Rynek-Jeleniogorski-18x10.jpg 18w, https:\/\/travelist.pl\/magazyn\/wp-content\/uploads\/2025\/06\/Rynek-Jeleniogorski.jpg 1920w\" sizes=\"(max-width: 1024px) 100vw, 1024px\" \/><\/a><\/figure>\n\n\n\n<div style=\"height:20px\" aria-hidden=\"true\" class=\"wp-block-spacer\"><\/div>\n\n\n\n<div class=\"wp-block-buttons is-content-justification-center is-layout-flex wp-container-core-buttons-is-layout-4 wp-block-buttons-is-layout-flex\">\n<div class=\"wp-block-button\"><a class=\"wp-block-button__link wp-element-button\" href=\"https:\/\/travelist.pl\/search\/?d=city,18021&amp;MWID=TRA_PL_MAG_TRA_0000_NON_0000_ART_INS_0_M935_TEXT_CHN_20250623&amp;article_params=article,inspiracje,jelenia-gora-atrakcje,tekst,kanal&amp;noleadrequired=on\">Rezerwuj najlepsze hotele w Jeleniej G\u00f3rze TANIEJ na Travelist.pl&gt;&gt;<\/a><\/div>\n<\/div>\n\n\n\n<div style=\"height:10px\" aria-hidden=\"true\" class=\"wp-block-spacer\"><\/div>\n\n\n\n<h2 class=\"wp-block-heading\">Bazylika \u015bw. Erazma i \u015bw. Pankracego \u2013 gotycka \u015bwi\u0105tynia z barokowym wn\u0119trzem<\/h2>\n\n\n\n<p>Bazylika \u015bw. Erazma i \u015bw. Pankracego to prawdziwa gratka dla mi\u0142o\u015bnik\u00f3w sztuki i zabytk\u00f3w sakralnych. Znajdziecie j\u0105 na placu Ko\u015bcielnym w Jeleniej G\u00f3rze. Jest to najstarsza i najwa\u017cniejsza \u015bwi\u0105tynia w ca\u0142ym mie\u015bcie \u2014 odbywaj\u0105 si\u0119 tu najwa\u017cniejsze uroczysto\u015bci ko\u015bcielne dla Jeleniej G\u00f3ry. \u015awi\u0105tynia powsta\u0142a w XIV wieku. Jej wn\u0119trza skrywaj\u0105 trzy nawy, nagrobki rycerskie i mieszcza\u0144skie, barokowy o\u0142tarz g\u0142\u00f3wny, organy z 1706 roku czy te\u017c wiele obraz\u00f3w olejnych.\u00a0<\/p>\n\n\n\n<figure class=\"wp-block-image alignwide size-large\"><a href=\"https:\/\/travelist.pl\/search\/?d=city,25651&amp;MWID=TRA_PL_MAG_TRA_0000_NON_0000_ART_INS_0_M935_PHOT_CHN_20250623&amp;article_params=article,inspiracje,jelenia-gora-atrakcje,foto,kanal&amp;noleadrequired=on\"><img loading=\"lazy\" decoding=\"async\" width=\"1024\" height=\"576\" data-attachment-id=\"39068\" data-permalink=\"https:\/\/travelist.pl\/magazyn\/jelenia-gora-atrakcje-turystyczne-ktore-warto-zobaczyc\/bazylika-sw-erazma-i-sw-pankracego-turystyka-jeleniagora-pl\" data-orig-file=\"https:\/\/travelist.pl\/magazyn\/wp-content\/uploads\/2025\/06\/Bazylika-sw.-Erazma-i-sw.-Pankracego-turystyka.jeleniagora.pl_.jpg\" data-orig-size=\"1920,1080\" data-comments-opened=\"0\" data-image-meta=\"{&quot;aperture&quot;:&quot;0&quot;,&quot;credit&quot;:&quot;&quot;,&quot;camera&quot;:&quot;&quot;,&quot;caption&quot;:&quot;&quot;,&quot;created_timestamp&quot;:&quot;0&quot;,&quot;copyright&quot;:&quot;&quot;,&quot;focal_length&quot;:&quot;0&quot;,&quot;iso&quot;:&quot;0&quot;,&quot;shutter_speed&quot;:&quot;0&quot;,&quot;title&quot;:&quot;&quot;,&quot;orientation&quot;:&quot;0&quot;}\" data-image-title=\"Bazylika \u015bw. Erazma i \u015bw. Pankracego (turystyka.jeleniagora.pl)\" data-image-description=\"\" data-image-caption=\"\" data-medium-file=\"https:\/\/travelist.pl\/magazyn\/wp-content\/uploads\/2025\/06\/Bazylika-sw.-Erazma-i-sw.-Pankracego-turystyka.jeleniagora.pl_-300x169.jpg\" data-large-file=\"https:\/\/travelist.pl\/magazyn\/wp-content\/uploads\/2025\/06\/Bazylika-sw.-Erazma-i-sw.-Pankracego-turystyka.jeleniagora.pl_-1024x576.jpg\" src=\"https:\/\/travelist.pl\/magazyn\/wp-content\/uploads\/2025\/06\/Bazylika-sw.-Erazma-i-sw.-Pankracego-turystyka.jeleniagora.pl_-1024x576.jpg\" alt=\"Bazylika \u015bw. Erazma i \u015bw. Pankracego - Magazyn Travelist\" class=\"wp-image-39068\" srcset=\"https:\/\/travelist.pl\/magazyn\/wp-content\/uploads\/2025\/06\/Bazylika-sw.-Erazma-i-sw.-Pankracego-turystyka.jeleniagora.pl_-1024x576.jpg 1024w, https:\/\/travelist.pl\/magazyn\/wp-content\/uploads\/2025\/06\/Bazylika-sw.-Erazma-i-sw.-Pankracego-turystyka.jeleniagora.pl_-300x169.jpg 300w, https:\/\/travelist.pl\/magazyn\/wp-content\/uploads\/2025\/06\/Bazylika-sw.-Erazma-i-sw.-Pankracego-turystyka.jeleniagora.pl_-768x432.jpg 768w, https:\/\/travelist.pl\/magazyn\/wp-content\/uploads\/2025\/06\/Bazylika-sw.-Erazma-i-sw.-Pankracego-turystyka.jeleniagora.pl_-1536x864.jpg 1536w, https:\/\/travelist.pl\/magazyn\/wp-content\/uploads\/2025\/06\/Bazylika-sw.-Erazma-i-sw.-Pankracego-turystyka.jeleniagora.pl_-18x10.jpg 18w, https:\/\/travelist.pl\/magazyn\/wp-content\/uploads\/2025\/06\/Bazylika-sw.-Erazma-i-sw.-Pankracego-turystyka.jeleniagora.pl_.jpg 1920w\" sizes=\"(max-width: 1024px) 100vw, 1024px\" \/><\/a><\/figure>\n\n\n\n<div style=\"height:20px\" aria-hidden=\"true\" class=\"wp-block-spacer\"><\/div>\n\n\n\n<div class=\"wp-block-buttons is-content-justification-center is-layout-flex wp-container-core-buttons-is-layout-5 wp-block-buttons-is-layout-flex\">\n<div class=\"wp-block-button\"><a class=\"wp-block-button__link wp-element-button\" href=\"https:\/\/travelist.pl\/search\/?d=city,18021&amp;MWID=TRA_PL_MAG_TRA_0000_NON_0000_ART_INS_0_M935_TEXT_CHN_20250623&amp;article_params=article,inspiracje,jelenia-gora-atrakcje,tekst,kanal&amp;noleadrequired=on\">Rezerwuj najlepsze hotele w Jeleniej G\u00f3rze TANIEJ na Travelist.pl&gt;&gt;<\/a><\/div>\n<\/div>\n\n\n\n<div style=\"height:10px\" aria-hidden=\"true\" class=\"wp-block-spacer\"><\/div>\n\n\n\n<h2 class=\"wp-block-heading\">Ko\u015bci\u00f3\u0142 Podwy\u017cszenia Krzy\u017ca \u015awi\u0119tego \u2013 barokowa \u015bwi\u0105tynia z XVIII wieku<\/h2>\n\n\n\n<p>Ciekawa \u015bwi\u0105tynia, dawny Ko\u015bci\u00f3\u0142 Garnizonowy. W jej wn\u0119trzach mo\u017cna podziwia\u0107 artystyczne malowid\u0142a na sklepieniach, zdobny o\u0142tarz g\u0142\u00f3wny, z\u0142ocone tabernakulum czy te\u017c zabytkow\u0105 chrzcielnic\u0119. Ko\u015bci\u00f3\u0142 jest w stanie pomie\u015bci\u0107 ponad 8 tysi\u0119cy wiernych. Ko\u015bci\u00f3\u0142 Podwy\u017cszenia Krzy\u017ca \u015awi\u0119tego znajduje si\u0119 przy ulicy 1 Maja.\u00a0<\/p>\n\n\n\n<figure class=\"wp-block-image alignwide size-large\"><a href=\"https:\/\/travelist.pl\/search\/?d=city,25651&amp;MWID=TRA_PL_MAG_TRA_0000_NON_0000_ART_INS_0_M935_PHOT_CHN_20250623&amp;article_params=article,inspiracje,jelenia-gora-atrakcje,foto,kanal&amp;noleadrequired=on\"><img loading=\"lazy\" decoding=\"async\" width=\"1024\" height=\"576\" data-attachment-id=\"39058\" data-permalink=\"https:\/\/travelist.pl\/magazyn\/jelenia-gora-atrakcje-turystyczne-ktore-warto-zobaczyc\/kosciol-podwyzszenia-krzyza-swietego-wiki-jojo\" data-orig-file=\"https:\/\/travelist.pl\/magazyn\/wp-content\/uploads\/2025\/06\/Kosciol-Podwyzszenia-Krzyza-Swietego-wiki-Jojo.jpg\" data-orig-size=\"1920,1080\" data-comments-opened=\"0\" data-image-meta=\"{&quot;aperture&quot;:&quot;0&quot;,&quot;credit&quot;:&quot;&quot;,&quot;camera&quot;:&quot;&quot;,&quot;caption&quot;:&quot;&quot;,&quot;created_timestamp&quot;:&quot;0&quot;,&quot;copyright&quot;:&quot;&quot;,&quot;focal_length&quot;:&quot;0&quot;,&quot;iso&quot;:&quot;0&quot;,&quot;shutter_speed&quot;:&quot;0&quot;,&quot;title&quot;:&quot;&quot;,&quot;orientation&quot;:&quot;0&quot;}\" data-image-title=\"Ko\u015bci\u00f3\u0142 Podwy\u017cszenia Krzy\u017ca \u015awi\u0119tego (wiki Jojo)\" data-image-description=\"\" data-image-caption=\"\" data-medium-file=\"https:\/\/travelist.pl\/magazyn\/wp-content\/uploads\/2025\/06\/Kosciol-Podwyzszenia-Krzyza-Swietego-wiki-Jojo-300x169.jpg\" data-large-file=\"https:\/\/travelist.pl\/magazyn\/wp-content\/uploads\/2025\/06\/Kosciol-Podwyzszenia-Krzyza-Swietego-wiki-Jojo-1024x576.jpg\" src=\"https:\/\/travelist.pl\/magazyn\/wp-content\/uploads\/2025\/06\/Kosciol-Podwyzszenia-Krzyza-Swietego-wiki-Jojo-1024x576.jpg\" alt=\"Ko\u015bci\u00f3\u0142 Podwy\u017cszenia Krzy\u017ca \u015awi\u0119tego - Magazyn travelist\" class=\"wp-image-39058\" srcset=\"https:\/\/travelist.pl\/magazyn\/wp-content\/uploads\/2025\/06\/Kosciol-Podwyzszenia-Krzyza-Swietego-wiki-Jojo-1024x576.jpg 1024w, https:\/\/travelist.pl\/magazyn\/wp-content\/uploads\/2025\/06\/Kosciol-Podwyzszenia-Krzyza-Swietego-wiki-Jojo-300x169.jpg 300w, https:\/\/travelist.pl\/magazyn\/wp-content\/uploads\/2025\/06\/Kosciol-Podwyzszenia-Krzyza-Swietego-wiki-Jojo-768x432.jpg 768w, https:\/\/travelist.pl\/magazyn\/wp-content\/uploads\/2025\/06\/Kosciol-Podwyzszenia-Krzyza-Swietego-wiki-Jojo-1536x864.jpg 1536w, https:\/\/travelist.pl\/magazyn\/wp-content\/uploads\/2025\/06\/Kosciol-Podwyzszenia-Krzyza-Swietego-wiki-Jojo-18x10.jpg 18w, https:\/\/travelist.pl\/magazyn\/wp-content\/uploads\/2025\/06\/Kosciol-Podwyzszenia-Krzyza-Swietego-wiki-Jojo.jpg 1920w\" sizes=\"(max-width: 1024px) 100vw, 1024px\" \/><\/a><\/figure>\n\n\n\n<div style=\"height:21px\" aria-hidden=\"true\" class=\"wp-block-spacer\"><\/div>\n\n\n\n<div class=\"wp-block-buttons is-content-justification-center is-layout-flex wp-container-core-buttons-is-layout-6 wp-block-buttons-is-layout-flex\">\n<div class=\"wp-block-button\"><a class=\"wp-block-button__link wp-element-button\" href=\"https:\/\/travelist.pl\/search\/?d=city,18021&amp;MWID=TRA_PL_MAG_TRA_0000_NON_0000_ART_INS_0_M935_TEXT_CHN_20250623&amp;article_params=article,inspiracje,jelenia-gora-atrakcje,tekst,kanal&amp;noleadrequired=on\">Rezerwuj najlepsze hotele w Jeleniej G\u00f3rze TANIEJ na Travelist.pl&gt;&gt;<\/a><\/div>\n<\/div>\n\n\n\n<div style=\"height:10px\" aria-hidden=\"true\" class=\"wp-block-spacer\"><\/div>\n\n\n\n<h2 class=\"wp-block-heading\">Baszta Grodzka \u2013 pozosta\u0142o\u015b\u0107 \u015bredniowiecznych mur\u00f3w obronnych<\/h2>\n\n\n\n<p>Spaceruj\u0105c po Jeleniej G\u00f3rze, a zw\u0142aszcza po jej centralnej cz\u0119\u015bci, mo\u017cna si\u0119 natkn\u0105\u0107 na zabytki, \u015bwiadcz\u0105ce o pot\u0119dze miasta w dawnych czasach. Jednym z takich element\u00f3w jest Baszta Grodzka, po\u0142o\u017cona przy ulicy Grodzkiej. Jej historia si\u0119ga a\u017c XV wieku, kiedy to\u00a0 w Jeleniej G\u00f3rze wybudowano 36 baszt obronnych, b\u0119d\u0105cych elementem mur\u00f3w obronnych. <\/p>\n\n\n\n<figure class=\"wp-block-image alignwide size-large\"><a href=\"https:\/\/travelist.pl\/search\/?d=city,25651&amp;MWID=TRA_PL_MAG_TRA_0000_NON_0000_ART_INS_0_M935_PHOT_CHN_20250623&amp;article_params=article,inspiracje,jelenia-gora-atrakcje,foto,kanal&amp;noleadrequired=on\"><img loading=\"lazy\" decoding=\"async\" width=\"1024\" height=\"576\" data-attachment-id=\"39062\" data-permalink=\"https:\/\/travelist.pl\/magazyn\/jelenia-gora-atrakcje-turystyczne-ktore-warto-zobaczyc\/baszta-grodzka-basztagrodzka-pl\" data-orig-file=\"https:\/\/travelist.pl\/magazyn\/wp-content\/uploads\/2025\/06\/Baszta-grodzka-basztagrodzka.pl_.jpg\" data-orig-size=\"1920,1080\" data-comments-opened=\"0\" data-image-meta=\"{&quot;aperture&quot;:&quot;0&quot;,&quot;credit&quot;:&quot;&quot;,&quot;camera&quot;:&quot;&quot;,&quot;caption&quot;:&quot;&quot;,&quot;created_timestamp&quot;:&quot;0&quot;,&quot;copyright&quot;:&quot;&quot;,&quot;focal_length&quot;:&quot;0&quot;,&quot;iso&quot;:&quot;0&quot;,&quot;shutter_speed&quot;:&quot;0&quot;,&quot;title&quot;:&quot;&quot;,&quot;orientation&quot;:&quot;0&quot;}\" data-image-title=\"Baszta grodzka (basztagrodzka.pl)\" data-image-description=\"\" data-image-caption=\"\" data-medium-file=\"https:\/\/travelist.pl\/magazyn\/wp-content\/uploads\/2025\/06\/Baszta-grodzka-basztagrodzka.pl_-300x169.jpg\" data-large-file=\"https:\/\/travelist.pl\/magazyn\/wp-content\/uploads\/2025\/06\/Baszta-grodzka-basztagrodzka.pl_-1024x576.jpg\" src=\"https:\/\/travelist.pl\/magazyn\/wp-content\/uploads\/2025\/06\/Baszta-grodzka-basztagrodzka.pl_-1024x576.jpg\" alt=\"Baszta grodzka - Magazyn travelist\" class=\"wp-image-39062\" srcset=\"https:\/\/travelist.pl\/magazyn\/wp-content\/uploads\/2025\/06\/Baszta-grodzka-basztagrodzka.pl_-1024x576.jpg 1024w, https:\/\/travelist.pl\/magazyn\/wp-content\/uploads\/2025\/06\/Baszta-grodzka-basztagrodzka.pl_-300x169.jpg 300w, https:\/\/travelist.pl\/magazyn\/wp-content\/uploads\/2025\/06\/Baszta-grodzka-basztagrodzka.pl_-768x432.jpg 768w, https:\/\/travelist.pl\/magazyn\/wp-content\/uploads\/2025\/06\/Baszta-grodzka-basztagrodzka.pl_-1536x864.jpg 1536w, https:\/\/travelist.pl\/magazyn\/wp-content\/uploads\/2025\/06\/Baszta-grodzka-basztagrodzka.pl_-18x10.jpg 18w, https:\/\/travelist.pl\/magazyn\/wp-content\/uploads\/2025\/06\/Baszta-grodzka-basztagrodzka.pl_.jpg 1920w\" sizes=\"(max-width: 1024px) 100vw, 1024px\" \/><\/a><\/figure>\n\n\n\n<div style=\"height:21px\" aria-hidden=\"true\" class=\"wp-block-spacer\"><\/div>\n\n\n\n<p>Z czasem baszta zatraci\u0142a sw\u00f3j obronny charakter, a jej wn\u0119trza zacz\u0119to wykorzystywa\u0107 w bardziej prozaicznych celach. By\u0142a wykorzystywana do cel\u00f3w mieszkalnych, mie\u015bci\u0142a si\u0119 tu redakcja miesi\u0119cznika \u201cKarkonosze\u201d oraz Centrum Informacji Turystycznej. Dzisiaj siedzib\u0119 ma tu <a href=\"http:\/\/m.in\">m.in<\/a>. hostel.\u00a0<\/p>\n\n\n\n<div class=\"wp-block-buttons is-content-justification-center is-layout-flex wp-container-core-buttons-is-layout-7 wp-block-buttons-is-layout-flex\">\n<div class=\"wp-block-button\"><a class=\"wp-block-button__link wp-element-button\" href=\"https:\/\/travelist.pl\/search\/?d=city,18021&amp;MWID=TRA_PL_MAG_TRA_0000_NON_0000_ART_INS_0_M935_TEXT_CHN_20250623&amp;article_params=article,inspiracje,jelenia-gora-atrakcje,tekst,kanal&amp;noleadrequired=on\">Rezerwuj najlepsze hotele w Jeleniej G\u00f3rze TANIEJ na Travelist.pl&gt;&gt;<\/a><\/div>\n<\/div>\n\n\n\n<div style=\"height:10px\" aria-hidden=\"true\" class=\"wp-block-spacer\"><\/div>\n\n\n\n<h2 class=\"wp-block-heading\">Baszta Zamkowa \u2013 jedna z dw\u00f3ch zachowanych baszt miejskich<\/h2>\n\n\n\n<p>Baszta Zamkowa, zwana r\u00f3wnie\u017c Wie\u017c\u0105 Zamkow\u0105 jest jedynym zachowanym elementem bramy miejskiej. Powsta\u0142a w 1584 roku. Na pocz\u0105tku, podobnie jak Baszta Grodzka, pe\u0142ni\u0142a funkcj\u0119 obronn\u0105, a z czasem s\u0142u\u017cy\u0142a jako wi\u0119zienie miejskie. Dzisiaj znajduje si\u0119 tu punkt widokowy.\u00a0<\/p>\n\n\n\n<figure class=\"wp-block-image alignwide size-large\"><a href=\"https:\/\/travelist.pl\/search\/?d=city,25651&amp;MWID=TRA_PL_MAG_TRA_0000_NON_0000_ART_INS_0_M935_PHOT_CHN_20250623&amp;article_params=article,inspiracje,jelenia-gora-atrakcje,foto,kanal&amp;noleadrequired=on\"><img loading=\"lazy\" decoding=\"async\" width=\"1024\" height=\"576\" data-attachment-id=\"39063\" data-permalink=\"https:\/\/travelist.pl\/magazyn\/jelenia-gora-atrakcje-turystyczne-ktore-warto-zobaczyc\/baszta-zamkowa-turystyka-jeleniagora-pl\" data-orig-file=\"https:\/\/travelist.pl\/magazyn\/wp-content\/uploads\/2025\/06\/baszta-zamkowa-turystyka.jeleniagora.pl_.jpg\" data-orig-size=\"1920,1080\" data-comments-opened=\"0\" data-image-meta=\"{&quot;aperture&quot;:&quot;0&quot;,&quot;credit&quot;:&quot;&quot;,&quot;camera&quot;:&quot;&quot;,&quot;caption&quot;:&quot;&quot;,&quot;created_timestamp&quot;:&quot;0&quot;,&quot;copyright&quot;:&quot;&quot;,&quot;focal_length&quot;:&quot;0&quot;,&quot;iso&quot;:&quot;0&quot;,&quot;shutter_speed&quot;:&quot;0&quot;,&quot;title&quot;:&quot;&quot;,&quot;orientation&quot;:&quot;0&quot;}\" data-image-title=\"baszta zamkowa (turystyka.jeleniagora.pl)\" data-image-description=\"\" data-image-caption=\"\" data-medium-file=\"https:\/\/travelist.pl\/magazyn\/wp-content\/uploads\/2025\/06\/baszta-zamkowa-turystyka.jeleniagora.pl_-300x169.jpg\" data-large-file=\"https:\/\/travelist.pl\/magazyn\/wp-content\/uploads\/2025\/06\/baszta-zamkowa-turystyka.jeleniagora.pl_-1024x576.jpg\" src=\"https:\/\/travelist.pl\/magazyn\/wp-content\/uploads\/2025\/06\/baszta-zamkowa-turystyka.jeleniagora.pl_-1024x576.jpg\" alt=\"baszta zamkowa - Magazyn Travelist\" class=\"wp-image-39063\" srcset=\"https:\/\/travelist.pl\/magazyn\/wp-content\/uploads\/2025\/06\/baszta-zamkowa-turystyka.jeleniagora.pl_-1024x576.jpg 1024w, https:\/\/travelist.pl\/magazyn\/wp-content\/uploads\/2025\/06\/baszta-zamkowa-turystyka.jeleniagora.pl_-300x169.jpg 300w, https:\/\/travelist.pl\/magazyn\/wp-content\/uploads\/2025\/06\/baszta-zamkowa-turystyka.jeleniagora.pl_-768x432.jpg 768w, https:\/\/travelist.pl\/magazyn\/wp-content\/uploads\/2025\/06\/baszta-zamkowa-turystyka.jeleniagora.pl_-1536x864.jpg 1536w, https:\/\/travelist.pl\/magazyn\/wp-content\/uploads\/2025\/06\/baszta-zamkowa-turystyka.jeleniagora.pl_-18x10.jpg 18w, https:\/\/travelist.pl\/magazyn\/wp-content\/uploads\/2025\/06\/baszta-zamkowa-turystyka.jeleniagora.pl_.jpg 1920w\" sizes=\"(max-width: 1024px) 100vw, 1024px\" \/><\/a><\/figure>\n\n\n\n<div style=\"height:21px\" aria-hidden=\"true\" class=\"wp-block-spacer\"><\/div>\n\n\n\n<div class=\"wp-block-buttons is-content-justification-center is-layout-flex wp-container-core-buttons-is-layout-8 wp-block-buttons-is-layout-flex\">\n<div class=\"wp-block-button\"><a class=\"wp-block-button__link wp-element-button\" href=\"https:\/\/travelist.pl\/search\/?d=city,18021&amp;MWID=TRA_PL_MAG_TRA_0000_NON_0000_ART_INS_0_M935_TEXT_CHN_20250623&amp;article_params=article,inspiracje,jelenia-gora-atrakcje,tekst,kanal&amp;noleadrequired=on\">Rezerwuj najlepsze hotele w Jeleniej G\u00f3rze TANIEJ na Travelist.pl&gt;&gt;<\/a><\/div>\n<\/div>\n\n\n\n<div style=\"height:10px\" aria-hidden=\"true\" class=\"wp-block-spacer\"><\/div>\n\n\n\n<h2 class=\"wp-block-heading\">Wie\u017ca widokowa \u201eGrzybek\u201d \u2013 punkt widokowy na Wzg\u00f3rzu Krzywoustego<\/h2>\n\n\n\n<p>Innym punktem widokowym w Jeleniej G\u00f3rze, kt\u00f3ry warto odwiedzi\u0107, jest zdecydowanie wie\u017ca widokowa Grzybek, zwana r\u00f3wnie\u017c wie\u017c\u0105 Krzywoustego. Mie\u015bci si\u0119 na Wzg\u00f3rzu Krzywoustego, kt\u00f3ry to w\u0142adca za\u0142o\u017cy\u0142 w 1108 roku gr\u00f3d obronny, b\u0119d\u0105cy protoplast\u0105 Jeleniej G\u00f3ry. Wie\u017ca zwie\u0144czona jest charakterystyczn\u0105 kopu\u0142\u0105, st\u0105d te\u017c jej nietypowa nazwa \u201cGrzybek\u201d.\u00a0<\/p>\n\n\n\n<figure class=\"wp-block-image alignwide size-large\"><a href=\"https:\/\/travelist.pl\/search\/?d=city,25651&amp;MWID=TRA_PL_MAG_TRA_0000_NON_0000_ART_INS_0_M935_PHOT_CHN_20250623&amp;article_params=article,inspiracje,jelenia-gora-atrakcje,foto,kanal&amp;noleadrequired=on\"><img loading=\"lazy\" decoding=\"async\" width=\"1024\" height=\"576\" data-attachment-id=\"39054\" data-permalink=\"https:\/\/travelist.pl\/magazyn\/jelenia-gora-atrakcje-turystyczne-ktore-warto-zobaczyc\/wieza-widokowa-grzybek\" data-orig-file=\"https:\/\/travelist.pl\/magazyn\/wp-content\/uploads\/2025\/06\/Wieza-widokowa-Grzybek.jpg\" data-orig-size=\"1920,1080\" data-comments-opened=\"0\" data-image-meta=\"{&quot;aperture&quot;:&quot;0&quot;,&quot;credit&quot;:&quot;&quot;,&quot;camera&quot;:&quot;&quot;,&quot;caption&quot;:&quot;&quot;,&quot;created_timestamp&quot;:&quot;0&quot;,&quot;copyright&quot;:&quot;&quot;,&quot;focal_length&quot;:&quot;0&quot;,&quot;iso&quot;:&quot;0&quot;,&quot;shutter_speed&quot;:&quot;0&quot;,&quot;title&quot;:&quot;&quot;,&quot;orientation&quot;:&quot;0&quot;}\" data-image-title=\"Wie\u017ca widokowa Grzybek\" data-image-description=\"\" data-image-caption=\"\" data-medium-file=\"https:\/\/travelist.pl\/magazyn\/wp-content\/uploads\/2025\/06\/Wieza-widokowa-Grzybek-300x169.jpg\" data-large-file=\"https:\/\/travelist.pl\/magazyn\/wp-content\/uploads\/2025\/06\/Wieza-widokowa-Grzybek-1024x576.jpg\" src=\"https:\/\/travelist.pl\/magazyn\/wp-content\/uploads\/2025\/06\/Wieza-widokowa-Grzybek-1024x576.jpg\" alt=\"Wie\u017ca widokowa Grzybek - Magazyn Travelist\" class=\"wp-image-39054\" srcset=\"https:\/\/travelist.pl\/magazyn\/wp-content\/uploads\/2025\/06\/Wieza-widokowa-Grzybek-1024x576.jpg 1024w, https:\/\/travelist.pl\/magazyn\/wp-content\/uploads\/2025\/06\/Wieza-widokowa-Grzybek-300x169.jpg 300w, https:\/\/travelist.pl\/magazyn\/wp-content\/uploads\/2025\/06\/Wieza-widokowa-Grzybek-768x432.jpg 768w, https:\/\/travelist.pl\/magazyn\/wp-content\/uploads\/2025\/06\/Wieza-widokowa-Grzybek-1536x864.jpg 1536w, https:\/\/travelist.pl\/magazyn\/wp-content\/uploads\/2025\/06\/Wieza-widokowa-Grzybek-18x10.jpg 18w, https:\/\/travelist.pl\/magazyn\/wp-content\/uploads\/2025\/06\/Wieza-widokowa-Grzybek.jpg 1920w\" sizes=\"(max-width: 1024px) 100vw, 1024px\" \/><\/a><\/figure>\n\n\n\n<div style=\"height:21px\" aria-hidden=\"true\" class=\"wp-block-spacer\"><\/div>\n\n\n\n<p>Z wie\u017cy mo\u017cna podziwia\u0107 panoram\u0119 cz\u0119\u015bci Karkonoszy, Rudaw Janowickich i G\u00f3r Kaczawskich. Mo\u017cna tu sp\u0119dzi\u0107 mi\u0142e popo\u0142udnie, gdy\u017c na terenie pod wie\u017c\u0105 znajduj\u0105 si\u0119 miejsca piknikowe, \u0142awki i miejsce na ognisko.&nbsp;<\/p>\n\n\n\n<div class=\"wp-block-buttons is-content-justification-center is-layout-flex wp-container-core-buttons-is-layout-9 wp-block-buttons-is-layout-flex\">\n<div class=\"wp-block-button\"><a class=\"wp-block-button__link wp-element-button\" href=\"https:\/\/travelist.pl\/search\/?d=city,18021&amp;MWID=TRA_PL_MAG_TRA_0000_NON_0000_ART_INS_0_M935_TEXT_CHN_20250623&amp;article_params=article,inspiracje,jelenia-gora-atrakcje,tekst,kanal&amp;noleadrequired=on\">Rezerwuj najlepsze hotele w Jeleniej G\u00f3rze TANIEJ na Travelist.pl&gt;&gt;<\/a><\/div>\n<\/div>\n\n\n\n<div style=\"height:10px\" aria-hidden=\"true\" class=\"wp-block-spacer\"><\/div>\n\n\n\n<h2 class=\"wp-block-heading\">Wzg\u00f3rze Ko\u015bciuszki \u2013 nieodleg\u0142a wycieczka z pi\u0119knymi widokami<\/h2>\n\n\n\n<p>Wzg\u00f3rze Ko\u015bciuszki to symboliczne miejsce Jeleniej G\u00f3ry. Dawniej, w XVI wieku, dokonywano tu egzekucji, gdy\u017c mie\u015bci\u0142a si\u0119 tu miejska szubienica. Nast\u0119pnie na wzg\u00f3rzu zbudowano umocnienia wojskowe. Koniec ko\u0144c\u00f3w powsta\u0142 tu park miejski, najpi\u0119kniejszy w ca\u0142ym mie\u015bcie. Przez park biegnie \u015bcie\u017cka przyrodniczo-historyczna. Id\u0105c jej \u015bladem, mo\u017cna dowiedzie\u0107 si\u0119 ciekawostek na temat historii tego miejsca oraz ro\u015blin, kt\u00f3re tu rosn\u0105 od dziesi\u0105tek lat.\u00a0<\/p>\n\n\n\n<figure class=\"wp-block-image alignwide size-large\"><a href=\"https:\/\/travelist.pl\/search\/?d=city,25651&amp;MWID=TRA_PL_MAG_TRA_0000_NON_0000_ART_INS_0_M935_PHOT_CHN_20250623&amp;article_params=article,inspiracje,jelenia-gora-atrakcje,foto,kanal&amp;noleadrequired=on\"><img loading=\"lazy\" decoding=\"async\" width=\"1024\" height=\"576\" data-attachment-id=\"39059\" data-permalink=\"https:\/\/travelist.pl\/magazyn\/jelenia-gora-atrakcje-turystyczne-ktore-warto-zobaczyc\/wzgorze-kosciuszkowskie-jeleniagora-naszemiasto-pl-alina-gierak\" data-orig-file=\"https:\/\/travelist.pl\/magazyn\/wp-content\/uploads\/2025\/06\/Wzgorze-kosciuszkowskie-jeleniagora.naszemiasto.pl-Alina-Gierak.jpg\" data-orig-size=\"1920,1080\" data-comments-opened=\"0\" data-image-meta=\"{&quot;aperture&quot;:&quot;0&quot;,&quot;credit&quot;:&quot;&quot;,&quot;camera&quot;:&quot;&quot;,&quot;caption&quot;:&quot;&quot;,&quot;created_timestamp&quot;:&quot;0&quot;,&quot;copyright&quot;:&quot;&quot;,&quot;focal_length&quot;:&quot;0&quot;,&quot;iso&quot;:&quot;0&quot;,&quot;shutter_speed&quot;:&quot;0&quot;,&quot;title&quot;:&quot;&quot;,&quot;orientation&quot;:&quot;0&quot;}\" data-image-title=\"Wzg\u00f3rze ko\u015bciuszkowskie (jeleniagora.naszemiasto.pl Alina Gierak)\" data-image-description=\"\" data-image-caption=\"\" data-medium-file=\"https:\/\/travelist.pl\/magazyn\/wp-content\/uploads\/2025\/06\/Wzgorze-kosciuszkowskie-jeleniagora.naszemiasto.pl-Alina-Gierak-300x169.jpg\" data-large-file=\"https:\/\/travelist.pl\/magazyn\/wp-content\/uploads\/2025\/06\/Wzgorze-kosciuszkowskie-jeleniagora.naszemiasto.pl-Alina-Gierak-1024x576.jpg\" src=\"https:\/\/travelist.pl\/magazyn\/wp-content\/uploads\/2025\/06\/Wzgorze-kosciuszkowskie-jeleniagora.naszemiasto.pl-Alina-Gierak-1024x576.jpg\" alt=\"Wzg\u00f3rze ko\u015bciuszkowskie - Magazyn Travelist\" class=\"wp-image-39059\" srcset=\"https:\/\/travelist.pl\/magazyn\/wp-content\/uploads\/2025\/06\/Wzgorze-kosciuszkowskie-jeleniagora.naszemiasto.pl-Alina-Gierak-1024x576.jpg 1024w, https:\/\/travelist.pl\/magazyn\/wp-content\/uploads\/2025\/06\/Wzgorze-kosciuszkowskie-jeleniagora.naszemiasto.pl-Alina-Gierak-300x169.jpg 300w, https:\/\/travelist.pl\/magazyn\/wp-content\/uploads\/2025\/06\/Wzgorze-kosciuszkowskie-jeleniagora.naszemiasto.pl-Alina-Gierak-768x432.jpg 768w, https:\/\/travelist.pl\/magazyn\/wp-content\/uploads\/2025\/06\/Wzgorze-kosciuszkowskie-jeleniagora.naszemiasto.pl-Alina-Gierak-1536x864.jpg 1536w, https:\/\/travelist.pl\/magazyn\/wp-content\/uploads\/2025\/06\/Wzgorze-kosciuszkowskie-jeleniagora.naszemiasto.pl-Alina-Gierak-18x10.jpg 18w, https:\/\/travelist.pl\/magazyn\/wp-content\/uploads\/2025\/06\/Wzgorze-kosciuszkowskie-jeleniagora.naszemiasto.pl-Alina-Gierak.jpg 1920w\" sizes=\"(max-width: 1024px) 100vw, 1024px\" \/><\/a><\/figure>\n\n\n\n<div style=\"height:20px\" aria-hidden=\"true\" class=\"wp-block-spacer\"><\/div>\n\n\n\n<div class=\"wp-block-buttons is-content-justification-center is-layout-flex wp-container-core-buttons-is-layout-10 wp-block-buttons-is-layout-flex\">\n<div class=\"wp-block-button\"><a class=\"wp-block-button__link wp-element-button\" href=\"https:\/\/travelist.pl\/search\/?d=city,18021&amp;MWID=TRA_PL_MAG_TRA_0000_NON_0000_ART_INS_0_M935_TEXT_CHN_20250623&amp;article_params=article,inspiracje,jelenia-gora-atrakcje,tekst,kanal&amp;noleadrequired=on\">Rezerwuj najlepsze hotele w Jeleniej G\u00f3rze TANIEJ na Travelist.pl&gt;&gt;<\/a><\/div>\n<\/div>\n\n\n\n<div style=\"height:10px\" aria-hidden=\"true\" class=\"wp-block-spacer\"><\/div>\n\n\n\n<h2 class=\"wp-block-heading\">Muzeum Karkonoskie \u2013 historia i sztuka regionu z kolekcj\u0105 szk\u0142a artystycznego<\/h2>\n\n\n\n<p>Wyj\u0105tkow\u0105 instytucj\u0105 kultury, kt\u00f3r\u0105 z pewno\u015bci\u0105 warto odwiedzi\u0107 podczas wizyty w Jeleniej G\u00f3rze, jest Muzeum Karkonoskie. To doskona\u0142e po\u0142\u0105czenie nowoczesno\u015bci z przesz\u0142o\u015bci\u0105. Muzeum umieszczone jest w przeszklonym budynku, a w jego wn\u0119trzach znajduj\u0105 si\u0119 drogocenne zbiory i ekspozycje, <a href=\"http:\/\/m.in\">m.in<\/a>. najwi\u0119ksza w Polsce kolekcja szk\u0142a artystycznego \u2014 to a\u017c 9 tysi\u0119cy szklanych eksponat\u00f3w.<\/p>\n\n\n\n<figure class=\"wp-block-image alignwide size-large\"><a href=\"https:\/\/travelist.pl\/search\/?d=city,25651&amp;MWID=TRA_PL_MAG_TRA_0000_NON_0000_ART_INS_0_M935_PHOT_CHN_20250623&amp;article_params=article,inspiracje,jelenia-gora-atrakcje,foto,kanal&amp;noleadrequired=on\"><img loading=\"lazy\" decoding=\"async\" width=\"1024\" height=\"576\" data-attachment-id=\"39064\" data-permalink=\"https:\/\/travelist.pl\/magazyn\/jelenia-gora-atrakcje-turystyczne-ktore-warto-zobaczyc\/muzeum-karkonoskie-muzeumkarkonoskie-pl\" data-orig-file=\"https:\/\/travelist.pl\/magazyn\/wp-content\/uploads\/2025\/06\/Muzeum-Karkonoskie-muzeumkarkonoskie.pl_.jpg\" data-orig-size=\"1920,1080\" data-comments-opened=\"0\" data-image-meta=\"{&quot;aperture&quot;:&quot;0&quot;,&quot;credit&quot;:&quot;&quot;,&quot;camera&quot;:&quot;&quot;,&quot;caption&quot;:&quot;&quot;,&quot;created_timestamp&quot;:&quot;0&quot;,&quot;copyright&quot;:&quot;&quot;,&quot;focal_length&quot;:&quot;0&quot;,&quot;iso&quot;:&quot;0&quot;,&quot;shutter_speed&quot;:&quot;0&quot;,&quot;title&quot;:&quot;&quot;,&quot;orientation&quot;:&quot;0&quot;}\" data-image-title=\"Muzeum Karkonoskie (muzeumkarkonoskie.pl\" data-image-description=\"\" data-image-caption=\"\" data-medium-file=\"https:\/\/travelist.pl\/magazyn\/wp-content\/uploads\/2025\/06\/Muzeum-Karkonoskie-muzeumkarkonoskie.pl_-300x169.jpg\" data-large-file=\"https:\/\/travelist.pl\/magazyn\/wp-content\/uploads\/2025\/06\/Muzeum-Karkonoskie-muzeumkarkonoskie.pl_-1024x576.jpg\" src=\"https:\/\/travelist.pl\/magazyn\/wp-content\/uploads\/2025\/06\/Muzeum-Karkonoskie-muzeumkarkonoskie.pl_-1024x576.jpg\" alt=\"Muzeum Karkonoskie - Magazyn Travelist\" class=\"wp-image-39064\" srcset=\"https:\/\/travelist.pl\/magazyn\/wp-content\/uploads\/2025\/06\/Muzeum-Karkonoskie-muzeumkarkonoskie.pl_-1024x576.jpg 1024w, https:\/\/travelist.pl\/magazyn\/wp-content\/uploads\/2025\/06\/Muzeum-Karkonoskie-muzeumkarkonoskie.pl_-300x169.jpg 300w, https:\/\/travelist.pl\/magazyn\/wp-content\/uploads\/2025\/06\/Muzeum-Karkonoskie-muzeumkarkonoskie.pl_-768x432.jpg 768w, https:\/\/travelist.pl\/magazyn\/wp-content\/uploads\/2025\/06\/Muzeum-Karkonoskie-muzeumkarkonoskie.pl_-1536x864.jpg 1536w, https:\/\/travelist.pl\/magazyn\/wp-content\/uploads\/2025\/06\/Muzeum-Karkonoskie-muzeumkarkonoskie.pl_-18x10.jpg 18w, https:\/\/travelist.pl\/magazyn\/wp-content\/uploads\/2025\/06\/Muzeum-Karkonoskie-muzeumkarkonoskie.pl_.jpg 1920w\" sizes=\"(max-width: 1024px) 100vw, 1024px\" \/><\/a><\/figure>\n\n\n\n<div style=\"height:22px\" aria-hidden=\"true\" class=\"wp-block-spacer\"><\/div>\n\n\n\n<p>Znajdziecie tu tak\u017ce takie pami\u0105tki jak portrety dawnych znamienitych mieszczan, stroje ludowe, czy te\u017c medale oraz obrazy na szkle. W ramach wystawy sta\u0142ej mo\u017cna tu ogl\u0105da\u0107 wystaw\u0119 archeologiczn\u0105, laboratorium szk\u0142a, kamienic\u0119 mieszcza\u0144sk\u0105 oraz chat\u0119 karkonosk\u0105.&nbsp;<\/p>\n\n\n\n<div class=\"wp-block-buttons is-content-justification-center is-layout-flex wp-container-core-buttons-is-layout-11 wp-block-buttons-is-layout-flex\">\n<div class=\"wp-block-button\"><a class=\"wp-block-button__link wp-element-button\" href=\"https:\/\/travelist.pl\/search\/?d=city,18021&amp;MWID=TRA_PL_MAG_TRA_0000_NON_0000_ART_INS_0_M935_TEXT_CHN_20250623&amp;article_params=article,inspiracje,jelenia-gora-atrakcje,tekst,kanal&amp;noleadrequired=on\">Rezerwuj najlepsze hotele w Jeleniej G\u00f3rze TANIEJ na Travelist.pl&gt;&gt;<\/a><\/div>\n<\/div>\n\n\n\n<div style=\"height:10px\" aria-hidden=\"true\" class=\"wp-block-spacer\"><\/div>\n\n\n\n<h2 class=\"wp-block-heading\">Muzeum Historii i Militari\u00f3w \u2013 ekspozycja sprz\u0119tu wojskowego na wolnym powietrzu<\/h2>\n\n\n\n<p>Wizyta w Muzeum Historii i Militari\u00f3w w Jeleniej G\u00f3rze to prawdziwy rarytas dla mi\u0142o\u015bnik\u00f3w wojskowo\u015bci. Podczas wizyty dowiecie si\u0119 co nieco o dziejach wojskowo\u015bci w Karkonoszach i Kotlinie Jeleniog\u00f3rskiej, zobaczycie ciekawe eksponaty militarne. Do dyspozycji zwiedzaj\u0105cych jest wystawa broni ci\u0119\u017ckiej przy ulicy Sudeckiej 83. W sezonie letnim muzeum jest czynne codziennie z wyj\u0105tkiem poniedzia\u0142k\u00f3w w godzinach 9-17, a poza sezonem w godzinach 9-16. Bilet wst\u0119pu kosztuje 15 z\u0142 dla osoby doros\u0142ej a 10 z\u0142 dla dziecka.\u00a0<\/p>\n\n\n\n<figure class=\"wp-block-image alignwide size-large\"><a href=\"https:\/\/travelist.pl\/search\/?d=city,25651&amp;MWID=TRA_PL_MAG_TRA_0000_NON_0000_ART_INS_0_M935_PHOT_CHN_20250623&amp;article_params=article,inspiracje,jelenia-gora-atrakcje,foto,kanal&amp;noleadrequired=on\"><img loading=\"lazy\" decoding=\"async\" width=\"1024\" height=\"576\" data-attachment-id=\"39053\" data-permalink=\"https:\/\/travelist.pl\/magazyn\/jelenia-gora-atrakcje-turystyczne-ktore-warto-zobaczyc\/muzeum-historii-i-militariow-jeleniagora-naszemiasto-pl\" data-orig-file=\"https:\/\/travelist.pl\/magazyn\/wp-content\/uploads\/2025\/06\/Muzeum-Historii-i-Militariow-jeleniagora.naszemiasto.pl_.jpg\" data-orig-size=\"1920,1080\" data-comments-opened=\"0\" data-image-meta=\"{&quot;aperture&quot;:&quot;0&quot;,&quot;credit&quot;:&quot;&quot;,&quot;camera&quot;:&quot;&quot;,&quot;caption&quot;:&quot;&quot;,&quot;created_timestamp&quot;:&quot;0&quot;,&quot;copyright&quot;:&quot;&quot;,&quot;focal_length&quot;:&quot;0&quot;,&quot;iso&quot;:&quot;0&quot;,&quot;shutter_speed&quot;:&quot;0&quot;,&quot;title&quot;:&quot;&quot;,&quot;orientation&quot;:&quot;0&quot;}\" data-image-title=\"Muzeum Historii i Militari\u00f3w (jeleniagora.naszemiasto.pl)\" data-image-description=\"\" data-image-caption=\"\" data-medium-file=\"https:\/\/travelist.pl\/magazyn\/wp-content\/uploads\/2025\/06\/Muzeum-Historii-i-Militariow-jeleniagora.naszemiasto.pl_-300x169.jpg\" data-large-file=\"https:\/\/travelist.pl\/magazyn\/wp-content\/uploads\/2025\/06\/Muzeum-Historii-i-Militariow-jeleniagora.naszemiasto.pl_-1024x576.jpg\" src=\"https:\/\/travelist.pl\/magazyn\/wp-content\/uploads\/2025\/06\/Muzeum-Historii-i-Militariow-jeleniagora.naszemiasto.pl_-1024x576.jpg\" alt=\"Muzeum Historii i Militari\u00f3w - Magazyn Travelist\" class=\"wp-image-39053\" srcset=\"https:\/\/travelist.pl\/magazyn\/wp-content\/uploads\/2025\/06\/Muzeum-Historii-i-Militariow-jeleniagora.naszemiasto.pl_-1024x576.jpg 1024w, https:\/\/travelist.pl\/magazyn\/wp-content\/uploads\/2025\/06\/Muzeum-Historii-i-Militariow-jeleniagora.naszemiasto.pl_-300x169.jpg 300w, https:\/\/travelist.pl\/magazyn\/wp-content\/uploads\/2025\/06\/Muzeum-Historii-i-Militariow-jeleniagora.naszemiasto.pl_-768x432.jpg 768w, https:\/\/travelist.pl\/magazyn\/wp-content\/uploads\/2025\/06\/Muzeum-Historii-i-Militariow-jeleniagora.naszemiasto.pl_-1536x864.jpg 1536w, https:\/\/travelist.pl\/magazyn\/wp-content\/uploads\/2025\/06\/Muzeum-Historii-i-Militariow-jeleniagora.naszemiasto.pl_-18x10.jpg 18w, https:\/\/travelist.pl\/magazyn\/wp-content\/uploads\/2025\/06\/Muzeum-Historii-i-Militariow-jeleniagora.naszemiasto.pl_.jpg 1920w\" sizes=\"(max-width: 1024px) 100vw, 1024px\" \/><\/a><\/figure>\n\n\n\n<div style=\"height:21px\" aria-hidden=\"true\" class=\"wp-block-spacer\"><\/div>\n\n\n\n<div class=\"wp-block-buttons is-content-justification-center is-layout-flex wp-container-core-buttons-is-layout-12 wp-block-buttons-is-layout-flex\">\n<div class=\"wp-block-button\"><a class=\"wp-block-button__link wp-element-button\" href=\"https:\/\/travelist.pl\/search\/?d=city,18021&amp;MWID=TRA_PL_MAG_TRA_0000_NON_0000_ART_INS_0_M935_TEXT_CHN_20250623&amp;article_params=article,inspiracje,jelenia-gora-atrakcje,tekst,kanal&amp;noleadrequired=on\">Rezerwuj najlepsze hotele w Jeleniej G\u00f3rze TANIEJ na Travelist.pl&gt;&gt;<\/a><\/div>\n<\/div>\n\n\n\n<div style=\"height:10px\" aria-hidden=\"true\" class=\"wp-block-spacer\"><\/div>\n\n\n\n<h2 class=\"wp-block-heading\">Teatr im. Cypriana Kamila Norwida \u2013 secesyjny budynek z 1904 roku<\/h2>\n\n\n\n<p>Macie ochot\u0119 na dawk\u0119 kultury podczas wizyty w Jeleniej G\u00f3rze? Koniecznie wybierzcie si\u0119 do teatru! Teatr im. Cypriana Kamila Norwida jest jedn\u0105 z najbardziej presti\u017cowych instytucji kultury w mie\u015bcie. Powsta\u0142 w 1903 roku i od tej pory pr\u0119\u017cnie dzia\u0142a. Na deskach teatru mo\u017cna obecnie ogl\u0105da\u0107 takie spektakle jak \u201cRomeo i Julia\u201d, \u201cPrzez park na bosaka\u201d czy te\u017c \u201dPrzyjazne dusze\u201d.\u00a0<\/p>\n\n\n\n<figure class=\"wp-block-image alignwide size-large\"><a href=\"https:\/\/travelist.pl\/search\/?d=city,25651&amp;MWID=TRA_PL_MAG_TRA_0000_NON_0000_ART_INS_0_M935_PHOT_CHN_20250623&amp;article_params=article,inspiracje,jelenia-gora-atrakcje,foto,kanal&amp;noleadrequired=on\"><img loading=\"lazy\" decoding=\"async\" width=\"1024\" height=\"576\" data-attachment-id=\"39067\" data-permalink=\"https:\/\/travelist.pl\/magazyn\/jelenia-gora-atrakcje-turystyczne-ktore-warto-zobaczyc\/teatr-im-cypriana-kamila-norwida-teatrnorwida-pl\" data-orig-file=\"https:\/\/travelist.pl\/magazyn\/wp-content\/uploads\/2025\/06\/Teatr-im.-Cypriana-Kamila-Norwida-teatrnorwida.pl_.jpg\" data-orig-size=\"1920,1080\" data-comments-opened=\"0\" data-image-meta=\"{&quot;aperture&quot;:&quot;0&quot;,&quot;credit&quot;:&quot;&quot;,&quot;camera&quot;:&quot;&quot;,&quot;caption&quot;:&quot;&quot;,&quot;created_timestamp&quot;:&quot;0&quot;,&quot;copyright&quot;:&quot;&quot;,&quot;focal_length&quot;:&quot;0&quot;,&quot;iso&quot;:&quot;0&quot;,&quot;shutter_speed&quot;:&quot;0&quot;,&quot;title&quot;:&quot;&quot;,&quot;orientation&quot;:&quot;0&quot;}\" data-image-title=\"Teatr im. Cypriana Kamila Norwida (teatrnorwida.pl)\" data-image-description=\"\" data-image-caption=\"\" data-medium-file=\"https:\/\/travelist.pl\/magazyn\/wp-content\/uploads\/2025\/06\/Teatr-im.-Cypriana-Kamila-Norwida-teatrnorwida.pl_-300x169.jpg\" data-large-file=\"https:\/\/travelist.pl\/magazyn\/wp-content\/uploads\/2025\/06\/Teatr-im.-Cypriana-Kamila-Norwida-teatrnorwida.pl_-1024x576.jpg\" src=\"https:\/\/travelist.pl\/magazyn\/wp-content\/uploads\/2025\/06\/Teatr-im.-Cypriana-Kamila-Norwida-teatrnorwida.pl_-1024x576.jpg\" alt=\"Teatr im. Cypriana Kamila Norwida - Magazyn Travelist\" class=\"wp-image-39067\" srcset=\"https:\/\/travelist.pl\/magazyn\/wp-content\/uploads\/2025\/06\/Teatr-im.-Cypriana-Kamila-Norwida-teatrnorwida.pl_-1024x576.jpg 1024w, https:\/\/travelist.pl\/magazyn\/wp-content\/uploads\/2025\/06\/Teatr-im.-Cypriana-Kamila-Norwida-teatrnorwida.pl_-300x169.jpg 300w, https:\/\/travelist.pl\/magazyn\/wp-content\/uploads\/2025\/06\/Teatr-im.-Cypriana-Kamila-Norwida-teatrnorwida.pl_-768x432.jpg 768w, https:\/\/travelist.pl\/magazyn\/wp-content\/uploads\/2025\/06\/Teatr-im.-Cypriana-Kamila-Norwida-teatrnorwida.pl_-1536x864.jpg 1536w, https:\/\/travelist.pl\/magazyn\/wp-content\/uploads\/2025\/06\/Teatr-im.-Cypriana-Kamila-Norwida-teatrnorwida.pl_-18x10.jpg 18w, https:\/\/travelist.pl\/magazyn\/wp-content\/uploads\/2025\/06\/Teatr-im.-Cypriana-Kamila-Norwida-teatrnorwida.pl_.jpg 1920w\" sizes=\"(max-width: 1024px) 100vw, 1024px\" \/><\/a><\/figure>\n\n\n\n<div style=\"height:21px\" aria-hidden=\"true\" class=\"wp-block-spacer\"><\/div>\n\n\n\n<div class=\"wp-block-buttons is-content-justification-center is-layout-flex wp-container-core-buttons-is-layout-13 wp-block-buttons-is-layout-flex\">\n<div class=\"wp-block-button\"><a class=\"wp-block-button__link wp-element-button\" href=\"https:\/\/travelist.pl\/search\/?d=city,18021&amp;MWID=TRA_PL_MAG_TRA_0000_NON_0000_ART_INS_0_M935_TEXT_CHN_20250623&amp;article_params=article,inspiracje,jelenia-gora-atrakcje,tekst,kanal&amp;noleadrequired=on\">Rezerwuj najlepsze hotele w Jeleniej G\u00f3rze TANIEJ na Travelist.pl&gt;&gt;<\/a><\/div>\n<\/div>\n\n\n\n<div style=\"height:10px\" aria-hidden=\"true\" class=\"wp-block-spacer\"><\/div>\n\n\n\n<h2 class=\"wp-block-heading\">Time Gates \u2013 interaktywna podr\u00f3\u017c przez histori\u0119 w podziemiach miasta<\/h2>\n\n\n\n<p>Niesamowita atrakcja Jeleniej G\u00f3ry, kt\u00f3r\u0105 koniecznie musicie odwiedzi\u0107 to Time Gates &#8211; Bramy Czasu. To prawdziwa podr\u00f3\u017c w czasie i przestrzeni. Zwiedzaj\u0105cy odkrywaj\u0105 tajemnice schron\u00f3w przeciwlotniczych z czas\u00f3w II Wojny \u015awiatowej, maj\u0105 okazj\u0119 pozna\u0107 histori\u0119 karkonoskich legend oraz innych ciekawostek i smaczk\u00f3w zwi\u0105zanych z regionem.<\/p>\n\n\n\n<figure class=\"wp-block-image alignwide size-large\"><a href=\"https:\/\/travelist.pl\/search\/?d=city,25651&amp;MWID=TRA_PL_MAG_TRA_0000_NON_0000_ART_INS_0_M935_PHOT_CHN_20250623&amp;article_params=article,inspiracje,jelenia-gora-atrakcje,foto,kanal&amp;noleadrequired=on\"><img loading=\"lazy\" decoding=\"async\" width=\"1024\" height=\"576\" data-attachment-id=\"39057\" data-permalink=\"https:\/\/travelist.pl\/magazyn\/jelenia-gora-atrakcje-turystyczne-ktore-warto-zobaczyc\/time-gates-timegates-pl\" data-orig-file=\"https:\/\/travelist.pl\/magazyn\/wp-content\/uploads\/2025\/06\/Time-Gates-timegates.pl_.jpg\" data-orig-size=\"1920,1080\" data-comments-opened=\"0\" data-image-meta=\"{&quot;aperture&quot;:&quot;0&quot;,&quot;credit&quot;:&quot;&quot;,&quot;camera&quot;:&quot;&quot;,&quot;caption&quot;:&quot;&quot;,&quot;created_timestamp&quot;:&quot;0&quot;,&quot;copyright&quot;:&quot;&quot;,&quot;focal_length&quot;:&quot;0&quot;,&quot;iso&quot;:&quot;0&quot;,&quot;shutter_speed&quot;:&quot;0&quot;,&quot;title&quot;:&quot;&quot;,&quot;orientation&quot;:&quot;0&quot;}\" data-image-title=\"Time Gates (timegates.pl)\" data-image-description=\"\" data-image-caption=\"\" data-medium-file=\"https:\/\/travelist.pl\/magazyn\/wp-content\/uploads\/2025\/06\/Time-Gates-timegates.pl_-300x169.jpg\" data-large-file=\"https:\/\/travelist.pl\/magazyn\/wp-content\/uploads\/2025\/06\/Time-Gates-timegates.pl_-1024x576.jpg\" src=\"https:\/\/travelist.pl\/magazyn\/wp-content\/uploads\/2025\/06\/Time-Gates-timegates.pl_-1024x576.jpg\" alt=\"Time Gates - Magazyn Travelist\" class=\"wp-image-39057\" srcset=\"https:\/\/travelist.pl\/magazyn\/wp-content\/uploads\/2025\/06\/Time-Gates-timegates.pl_-1024x576.jpg 1024w, https:\/\/travelist.pl\/magazyn\/wp-content\/uploads\/2025\/06\/Time-Gates-timegates.pl_-300x169.jpg 300w, https:\/\/travelist.pl\/magazyn\/wp-content\/uploads\/2025\/06\/Time-Gates-timegates.pl_-768x432.jpg 768w, https:\/\/travelist.pl\/magazyn\/wp-content\/uploads\/2025\/06\/Time-Gates-timegates.pl_-1536x864.jpg 1536w, https:\/\/travelist.pl\/magazyn\/wp-content\/uploads\/2025\/06\/Time-Gates-timegates.pl_-18x10.jpg 18w, https:\/\/travelist.pl\/magazyn\/wp-content\/uploads\/2025\/06\/Time-Gates-timegates.pl_.jpg 1920w\" sizes=\"(max-width: 1024px) 100vw, 1024px\" \/><\/a><\/figure>\n\n\n\n<div style=\"height:20px\" aria-hidden=\"true\" class=\"wp-block-spacer\"><\/div>\n\n\n\n<p>Przedstawiona jest tu <a href=\"http:\/\/m.in\">m.in<\/a>. najwi\u0119ksza w Polsce cewka Tesli, ukryty poci\u0105g oraz Duch G\u00f3r. Zwiedzanie mo\u017cliwe jest wy\u0142\u0105cznie z przewodnikiem. Cyklicznie odbywaj\u0105 si\u0119 tu warsztaty i pokazy, np. szalonego laboranta. To szczeg\u00f3lnie ciekawa atrakcja dla najm\u0142odszych, kt\u00f3rym wizyta w Bramach Czasu z pewno\u015bci\u0105 na d\u0142ugo zapadnie w pami\u0119\u0107.<\/p>\n\n\n\n<div class=\"wp-block-buttons is-content-justification-center is-layout-flex wp-container-core-buttons-is-layout-14 wp-block-buttons-is-layout-flex\">\n<div class=\"wp-block-button\"><a class=\"wp-block-button__link wp-element-button\" href=\"https:\/\/travelist.pl\/search\/?d=city,18021&amp;MWID=TRA_PL_MAG_TRA_0000_NON_0000_ART_INS_0_M935_TEXT_CHN_20250623&amp;article_params=article,inspiracje,jelenia-gora-atrakcje,tekst,kanal&amp;noleadrequired=on\">Rezerwuj najlepsze hotele w Jeleniej G\u00f3rze TANIEJ na Travelist.pl&gt;&gt;<\/a><\/div>\n<\/div>\n\n\n\n<div style=\"height:10px\" aria-hidden=\"true\" class=\"wp-block-spacer\"><\/div>\n\n\n\n<h2 class=\"wp-block-heading\">Cieplice \u015al\u0105skie-Zdr\u00f3j \u2013 najstarsze uzdrowisko w Polsce z termami i parkiem zdrojowym<\/h2>\n\n\n\n<p>Tu\u017c u st\u00f3p Karkonoszy, nieopodal Jeleniej G\u00f3ry, le\u017cy uzdrowisko Cieplice. Od wielu lat przybywaj\u0105 tu t\u0142umy kuracjuszy, kt\u00f3rzy w tutejszych cudownych wodach szukaj\u0105 uzdrowienia. Dla turyst\u00f3w przygotowano termy z lecznicz\u0105 wod\u0105, a tak\u017ce szeroki wachlarz leczniczych us\u0142ug: rehabilitacj\u0119, leczenie schorze\u0144 uk\u0142adu moczowego, przewlek\u0142ych stan\u00f3w okulistycznych czy te\u017c problem\u00f3w neurologicznych. W rekonwalescencji sprzyja wyj\u0105tkowy mikroklimat oraz wody mineralne.<\/p>\n\n\n\n<figure class=\"wp-block-image alignwide size-large\"><a href=\"https:\/\/travelist.pl\/search\/?d=city,25651&amp;MWID=TRA_PL_MAG_TRA_0000_NON_0000_ART_INS_0_M935_PHOT_CHN_20250623&amp;article_params=article,inspiracje,jelenia-gora-atrakcje,foto,kanal&amp;noleadrequired=on\"><img loading=\"lazy\" decoding=\"async\" width=\"1024\" height=\"576\" data-attachment-id=\"39056\" data-permalink=\"https:\/\/travelist.pl\/magazyn\/jelenia-gora-atrakcje-turystyczne-ktore-warto-zobaczyc\/cieplice-slaskie-zdroj\" data-orig-file=\"https:\/\/travelist.pl\/magazyn\/wp-content\/uploads\/2025\/06\/Cieplice-Slaskie-Zdroj.jpg\" data-orig-size=\"1920,1080\" data-comments-opened=\"0\" data-image-meta=\"{&quot;aperture&quot;:&quot;0&quot;,&quot;credit&quot;:&quot;&quot;,&quot;camera&quot;:&quot;&quot;,&quot;caption&quot;:&quot;&quot;,&quot;created_timestamp&quot;:&quot;0&quot;,&quot;copyright&quot;:&quot;&quot;,&quot;focal_length&quot;:&quot;0&quot;,&quot;iso&quot;:&quot;0&quot;,&quot;shutter_speed&quot;:&quot;0&quot;,&quot;title&quot;:&quot;&quot;,&quot;orientation&quot;:&quot;0&quot;}\" data-image-title=\"Cieplice \u015al\u0105skie-Zdr\u00f3j\" data-image-description=\"\" data-image-caption=\"\" data-medium-file=\"https:\/\/travelist.pl\/magazyn\/wp-content\/uploads\/2025\/06\/Cieplice-Slaskie-Zdroj-300x169.jpg\" data-large-file=\"https:\/\/travelist.pl\/magazyn\/wp-content\/uploads\/2025\/06\/Cieplice-Slaskie-Zdroj-1024x576.jpg\" src=\"https:\/\/travelist.pl\/magazyn\/wp-content\/uploads\/2025\/06\/Cieplice-Slaskie-Zdroj-1024x576.jpg\" alt=\"Cieplice \u015al\u0105skie-Zdr\u00f3j - Magazyn Travelist\" class=\"wp-image-39056\" srcset=\"https:\/\/travelist.pl\/magazyn\/wp-content\/uploads\/2025\/06\/Cieplice-Slaskie-Zdroj-1024x576.jpg 1024w, https:\/\/travelist.pl\/magazyn\/wp-content\/uploads\/2025\/06\/Cieplice-Slaskie-Zdroj-300x169.jpg 300w, https:\/\/travelist.pl\/magazyn\/wp-content\/uploads\/2025\/06\/Cieplice-Slaskie-Zdroj-768x432.jpg 768w, https:\/\/travelist.pl\/magazyn\/wp-content\/uploads\/2025\/06\/Cieplice-Slaskie-Zdroj-1536x864.jpg 1536w, https:\/\/travelist.pl\/magazyn\/wp-content\/uploads\/2025\/06\/Cieplice-Slaskie-Zdroj-18x10.jpg 18w, https:\/\/travelist.pl\/magazyn\/wp-content\/uploads\/2025\/06\/Cieplice-Slaskie-Zdroj.jpg 1920w\" sizes=\"(max-width: 1024px) 100vw, 1024px\" \/><\/a><\/figure>\n\n\n\n<div style=\"height:21px\" aria-hidden=\"true\" class=\"wp-block-spacer\"><\/div>\n\n\n\n<p>Cieplice pe\u0142ni\u0105 jednak nie tylko funkcj\u0119 lecznicz\u0105. Znajduje si\u0119 tu r\u00f3wnie\u017c wiele atrakcji i zabytk\u00f3w, jak np. Pa\u0142ac Schaffgotsch\u00f3w, Barokowy Ko\u015bci\u00f3\u0142 \u015bw. Jana Chrzciciela, Park Zdrojowy czy te\u017c Pawilon Zdrojowy.\u00a0<\/p>\n\n\n\n<div class=\"wp-block-buttons is-content-justification-center is-layout-flex wp-container-core-buttons-is-layout-15 wp-block-buttons-is-layout-flex\">\n<div class=\"wp-block-button\"><a class=\"wp-block-button__link wp-element-button\" href=\"https:\/\/travelist.pl\/search\/?d=city,18021&amp;MWID=TRA_PL_MAG_TRA_0000_NON_0000_ART_INS_0_M935_TEXT_CHN_20250623&amp;article_params=article,inspiracje,jelenia-gora-atrakcje,tekst,kanal&amp;noleadrequired=on\">Rezerwuj najlepsze hotele w Jeleniej G\u00f3rze TANIEJ na Travelist.pl&gt;&gt;<\/a><\/div>\n<\/div>\n\n\n\n<div style=\"height:10px\" aria-hidden=\"true\" class=\"wp-block-spacer\"><\/div>\n\n\n\n<h2 class=\"wp-block-heading\">Muzeum Przyrodnicze w Jeleniej G\u00f3rze Cieplicach \u2013 wiedza o okolicznej przyrodzie w pigu\u0142ce<\/h2>\n\n\n\n<p>Muzeum Przyrodnicze w Cieplicach to doskona\u0142a atrakcja dla dzieci oraz mi\u0142o\u015bnik\u00f3w fauny i flory. Znajdziecie tu tysi\u0105ce okaz\u00f3w przyrodniczych, o kt\u00f3rych nawet nie mieli\u015bcie poj\u0119cia! Szczeg\u00f3lne wra\u017cenie robi\u0105 spreparowane ptaki, gady, motyle, a tak\u017ce inne eksponaty jak poro\u017ca, muszle czy gipsowe modele grzyb\u00f3w. Du\u017ca cz\u0119\u015b\u0107 wystawy po\u015bwi\u0119cona jest minera\u0142om i skamienia\u0142o\u015bciom, z kt\u00f3rych s\u0142ynie Dolny \u015al\u0105sk. Na najm\u0142odszych czekaj\u0105 atrakcje interaktywne i edukacyjne. Opr\u00f3cz wystaw sta\u0142ych zwiedzaj\u0105cy mog\u0105 ogl\u0105da\u0107 wystawy czasowe.<\/p>\n\n\n\n<figure class=\"wp-block-image alignwide size-large\"><a href=\"https:\/\/travelist.pl\/search\/?d=city,25651&amp;MWID=TRA_PL_MAG_TRA_0000_NON_0000_ART_INS_0_M935_PHOT_CHN_20250623&amp;article_params=article,inspiracje,jelenia-gora-atrakcje,foto,kanal&amp;noleadrequired=on\"><img loading=\"lazy\" decoding=\"async\" width=\"1024\" height=\"576\" data-attachment-id=\"39060\" data-permalink=\"https:\/\/travelist.pl\/magazyn\/jelenia-gora-atrakcje-turystyczne-ktore-warto-zobaczyc\/muzeum-przyrodnicze-w-jeleniej-gorze-cieplicach-cieplice-pl\" data-orig-file=\"https:\/\/travelist.pl\/magazyn\/wp-content\/uploads\/2025\/06\/Muzeum-Przyrodnicze-w-Jeleniej-Gorze-Cieplicach-cieplice.pl_.jpg\" data-orig-size=\"1920,1080\" data-comments-opened=\"0\" data-image-meta=\"{&quot;aperture&quot;:&quot;0&quot;,&quot;credit&quot;:&quot;&quot;,&quot;camera&quot;:&quot;&quot;,&quot;caption&quot;:&quot;&quot;,&quot;created_timestamp&quot;:&quot;0&quot;,&quot;copyright&quot;:&quot;&quot;,&quot;focal_length&quot;:&quot;0&quot;,&quot;iso&quot;:&quot;0&quot;,&quot;shutter_speed&quot;:&quot;0&quot;,&quot;title&quot;:&quot;&quot;,&quot;orientation&quot;:&quot;0&quot;}\" data-image-title=\"Muzeum Przyrodnicze w Jeleniej G\u00f3rze Cieplicach (cieplice.pl)\" data-image-description=\"\" data-image-caption=\"\" data-medium-file=\"https:\/\/travelist.pl\/magazyn\/wp-content\/uploads\/2025\/06\/Muzeum-Przyrodnicze-w-Jeleniej-Gorze-Cieplicach-cieplice.pl_-300x169.jpg\" data-large-file=\"https:\/\/travelist.pl\/magazyn\/wp-content\/uploads\/2025\/06\/Muzeum-Przyrodnicze-w-Jeleniej-Gorze-Cieplicach-cieplice.pl_-1024x576.jpg\" src=\"https:\/\/travelist.pl\/magazyn\/wp-content\/uploads\/2025\/06\/Muzeum-Przyrodnicze-w-Jeleniej-Gorze-Cieplicach-cieplice.pl_-1024x576.jpg\" alt=\"Muzeum Przyrodnicze w Jeleniej G\u00f3rze Cieplicach- Magazyn Travelist\" class=\"wp-image-39060\" srcset=\"https:\/\/travelist.pl\/magazyn\/wp-content\/uploads\/2025\/06\/Muzeum-Przyrodnicze-w-Jeleniej-Gorze-Cieplicach-cieplice.pl_-1024x576.jpg 1024w, https:\/\/travelist.pl\/magazyn\/wp-content\/uploads\/2025\/06\/Muzeum-Przyrodnicze-w-Jeleniej-Gorze-Cieplicach-cieplice.pl_-300x169.jpg 300w, https:\/\/travelist.pl\/magazyn\/wp-content\/uploads\/2025\/06\/Muzeum-Przyrodnicze-w-Jeleniej-Gorze-Cieplicach-cieplice.pl_-768x432.jpg 768w, https:\/\/travelist.pl\/magazyn\/wp-content\/uploads\/2025\/06\/Muzeum-Przyrodnicze-w-Jeleniej-Gorze-Cieplicach-cieplice.pl_-1536x864.jpg 1536w, https:\/\/travelist.pl\/magazyn\/wp-content\/uploads\/2025\/06\/Muzeum-Przyrodnicze-w-Jeleniej-Gorze-Cieplicach-cieplice.pl_-18x10.jpg 18w, https:\/\/travelist.pl\/magazyn\/wp-content\/uploads\/2025\/06\/Muzeum-Przyrodnicze-w-Jeleniej-Gorze-Cieplicach-cieplice.pl_.jpg 1920w\" sizes=\"(max-width: 1024px) 100vw, 1024px\" \/><\/a><\/figure>\n\n\n\n<div style=\"height:20px\" aria-hidden=\"true\" class=\"wp-block-spacer\"><\/div>\n\n\n\n<p>Muzeum jest czynne od 9 do 17 w sezonie letnim oraz od 9 do 16 w sezonie zimowym. Za bilet zap\u0142acicie od 15 z\u0142 za bilet ulgowy do 22 z\u0142 za bilet normalny. Dla grup przygotowano specjaln\u0105 ofert\u0119 zwiedzania nocnego. W muzeum odbywaj\u0105 si\u0119 tak\u017ce interesuj\u0105ce warsztaty.\u00a0<\/p>\n\n\n\n<div class=\"wp-block-buttons is-content-justification-center is-layout-flex wp-container-core-buttons-is-layout-16 wp-block-buttons-is-layout-flex\">\n<div class=\"wp-block-button\"><a class=\"wp-block-button__link wp-element-button\" href=\"https:\/\/travelist.pl\/search\/?d=city,18021&amp;MWID=TRA_PL_MAG_TRA_0000_NON_0000_ART_INS_0_M935_TEXT_CHN_20250623&amp;article_params=article,inspiracje,jelenia-gora-atrakcje,tekst,kanal&amp;noleadrequired=on\">Rezerwuj najlepsze hotele w Jeleniej G\u00f3rze TANIEJ na Travelist.pl&gt;&gt;<\/a><\/div>\n<\/div>\n\n\n\n<div style=\"height:10px\" aria-hidden=\"true\" class=\"wp-block-spacer\"><\/div>\n\n\n\n<h2 class=\"wp-block-heading\">Pa\u0142ac Schaffgotsch\u00f3w \u2013 wizyt\u00f3wka rezydencjonalna Cieplic<\/h2>\n\n\n\n<p>Jeden z najbardziej okaza\u0142ych zabytk\u00f3w Cieplic, Pa\u0142ac Schaffgotsch\u00f3w, zachwyca architektur\u0105 w stylu barokowo-klasycystycznym. Pa\u0142ac zosta\u0142 zbudowany na zlecenie Johanna Nepomucena Schaffgotscha. Budynek powstawa\u0142 przez 4 lata \u2014 mi\u0119dzy 1784 a 1788 rokiem.\u00a0<\/p>\n\n\n\n<figure class=\"wp-block-image alignwide size-large\"><a href=\"https:\/\/travelist.pl\/search\/?d=city,25651&amp;MWID=TRA_PL_MAG_TRA_0000_NON_0000_ART_INS_0_M935_PHOT_CHN_20250623&amp;article_params=article,inspiracje,jelenia-gora-atrakcje,foto,kanal&amp;noleadrequired=on\"><img loading=\"lazy\" decoding=\"async\" width=\"1024\" height=\"576\" data-attachment-id=\"39065\" data-permalink=\"https:\/\/travelist.pl\/magazyn\/jelenia-gora-atrakcje-turystyczne-ktore-warto-zobaczyc\/palac-schaffgotschow-cieplice-pl\" data-orig-file=\"https:\/\/travelist.pl\/magazyn\/wp-content\/uploads\/2025\/06\/Palac-Schaffgotschow-cieplice.pl_.jpg\" data-orig-size=\"1920,1080\" data-comments-opened=\"0\" data-image-meta=\"{&quot;aperture&quot;:&quot;0&quot;,&quot;credit&quot;:&quot;&quot;,&quot;camera&quot;:&quot;&quot;,&quot;caption&quot;:&quot;&quot;,&quot;created_timestamp&quot;:&quot;0&quot;,&quot;copyright&quot;:&quot;&quot;,&quot;focal_length&quot;:&quot;0&quot;,&quot;iso&quot;:&quot;0&quot;,&quot;shutter_speed&quot;:&quot;0&quot;,&quot;title&quot;:&quot;&quot;,&quot;orientation&quot;:&quot;0&quot;}\" data-image-title=\"Pa\u0142ac Schaffgotsch\u00f3w (cieplice.pl)\" data-image-description=\"\" data-image-caption=\"\" data-medium-file=\"https:\/\/travelist.pl\/magazyn\/wp-content\/uploads\/2025\/06\/Palac-Schaffgotschow-cieplice.pl_-300x169.jpg\" data-large-file=\"https:\/\/travelist.pl\/magazyn\/wp-content\/uploads\/2025\/06\/Palac-Schaffgotschow-cieplice.pl_-1024x576.jpg\" src=\"https:\/\/travelist.pl\/magazyn\/wp-content\/uploads\/2025\/06\/Palac-Schaffgotschow-cieplice.pl_-1024x576.jpg\" alt=\"Pa\u0142ac Schaffgotsch\u00f3w - Magazyn Travelist\" class=\"wp-image-39065\" srcset=\"https:\/\/travelist.pl\/magazyn\/wp-content\/uploads\/2025\/06\/Palac-Schaffgotschow-cieplice.pl_-1024x576.jpg 1024w, https:\/\/travelist.pl\/magazyn\/wp-content\/uploads\/2025\/06\/Palac-Schaffgotschow-cieplice.pl_-300x169.jpg 300w, https:\/\/travelist.pl\/magazyn\/wp-content\/uploads\/2025\/06\/Palac-Schaffgotschow-cieplice.pl_-768x432.jpg 768w, https:\/\/travelist.pl\/magazyn\/wp-content\/uploads\/2025\/06\/Palac-Schaffgotschow-cieplice.pl_-1536x864.jpg 1536w, https:\/\/travelist.pl\/magazyn\/wp-content\/uploads\/2025\/06\/Palac-Schaffgotschow-cieplice.pl_-18x10.jpg 18w, https:\/\/travelist.pl\/magazyn\/wp-content\/uploads\/2025\/06\/Palac-Schaffgotschow-cieplice.pl_.jpg 1920w\" sizes=\"(max-width: 1024px) 100vw, 1024px\" \/><\/a><\/figure>\n\n\n\n<div style=\"height:21px\" aria-hidden=\"true\" class=\"wp-block-spacer\"><\/div>\n\n\n\n<p>Pa\u0142ac do dzi\u015b cieszy oczy mieszka\u0144c\u00f3w oraz turyst\u00f3w. W budynku mie\u015bci si\u0119 obecnie filia Politechniki Wroc\u0142awskiej. Nieopodal budynku mie\u015bci si\u0119 park, kt\u00f3ry zosta\u0142 podzielony na cz\u0119\u015b\u0107 pa\u0142acow\u0105 i zdrojow\u0105.&nbsp;<\/p>\n\n\n\n<div class=\"wp-block-buttons is-content-justification-center is-layout-flex wp-container-core-buttons-is-layout-17 wp-block-buttons-is-layout-flex\">\n<div class=\"wp-block-button\"><a class=\"wp-block-button__link wp-element-button\" href=\"https:\/\/travelist.pl\/search\/?d=city,18021&amp;MWID=TRA_PL_MAG_TRA_0000_NON_0000_ART_INS_0_M935_TEXT_CHN_20250623&amp;article_params=article,inspiracje,jelenia-gora-atrakcje,tekst,kanal&amp;noleadrequired=on\">Rezerwuj najlepsze hotele w Jeleniej G\u00f3rze TANIEJ na Travelist.pl&gt;&gt;<\/a><\/div>\n<\/div>\n\n\n\n<div style=\"height:10px\" aria-hidden=\"true\" class=\"wp-block-spacer\"><\/div>\n\n\n\n<h2 class=\"wp-block-heading\">Zamek Chojnik \u2013 ruiny zamku na szczycie g\u00f3ry w Karkonoszach<\/h2>\n\n\n\n<p>Nieopodal Jeleniej G\u00f3ry znajduje si\u0119 jeden z najs\u0142ynniejszych polskich zamk\u00f3w \u2014 Zamek Chojnik. Mo\u017cna tu dotrze\u0107 pieszo, jednym z wytyczonych szlak\u00f3w, a tak\u017ce kolej\u0105 lub autobusem. Je\u015bli wybierzecie najbardziej wymagaj\u0105cy wariant pieszy, czekaj\u0105 na was dodatkowe atrakcje, jak najd\u0142u\u017csza w Karkonoszach jaskinia szczelinowa czy te\u017c Skalny Grzyb.<\/p>\n\n\n\n<figure class=\"wp-block-image alignwide size-large\"><a href=\"https:\/\/travelist.pl\/search\/?d=city,25651&amp;MWID=TRA_PL_MAG_TRA_0000_NON_0000_ART_INS_0_M935_PHOT_CHN_20250623&amp;article_params=article,inspiracje,jelenia-gora-atrakcje,foto,kanal&amp;noleadrequired=on\"><img loading=\"lazy\" decoding=\"async\" width=\"1024\" height=\"576\" data-attachment-id=\"39061\" data-permalink=\"https:\/\/travelist.pl\/magazyn\/jelenia-gora-atrakcje-turystyczne-ktore-warto-zobaczyc\/zamek-chojnik-2\" data-orig-file=\"https:\/\/travelist.pl\/magazyn\/wp-content\/uploads\/2025\/06\/Zamek-Chojnik.jpg\" data-orig-size=\"1920,1080\" data-comments-opened=\"0\" data-image-meta=\"{&quot;aperture&quot;:&quot;0&quot;,&quot;credit&quot;:&quot;&quot;,&quot;camera&quot;:&quot;&quot;,&quot;caption&quot;:&quot;&quot;,&quot;created_timestamp&quot;:&quot;0&quot;,&quot;copyright&quot;:&quot;&quot;,&quot;focal_length&quot;:&quot;0&quot;,&quot;iso&quot;:&quot;0&quot;,&quot;shutter_speed&quot;:&quot;0&quot;,&quot;title&quot;:&quot;&quot;,&quot;orientation&quot;:&quot;0&quot;}\" data-image-title=\"Zamek Chojnik\" data-image-description=\"\" data-image-caption=\"\" data-medium-file=\"https:\/\/travelist.pl\/magazyn\/wp-content\/uploads\/2025\/06\/Zamek-Chojnik-300x169.jpg\" data-large-file=\"https:\/\/travelist.pl\/magazyn\/wp-content\/uploads\/2025\/06\/Zamek-Chojnik-1024x576.jpg\" src=\"https:\/\/travelist.pl\/magazyn\/wp-content\/uploads\/2025\/06\/Zamek-Chojnik-1024x576.jpg\" alt=\"Zamek Chojnik - Magazyn Travelist\" class=\"wp-image-39061\" srcset=\"https:\/\/travelist.pl\/magazyn\/wp-content\/uploads\/2025\/06\/Zamek-Chojnik-1024x576.jpg 1024w, https:\/\/travelist.pl\/magazyn\/wp-content\/uploads\/2025\/06\/Zamek-Chojnik-300x169.jpg 300w, https:\/\/travelist.pl\/magazyn\/wp-content\/uploads\/2025\/06\/Zamek-Chojnik-768x432.jpg 768w, https:\/\/travelist.pl\/magazyn\/wp-content\/uploads\/2025\/06\/Zamek-Chojnik-1536x864.jpg 1536w, https:\/\/travelist.pl\/magazyn\/wp-content\/uploads\/2025\/06\/Zamek-Chojnik-18x10.jpg 18w, https:\/\/travelist.pl\/magazyn\/wp-content\/uploads\/2025\/06\/Zamek-Chojnik.jpg 1920w\" sizes=\"(max-width: 1024px) 100vw, 1024px\" \/><\/a><\/figure>\n\n\n\n<div style=\"height:20px\" aria-hidden=\"true\" class=\"wp-block-spacer\"><\/div>\n\n\n\n<p>Sam zamek oraz jego historia s\u0105 na tyle ciekawe, \u017ce warto sp\u0119dzi\u0107 tu troch\u0119 czasu \u2014 okr\u0105\u017cy\u0107 mury obronne, wej\u015b\u0107 na baszt\u0119, pos\u0142ucha\u0107 legend o ksi\u0119\u017cniczce Kunegundzie. Obowi\u0105zuj\u0105 tu bilety wst\u0119pu, kt\u00f3re mo\u017cna naby\u0107 w stra\u017cnicy, najp\u00f3\u017aniej p\u00f3\u0142 godziny przed zamkni\u0119ciem, czyli przed godzin\u0105 17 latem i 16 zim\u0105.\u00a0<\/p>\n\n\n\n<div class=\"wp-block-buttons is-content-justification-center is-layout-flex wp-container-core-buttons-is-layout-18 wp-block-buttons-is-layout-flex\">\n<div class=\"wp-block-button\"><a class=\"wp-block-button__link wp-element-button\" href=\"https:\/\/travelist.pl\/search\/?d=city,18021&amp;MWID=TRA_PL_MAG_TRA_0000_NON_0000_ART_INS_0_M935_TEXT_CHN_20250623&amp;article_params=article,inspiracje,jelenia-gora-atrakcje,tekst,kanal&amp;noleadrequired=on\">Rezerwuj najlepsze hotele w Jeleniej G\u00f3rze TANIEJ na Travelist.pl&gt;&gt;<\/a><\/div>\n<\/div>\n\n\n\n<div style=\"height:10px\" aria-hidden=\"true\" class=\"wp-block-spacer\"><\/div>\n\n\n\n<h2 class=\"wp-block-heading\">Pa\u0142ac Paulinum \u2013 neorenesansowa rezydencja z XIX wieku<\/h2>\n\n\n\n<p>Kolejn\u0105 zamkow\u0105 pere\u0142k\u0105 Jeleniej G\u00f3ry jest Pa\u0142ac Paulinum, mieszcz\u0105cy si\u0119 w samym sercu miasta. Pa\u0142ac pochodzi z XIX wieku i reprezentuje styl neorenesansowy. Nie mo\u017cna go zwiedza\u0107 od \u015brodka, natomiast mo\u017cna w nim\u2026 zamieszka\u0107. W pa\u0142acu mie\u015bci si\u0119 bowiem hotel i restauracja.\u00a0<\/p>\n\n\n\n<figure class=\"wp-block-image alignwide size-large\"><a href=\"https:\/\/travelist.pl\/search\/?d=city,25651&amp;MWID=TRA_PL_MAG_TRA_0000_NON_0000_ART_INS_0_M935_PHOT_CHN_20250623&amp;article_params=article,inspiracje,jelenia-gora-atrakcje,foto,kanal&amp;noleadrequired=on\"><img loading=\"lazy\" decoding=\"async\" width=\"1024\" height=\"576\" data-attachment-id=\"39050\" data-permalink=\"https:\/\/travelist.pl\/magazyn\/jelenia-gora-atrakcje-turystyczne-ktore-warto-zobaczyc\/palac-paulinum\" data-orig-file=\"https:\/\/travelist.pl\/magazyn\/wp-content\/uploads\/2025\/06\/Palac-Paulinum.jpg\" data-orig-size=\"1920,1080\" data-comments-opened=\"0\" data-image-meta=\"{&quot;aperture&quot;:&quot;0&quot;,&quot;credit&quot;:&quot;&quot;,&quot;camera&quot;:&quot;&quot;,&quot;caption&quot;:&quot;&quot;,&quot;created_timestamp&quot;:&quot;0&quot;,&quot;copyright&quot;:&quot;&quot;,&quot;focal_length&quot;:&quot;0&quot;,&quot;iso&quot;:&quot;0&quot;,&quot;shutter_speed&quot;:&quot;0&quot;,&quot;title&quot;:&quot;&quot;,&quot;orientation&quot;:&quot;0&quot;}\" data-image-title=\"Pa\u0142ac Paulinum\" data-image-description=\"\" data-image-caption=\"\" data-medium-file=\"https:\/\/travelist.pl\/magazyn\/wp-content\/uploads\/2025\/06\/Palac-Paulinum-300x169.jpg\" data-large-file=\"https:\/\/travelist.pl\/magazyn\/wp-content\/uploads\/2025\/06\/Palac-Paulinum-1024x576.jpg\" src=\"https:\/\/travelist.pl\/magazyn\/wp-content\/uploads\/2025\/06\/Palac-Paulinum-1024x576.jpg\" alt=\"Pa\u0142ac Paulinum - Magazyn travelist\" class=\"wp-image-39050\" srcset=\"https:\/\/travelist.pl\/magazyn\/wp-content\/uploads\/2025\/06\/Palac-Paulinum-1024x576.jpg 1024w, https:\/\/travelist.pl\/magazyn\/wp-content\/uploads\/2025\/06\/Palac-Paulinum-300x169.jpg 300w, https:\/\/travelist.pl\/magazyn\/wp-content\/uploads\/2025\/06\/Palac-Paulinum-768x432.jpg 768w, https:\/\/travelist.pl\/magazyn\/wp-content\/uploads\/2025\/06\/Palac-Paulinum-1536x864.jpg 1536w, https:\/\/travelist.pl\/magazyn\/wp-content\/uploads\/2025\/06\/Palac-Paulinum-18x10.jpg 18w, https:\/\/travelist.pl\/magazyn\/wp-content\/uploads\/2025\/06\/Palac-Paulinum.jpg 1920w\" sizes=\"(max-width: 1024px) 100vw, 1024px\" \/><\/a><\/figure>\n\n\n\n<div style=\"height:20px\" aria-hidden=\"true\" class=\"wp-block-spacer\"><\/div>\n\n\n\n<div class=\"wp-block-buttons is-content-justification-center is-layout-flex wp-container-core-buttons-is-layout-19 wp-block-buttons-is-layout-flex\">\n<div class=\"wp-block-button\"><a class=\"wp-block-button__link wp-element-button\" href=\"https:\/\/travelist.pl\/search\/?d=city,18021&amp;MWID=TRA_PL_MAG_TRA_0000_NON_0000_ART_INS_0_M935_TEXT_CHN_20250623&amp;article_params=article,inspiracje,jelenia-gora-atrakcje,tekst,kanal&amp;noleadrequired=on\">Rezerwuj najlepsze hotele w Jeleniej G\u00f3rze TANIEJ na Travelist.pl&gt;&gt;<\/a><\/div>\n<\/div>\n\n\n\n<div style=\"height:10px\" aria-hidden=\"true\" class=\"wp-block-spacer\"><\/div>\n\n\n\n<h2 class=\"wp-block-heading\">Dolina Pa\u0142ac\u00f3w i Ogrod\u00f3w \u2013 zesp\u00f3\u0142 rezydencji w Kotlinie Jeleniog\u00f3rskiej<\/h2>\n\n\n\n<p>Dolina Pa\u0142ac\u00f3w i Ogrod\u00f3w, jeden z najwi\u0119kszych skarb\u00f3w Dolnego \u015al\u0105ska, zyska\u0142a miano dolno\u015bl\u0105skiej Doliny Loary. Kotlina Jeleniog\u00f3rska nie od dzi\u015b zachwyca swoimi nietuzinkowymi pejza\u017cami. W dawnych czasach by\u0142o to do\u015b\u0107 presti\u017cowe miejsce, st\u0105d jeszcze przed wojn\u0105 arystokratyczne pa\u0142ace i rezydencje wyrasta\u0142y tu jak grzyby po deszczu.<\/p>\n\n\n\n<figure class=\"wp-block-image alignwide size-large\"><a href=\"https:\/\/travelist.pl\/search\/?d=city,25651&amp;MWID=TRA_PL_MAG_TRA_0000_NON_0000_ART_INS_0_M935_PHOT_CHN_20250623&amp;article_params=article,inspiracje,jelenia-gora-atrakcje,foto,kanal&amp;noleadrequired=on\"><img loading=\"lazy\" decoding=\"async\" width=\"1024\" height=\"576\" data-attachment-id=\"39070\" data-permalink=\"https:\/\/travelist.pl\/magazyn\/jelenia-gora-atrakcje-turystyczne-ktore-warto-zobaczyc\/dolina-palacow-i-ogrodow-kotlina-jeleniogorska\" data-orig-file=\"https:\/\/travelist.pl\/magazyn\/wp-content\/uploads\/2025\/06\/Dolina-Palacow-i-Ogrodow-kotlina-jeleniogorska.jpg\" data-orig-size=\"1920,1080\" data-comments-opened=\"0\" data-image-meta=\"{&quot;aperture&quot;:&quot;0&quot;,&quot;credit&quot;:&quot;&quot;,&quot;camera&quot;:&quot;&quot;,&quot;caption&quot;:&quot;&quot;,&quot;created_timestamp&quot;:&quot;0&quot;,&quot;copyright&quot;:&quot;&quot;,&quot;focal_length&quot;:&quot;0&quot;,&quot;iso&quot;:&quot;0&quot;,&quot;shutter_speed&quot;:&quot;0&quot;,&quot;title&quot;:&quot;&quot;,&quot;orientation&quot;:&quot;0&quot;}\" data-image-title=\"Dolina Pa\u0142ac\u00f3w i Ogrod\u00f3w kotlina jeleniog\u00f3rska\" data-image-description=\"\" data-image-caption=\"\" data-medium-file=\"https:\/\/travelist.pl\/magazyn\/wp-content\/uploads\/2025\/06\/Dolina-Palacow-i-Ogrodow-kotlina-jeleniogorska-300x169.jpg\" data-large-file=\"https:\/\/travelist.pl\/magazyn\/wp-content\/uploads\/2025\/06\/Dolina-Palacow-i-Ogrodow-kotlina-jeleniogorska-1024x576.jpg\" src=\"https:\/\/travelist.pl\/magazyn\/wp-content\/uploads\/2025\/06\/Dolina-Palacow-i-Ogrodow-kotlina-jeleniogorska-1024x576.jpg\" alt=\"Dolina Pa\u0142ac\u00f3w i Ogrod\u00f3w - Magazyn Travelist\" class=\"wp-image-39070\" srcset=\"https:\/\/travelist.pl\/magazyn\/wp-content\/uploads\/2025\/06\/Dolina-Palacow-i-Ogrodow-kotlina-jeleniogorska-1024x576.jpg 1024w, https:\/\/travelist.pl\/magazyn\/wp-content\/uploads\/2025\/06\/Dolina-Palacow-i-Ogrodow-kotlina-jeleniogorska-300x169.jpg 300w, https:\/\/travelist.pl\/magazyn\/wp-content\/uploads\/2025\/06\/Dolina-Palacow-i-Ogrodow-kotlina-jeleniogorska-768x432.jpg 768w, https:\/\/travelist.pl\/magazyn\/wp-content\/uploads\/2025\/06\/Dolina-Palacow-i-Ogrodow-kotlina-jeleniogorska-1536x864.jpg 1536w, https:\/\/travelist.pl\/magazyn\/wp-content\/uploads\/2025\/06\/Dolina-Palacow-i-Ogrodow-kotlina-jeleniogorska-18x10.jpg 18w, https:\/\/travelist.pl\/magazyn\/wp-content\/uploads\/2025\/06\/Dolina-Palacow-i-Ogrodow-kotlina-jeleniogorska.jpg 1920w\" sizes=\"(max-width: 1024px) 100vw, 1024px\" \/><\/a><\/figure>\n\n\n\n<div style=\"height:22px\" aria-hidden=\"true\" class=\"wp-block-spacer\"><\/div>\n\n\n\n<p>Dzi\u015b na terenie Doliny Pa\u0142ac\u00f3w i Ogrod\u00f3w znajduje si\u0119 oko\u0142o 30 obiekt\u00f3w, kt\u00f3re zachwycaj\u0105 zwiedzaj\u0105cych. To mi\u0119dzy innymi:\u00a0<\/p>\n\n\n\n<ul class=\"wp-block-list\">\n<li>Pa\u0142ac w \u0141omnicy&nbsp;<\/li>\n\n\n\n<li>Pa\u0142ac w Bukowcu&nbsp;<\/li>\n\n\n\n<li>Pa\u0142ac Schaffgotsch\u00f3w w Cieplicach&nbsp;<\/li>\n\n\n\n<li>Zamek Bolcz\u00f3w<\/li>\n\n\n\n<li>Dw\u00f3r w Janowicach Wielkich&nbsp;<\/li>\n\n\n\n<li>Folwark w Bukowcu&nbsp;<\/li>\n\n\n\n<li>Pa\u0142ac Paulinum&nbsp;<\/li>\n\n\n\n<li>Pa\u0142ac w Mi\u0142kowie&nbsp;<\/li>\n\n\n\n<li>Wie\u017ca Ksi\u0105\u017c\u0119ca w Siedl\u0119cinie&nbsp;<\/li>\n\n\n\n<li>Zamek Chojnik&nbsp;<\/li>\n\n\n\n<li>Pa\u0142ac w Wojanowie&nbsp;<\/li>\n<\/ul>\n\n\n\n<div class=\"wp-block-buttons is-content-justification-center is-layout-flex wp-container-core-buttons-is-layout-20 wp-block-buttons-is-layout-flex\">\n<div class=\"wp-block-button\"><a class=\"wp-block-button__link wp-element-button\" href=\"https:\/\/travelist.pl\/search\/?d=city,18021&amp;MWID=TRA_PL_MAG_TRA_0000_NON_0000_ART_INS_0_M935_TEXT_CHN_20250623&amp;article_params=article,inspiracje,jelenia-gora-atrakcje,tekst,kanal&amp;noleadrequired=on\">Rezerwuj najlepsze hotele w Jeleniej G\u00f3rze TANIEJ na Travelist.pl&gt;&gt;<\/a><\/div>\n<\/div>\n\n\n\n<div style=\"height:10px\" aria-hidden=\"true\" class=\"wp-block-spacer\"><\/div>\n\n\n\n<h2 class=\"wp-block-heading\">Karkonoski Park Narodowy \u2013 idealna baza wypadowa na szlaki turystyczne<\/h2>\n\n\n\n<p>Jeden z najpi\u0119kniejszych park\u00f3w narodowych w Polsce, obejmuj\u0105cy najwy\u017csze pasmo Sudet\u00f3w Zachodnich, zachwyca pod wieloma wzgl\u0119dami. Unikatowa fauna i flora, fantazyjne ska\u0142ki, zapieraj\u0105ce dech w piersiach widoki, ciekawe szlaki. Z pewno\u015bci\u0105 jest tu co zwiedza\u0107!\u00a0<\/p>\n\n\n\n<figure class=\"wp-block-image alignwide size-large\"><a href=\"https:\/\/travelist.pl\/search\/?d=city,25651&amp;MWID=TRA_PL_MAG_TRA_0000_NON_0000_ART_INS_0_M935_PHOT_CHN_20250623&amp;article_params=article,inspiracje,jelenia-gora-atrakcje,foto,kanal&amp;noleadrequired=on\"><img loading=\"lazy\" decoding=\"async\" width=\"1024\" height=\"576\" data-attachment-id=\"39051\" data-permalink=\"https:\/\/travelist.pl\/magazyn\/jelenia-gora-atrakcje-turystyczne-ktore-warto-zobaczyc\/karkonoski-park-narodowy\" data-orig-file=\"https:\/\/travelist.pl\/magazyn\/wp-content\/uploads\/2025\/06\/Karkonoski-Park-Narodowy.jpg\" data-orig-size=\"1920,1080\" data-comments-opened=\"0\" data-image-meta=\"{&quot;aperture&quot;:&quot;0&quot;,&quot;credit&quot;:&quot;&quot;,&quot;camera&quot;:&quot;&quot;,&quot;caption&quot;:&quot;&quot;,&quot;created_timestamp&quot;:&quot;0&quot;,&quot;copyright&quot;:&quot;&quot;,&quot;focal_length&quot;:&quot;0&quot;,&quot;iso&quot;:&quot;0&quot;,&quot;shutter_speed&quot;:&quot;0&quot;,&quot;title&quot;:&quot;&quot;,&quot;orientation&quot;:&quot;0&quot;}\" data-image-title=\"Karkonoski Park Narodowy\" data-image-description=\"\" data-image-caption=\"\" data-medium-file=\"https:\/\/travelist.pl\/magazyn\/wp-content\/uploads\/2025\/06\/Karkonoski-Park-Narodowy-300x169.jpg\" data-large-file=\"https:\/\/travelist.pl\/magazyn\/wp-content\/uploads\/2025\/06\/Karkonoski-Park-Narodowy-1024x576.jpg\" src=\"https:\/\/travelist.pl\/magazyn\/wp-content\/uploads\/2025\/06\/Karkonoski-Park-Narodowy-1024x576.jpg\" alt=\"Karkonoski Park Narodowy - Magazyn Travelist\" class=\"wp-image-39051\" srcset=\"https:\/\/travelist.pl\/magazyn\/wp-content\/uploads\/2025\/06\/Karkonoski-Park-Narodowy-1024x576.jpg 1024w, https:\/\/travelist.pl\/magazyn\/wp-content\/uploads\/2025\/06\/Karkonoski-Park-Narodowy-300x169.jpg 300w, https:\/\/travelist.pl\/magazyn\/wp-content\/uploads\/2025\/06\/Karkonoski-Park-Narodowy-768x432.jpg 768w, https:\/\/travelist.pl\/magazyn\/wp-content\/uploads\/2025\/06\/Karkonoski-Park-Narodowy-1536x864.jpg 1536w, https:\/\/travelist.pl\/magazyn\/wp-content\/uploads\/2025\/06\/Karkonoski-Park-Narodowy-18x10.jpg 18w, https:\/\/travelist.pl\/magazyn\/wp-content\/uploads\/2025\/06\/Karkonoski-Park-Narodowy.jpg 1920w\" sizes=\"(max-width: 1024px) 100vw, 1024px\" \/><\/a><\/figure>\n\n\n\n<div style=\"height:20px\" aria-hidden=\"true\" class=\"wp-block-spacer\"><\/div>\n\n\n\n<div class=\"wp-block-buttons is-content-justification-center is-layout-flex wp-container-core-buttons-is-layout-21 wp-block-buttons-is-layout-flex\">\n<div class=\"wp-block-button\"><a class=\"wp-block-button__link wp-element-button\" href=\"https:\/\/travelist.pl\/search\/?d=city,18021&amp;MWID=TRA_PL_MAG_TRA_0000_NON_0000_ART_INS_0_M935_TEXT_CHN_20250623&amp;article_params=article,inspiracje,jelenia-gora-atrakcje,tekst,kanal&amp;noleadrequired=on\">Rezerwuj najlepsze hotele w Jeleniej G\u00f3rze TANIEJ na Travelist.pl&gt;&gt;<\/a><\/div>\n<\/div>\n\n\n\n<div style=\"height:10px\" aria-hidden=\"true\" class=\"wp-block-spacer\"><\/div>\n","protected":false},"excerpt":{"rendered":"<p>Zwiedzaj\u0105c Dolny \u015al\u0105sk nie spos\u00f3b omin\u0105\u0107 Jeleniej G\u00f3ry. To urokliwe miasteczko podbije Twoje serce wspania\u0142ymi zabytkami i kameraln\u0105 atmosfer\u0105. Co warto zobaczy\u0107 w Jeleniej G\u00f3rze? [&hellip;]<\/p>\n","protected":false},"author":41,"featured_media":39066,"comment_status":"closed","ping_status":"closed","sticky":false,"template":"","format":"standard","meta":{"_editorskit_title_hidden":false,"_editorskit_reading_time":0,"_editorskit_is_block_options_detached":false,"_editorskit_block_options_position":"{}","footnotes":""},"categories":[7],"tags":[464,1470],"class_list":["post-39018","post","type-post","status-publish","format-standard","has-post-thumbnail","hentry","category-podroze-po-polsce","tag-dolny-slask","tag-jelenia-gora"],"jetpack_sharing_enabled":true,"jetpack_featured_media_url":"https:\/\/magazyn.travelist.pl\/wp-content\/uploads\/2025\/06\/GLOWNE-6-1.jpg","jetpack-related-posts":[{"id":39206,"url":"https:\/\/magazyn.travelist.pl\/top-20-najlepszych-atrakcji-turystycznych-dolnego-slaska","url_meta":{"origin":39018,"position":0},"title":"TOP 20 najlepszych atrakcji turystycznych Dolnego \u015al\u0105ska\u00a0 \u2013 co warto zobaczy\u0107 na Dolnym \u015al\u0105sku?","author":"Magdalena Markiewicz","date":"9 lipca 2025","format":false,"excerpt":"Planujesz zwiedzanie Dolnego \u015al\u0105ska? Doskonale! Wojew\u00f3dztwo dolno\u015bl\u0105skie ma do zaoferowania ca\u0142e multum atrakcji - od uzdrowisk, przez malownicze miasteczka i wioski, punkty widokowe, wie\u017ce widokowe a\u017c po szlaki g\u00f3rskie, rodzinne atrakcje i muzea oraz zabytkowe budowle. \u015al\u0105sk to zdecydowanie jeden z najpi\u0119kniejszych i najciekawszych region\u00f3w w Polsce, kt\u00f3ry warto odwiedzi\u0107.\u2026","rel":"","context":"In &quot;Podr\u00f3\u017ce po Polsce&quot;","block_context":{"text":"Podr\u00f3\u017ce po Polsce","link":"https:\/\/magazyn.travelist.pl\/podroze-po-polsce"},"img":{"alt_text":"Dolny \u015al\u0105sk - Magazyn Travelist","src":"https:\/\/i0.wp.com\/magazyn.travelist.pl\/wp-content\/uploads\/2025\/07\/GLOWNE-8.jpg?resize=350%2C200&ssl=1","width":350,"height":200,"srcset":"https:\/\/i0.wp.com\/magazyn.travelist.pl\/wp-content\/uploads\/2025\/07\/GLOWNE-8.jpg?resize=350%2C200&ssl=1 1x, https:\/\/i0.wp.com\/magazyn.travelist.pl\/wp-content\/uploads\/2025\/07\/GLOWNE-8.jpg?resize=525%2C300&ssl=1 1.5x, https:\/\/i0.wp.com\/magazyn.travelist.pl\/wp-content\/uploads\/2025\/07\/GLOWNE-8.jpg?resize=700%2C400&ssl=1 2x, https:\/\/i0.wp.com\/magazyn.travelist.pl\/wp-content\/uploads\/2025\/07\/GLOWNE-8.jpg?resize=1050%2C600&ssl=1 3x, https:\/\/i0.wp.com\/magazyn.travelist.pl\/wp-content\/uploads\/2025\/07\/GLOWNE-8.jpg?resize=1400%2C800&ssl=1 4x"},"classes":[]},{"id":35656,"url":"https:\/\/magazyn.travelist.pl\/pociagiem-w-gory-do-jakich-miejscowosci-w-gorach-dojezdzaja-pociagi","url_meta":{"origin":39018,"position":1},"title":"Poci\u0105giem w g\u00f3ry &#8211; do jakich miejscowo\u015bci w g\u00f3rach doje\u017cd\u017caj\u0105 poci\u0105gi?","author":"Justyna Fleiszer","date":"23 pa\u017adziernika 2024","format":false,"excerpt":"Podr\u00f3\u017c poci\u0105giem to doskona\u0142a alternatywa dla samochodu oraz dla os\u00f3b ceni\u0105cych wygod\u0119 i bezstresowe podr\u00f3\u017cowanie. W Polsce wiele g\u00f3rskich miejscowo\u015bci jest dobrze skomunikowanych \"torowo\", co pozwala unikn\u0105\u0107 kork\u00f3w i problem\u00f3w z parkowaniem w trudno dost\u0119pnych rejonach. Sprawd\u017a, jakimi poci\u0105gami dalekobie\u017cnymi dojedziemy do miejscowo\u015bci w polskich g\u00f3rach, jakie korzy\u015bci niesie ten\u2026","rel":"","context":"In &quot;Podr\u00f3\u017ce po Polsce&quot;","block_context":{"text":"Podr\u00f3\u017ce po Polsce","link":"https:\/\/magazyn.travelist.pl\/podroze-po-polsce"},"img":{"alt_text":"Magazyn Travelist - poci\u0105giem w g\u00f3ry","src":"https:\/\/i0.wp.com\/magazyn.travelist.pl\/wp-content\/uploads\/2024\/10\/do-jakich-innych-gorskich-miejscowosci-dojezdza-pkp_-min.jpg?resize=350%2C200&ssl=1","width":350,"height":200,"srcset":"https:\/\/i0.wp.com\/magazyn.travelist.pl\/wp-content\/uploads\/2024\/10\/do-jakich-innych-gorskich-miejscowosci-dojezdza-pkp_-min.jpg?resize=350%2C200&ssl=1 1x, https:\/\/i0.wp.com\/magazyn.travelist.pl\/wp-content\/uploads\/2024\/10\/do-jakich-innych-gorskich-miejscowosci-dojezdza-pkp_-min.jpg?resize=525%2C300&ssl=1 1.5x, https:\/\/i0.wp.com\/magazyn.travelist.pl\/wp-content\/uploads\/2024\/10\/do-jakich-innych-gorskich-miejscowosci-dojezdza-pkp_-min.jpg?resize=700%2C400&ssl=1 2x, https:\/\/i0.wp.com\/magazyn.travelist.pl\/wp-content\/uploads\/2024\/10\/do-jakich-innych-gorskich-miejscowosci-dojezdza-pkp_-min.jpg?resize=1050%2C600&ssl=1 3x, https:\/\/i0.wp.com\/magazyn.travelist.pl\/wp-content\/uploads\/2024\/10\/do-jakich-innych-gorskich-miejscowosci-dojezdza-pkp_-min.jpg?resize=1400%2C800&ssl=1 4x"},"classes":[]},{"id":33905,"url":"https:\/\/magazyn.travelist.pl\/atrakcje-turystyczne-w-jastrzebiej-gorze-te-miejsca-warto-zobaczyc","url_meta":{"origin":39018,"position":2},"title":"Atrakcje w Jastrz\u0119biej G\u00f3rze. Te miejsca zdecydowanie warto zobaczy\u0107!","author":"Magdalena Markiewicz","date":"9 czerwca 2026","format":false,"excerpt":"Jastrz\u0119bia G\u00f3ra to wyj\u0105tkowo malownicze miejsce na polskim wybrze\u017cu. Przepi\u0119kne klify, bukowe lasy, trasy rowerowe, Nadmorski Park Krajobrazowy \u2014 to wszystko czeka na turyst\u00f3w w tej uroczej nadmorskiej miejscowo\u015bci. Sprawd\u017a, co warto zwiedzi\u0107 w Jastrz\u0119biej G\u00f3rze! Atrakcje w Jastrz\u0119biej G\u00f3rze - podsumowanie Pla\u017ce Jastrz\u0119biej G\u00f3ry \u2013 odpocznij u podn\u00f3\u017ca jastrz\u0119bskiego\u2026","rel":"","context":"In &quot;Nad morze&quot;","block_context":{"text":"Nad morze","link":"https:\/\/magazyn.travelist.pl\/podroze-po-polsce\/nad-morze"},"img":{"alt_text":"","src":"https:\/\/i0.wp.com\/magazyn.travelist.pl\/wp-content\/uploads\/2024\/07\/jastrzebia-gora-glowne.jpg?resize=350%2C200&ssl=1","width":350,"height":200,"srcset":"https:\/\/i0.wp.com\/magazyn.travelist.pl\/wp-content\/uploads\/2024\/07\/jastrzebia-gora-glowne.jpg?resize=350%2C200&ssl=1 1x, https:\/\/i0.wp.com\/magazyn.travelist.pl\/wp-content\/uploads\/2024\/07\/jastrzebia-gora-glowne.jpg?resize=525%2C300&ssl=1 1.5x, https:\/\/i0.wp.com\/magazyn.travelist.pl\/wp-content\/uploads\/2024\/07\/jastrzebia-gora-glowne.jpg?resize=700%2C400&ssl=1 2x, https:\/\/i0.wp.com\/magazyn.travelist.pl\/wp-content\/uploads\/2024\/07\/jastrzebia-gora-glowne.jpg?resize=1050%2C600&ssl=1 3x, https:\/\/i0.wp.com\/magazyn.travelist.pl\/wp-content\/uploads\/2024\/07\/jastrzebia-gora-glowne.jpg?resize=1400%2C800&ssl=1 4x"},"classes":[]},{"id":44249,"url":"https:\/\/magazyn.travelist.pl\/swietokrzyski-park-narodowy-12-najlepszych-atrakcji","url_meta":{"origin":39018,"position":3},"title":"\u015awi\u0119tokrzyski Park Narodowy \u2013 12 najlepszych atrakcji turystycznych","author":"Magdalena Markiewicz","date":"28 kwietnia 2026","format":false,"excerpt":"\u015awi\u0119tokrzyski Park Narodowy to jedno z najbardziej wyj\u0105tkowych miejsc na mapie Polski. To miejsce pe\u0142ne dzikiej przyrody, tajemniczych legend i malowniczych krajobraz\u00f3w. To w\u0142a\u015bnie tutaj zobaczycie charakterystyczne go\u0142oborza, odwiedzicie historyczne klasztory i zobaczycie puszcz\u0119, w kt\u00f3rej jod\u0142y pami\u0119taj\u0105 setki lat. Je\u015bli zastanawiacie si\u0119, co zobaczy\u0107 w G\u00f3rach \u015awi\u0119tokrzyskich i jak\u2026","rel":"","context":"In &quot;Podr\u00f3\u017ce po Polsce&quot;","block_context":{"text":"Podr\u00f3\u017ce po Polsce","link":"https:\/\/magazyn.travelist.pl\/podroze-po-polsce"},"img":{"alt_text":"\u015awi\u0119tokrzyski Park Narodowy \u2013 12 najlepszych atrakcji turystycznych - Magazyn travelist","src":"https:\/\/i0.wp.com\/magazyn.travelist.pl\/wp-content\/uploads\/2026\/04\/GLOWNE-Swietokrzyski-Park-Narodowy-\u2013-12-najlepszych-atrakcji-turystycznych.jpg?resize=350%2C200&ssl=1","width":350,"height":200,"srcset":"https:\/\/i0.wp.com\/magazyn.travelist.pl\/wp-content\/uploads\/2026\/04\/GLOWNE-Swietokrzyski-Park-Narodowy-\u2013-12-najlepszych-atrakcji-turystycznych.jpg?resize=350%2C200&ssl=1 1x, https:\/\/i0.wp.com\/magazyn.travelist.pl\/wp-content\/uploads\/2026\/04\/GLOWNE-Swietokrzyski-Park-Narodowy-\u2013-12-najlepszych-atrakcji-turystycznych.jpg?resize=525%2C300&ssl=1 1.5x, https:\/\/i0.wp.com\/magazyn.travelist.pl\/wp-content\/uploads\/2026\/04\/GLOWNE-Swietokrzyski-Park-Narodowy-\u2013-12-najlepszych-atrakcji-turystycznych.jpg?resize=700%2C400&ssl=1 2x, https:\/\/i0.wp.com\/magazyn.travelist.pl\/wp-content\/uploads\/2026\/04\/GLOWNE-Swietokrzyski-Park-Narodowy-\u2013-12-najlepszych-atrakcji-turystycznych.jpg?resize=1050%2C600&ssl=1 3x, https:\/\/i0.wp.com\/magazyn.travelist.pl\/wp-content\/uploads\/2026\/04\/GLOWNE-Swietokrzyski-Park-Narodowy-\u2013-12-najlepszych-atrakcji-turystycznych.jpg?resize=1400%2C800&ssl=1 4x"},"classes":[]},{"id":40978,"url":"https:\/\/magazyn.travelist.pl\/najcieplejsze-regiony-polski-gdzie-sie-nagrzejemy","url_meta":{"origin":39018,"position":4},"title":"Najcieplejsze regiony Polski \u2013 gdzie le\u017cy polski biegun ciep\u0142a?","author":"Magdalena Markiewicz","date":"29 pa\u017adziernika 2025","format":false,"excerpt":"Ciep\u0142o, cieplej, najcieplej\u2026 Idzie zima, a my szukamy miejsc, gdzie b\u0119dziemy mogli si\u0119 ogrza\u0107. Czasem nie trzeba wyje\u017cd\u017ca\u0107 w ciep\u0142e kraje, \u017ceby zim\u0119 nie zamarza\u0107 z zimna. Cho\u0107 \u017cyjemy w umiarkowanym klimacie, i w Polsce znajduj\u0105 si\u0119 gor\u0105ce miejsca. Gdzie znajdziecie polski biegun ciep\u0142a? Podpowiadamy!\u00a0 Rezerwuj najlepsze hotele z dodatkow\u0105\u2026","rel":"","context":"In &quot;Podr\u00f3\u017ce po Polsce&quot;","block_context":{"text":"Podr\u00f3\u017ce po Polsce","link":"https:\/\/magazyn.travelist.pl\/podroze-po-polsce"},"img":{"alt_text":"Ciep\u0142e bieguny - Magazyn Travelist","src":"https:\/\/i0.wp.com\/magazyn.travelist.pl\/wp-content\/uploads\/2025\/10\/GLOWNE-Najcieplejsze-regiony-Polsk.jpg?resize=350%2C200&ssl=1","width":350,"height":200,"srcset":"https:\/\/i0.wp.com\/magazyn.travelist.pl\/wp-content\/uploads\/2025\/10\/GLOWNE-Najcieplejsze-regiony-Polsk.jpg?resize=350%2C200&ssl=1 1x, https:\/\/i0.wp.com\/magazyn.travelist.pl\/wp-content\/uploads\/2025\/10\/GLOWNE-Najcieplejsze-regiony-Polsk.jpg?resize=525%2C300&ssl=1 1.5x, https:\/\/i0.wp.com\/magazyn.travelist.pl\/wp-content\/uploads\/2025\/10\/GLOWNE-Najcieplejsze-regiony-Polsk.jpg?resize=700%2C400&ssl=1 2x, https:\/\/i0.wp.com\/magazyn.travelist.pl\/wp-content\/uploads\/2025\/10\/GLOWNE-Najcieplejsze-regiony-Polsk.jpg?resize=1050%2C600&ssl=1 3x, https:\/\/i0.wp.com\/magazyn.travelist.pl\/wp-content\/uploads\/2025\/10\/GLOWNE-Najcieplejsze-regiony-Polsk.jpg?resize=1400%2C800&ssl=1 4x"},"classes":[]},{"id":9991,"url":"https:\/\/magazyn.travelist.pl\/podroz-w-gory-sowie-tropem-kadrow-serialu-znaki","url_meta":{"origin":39018,"position":5},"title":"Podr\u00f3\u017c w G\u00f3ry Sowie (i nie tylko) tropem kadr\u00f3w serialu \u201eZnaki\u201d","author":"Redakcja Travelist","date":"14 maja 2020","format":false,"excerpt":"Cho\u0107 nie nale\u017c\u0105 do najwy\u017cszych wzniesie\u0144 w Sudetach, czesko-niemieckie s\u0105siedztwo i tajemniczy magnetyzm czyni\u0105 z nich jedno z najciekawszych pasm g\u00f3rskich w naszym kraju. Gdy okaza\u0142o si\u0119, \u017ce G\u00f3ry Sowie to lokalizacja produkcji stacji AXN, kt\u00f3ra przed miesi\u0105cem pojawi\u0142a si\u0119 na platformie Netflix, to by\u0142 dla nas znak \u2013 trzeba\u2026","rel":"","context":"In &quot;Kultura i ciekawostki ze \u015bwiata&quot;","block_context":{"text":"Kultura i ciekawostki ze \u015bwiata","link":"https:\/\/magazyn.travelist.pl\/kultura-ciekawostki"},"img":{"alt_text":"","src":"https:\/\/i0.wp.com\/magazyn.travelist.pl\/wp-content\/uploads\/2020\/05\/g\u0142\u00f3wne-7.jpg?resize=350%2C200&ssl=1","width":350,"height":200,"srcset":"https:\/\/i0.wp.com\/magazyn.travelist.pl\/wp-content\/uploads\/2020\/05\/g\u0142\u00f3wne-7.jpg?resize=350%2C200&ssl=1 1x, https:\/\/i0.wp.com\/magazyn.travelist.pl\/wp-content\/uploads\/2020\/05\/g\u0142\u00f3wne-7.jpg?resize=525%2C300&ssl=1 1.5x"},"classes":[]}],"_links":{"self":[{"href":"https:\/\/magazyn.travelist.pl\/wp-json\/wp\/v2\/posts\/39018"}],"collection":[{"href":"https:\/\/magazyn.travelist.pl\/wp-json\/wp\/v2\/posts"}],"about":[{"href":"https:\/\/magazyn.travelist.pl\/wp-json\/wp\/v2\/types\/post"}],"author":[{"embeddable":true,"href":"https:\/\/magazyn.travelist.pl\/wp-json\/wp\/v2\/users\/41"}],"replies":[{"embeddable":true,"href":"https:\/\/magazyn.travelist.pl\/wp-json\/wp\/v2\/comments?post=39018"}],"version-history":[{"count":2,"href":"https:\/\/magazyn.travelist.pl\/wp-json\/wp\/v2\/posts\/39018\/revisions"}],"predecessor-version":[{"id":39071,"href":"https:\/\/magazyn.travelist.pl\/wp-json\/wp\/v2\/posts\/39018\/revisions\/39071"}],"wp:featuredmedia":[{"embeddable":true,"href":"https:\/\/magazyn.travelist.pl\/wp-json\/wp\/v2\/media\/39066"}],"wp:attachment":[{"href":"https:\/\/magazyn.travelist.pl\/wp-json\/wp\/v2\/media?parent=39018"}],"wp:term":[{"taxonomy":"category","embeddable":true,"href":"https:\/\/magazyn.travelist.pl\/wp-json\/wp\/v2\/categories?post=39018"},{"taxonomy":"post_tag","embeddable":true,"href":"https:\/\/magazyn.travelist.pl\/wp-json\/wp\/v2\/tags?post=39018"}],"curies":[{"name":"wp","href":"https:\/\/api.w.org\/{rel}","templated":true}]}}