{"id":37051,"date":"2025-02-05T15:56:41","date_gmt":"2025-02-05T14:56:41","guid":{"rendered":"https:\/\/magazyn.travelist.pl\/?p=37051"},"modified":"2026-04-16T09:45:53","modified_gmt":"2026-04-16T07:45:53","slug":"co-zabrac-na-wyjazd-na-narty-oto-lista-niezbednych-rzeczy","status":"publish","type":"post","link":"https:\/\/magazyn.travelist.pl\/co-zabrac-na-wyjazd-na-narty-oto-lista-niezbednych-rzeczy","title":{"rendered":"Co zabra\u0107 na wyjazd na narty? Oto lista niezb\u0119dnych rzeczy!"},"content":{"rendered":"\n<p>Sezon narciarski trwa w najlepsze. Planujecie wyjazd w g\u00f3ry zim\u0105? Je\u015bli tak, to \u015bwietnie si\u0119 sk\u0142ada. Przed wyruszeniem na stok, trzeba zadba\u0107 o odpowiednie przygotowanie, przemy\u015ble\u0107 list\u0119 rzeczy do spakowania na wyjazd i zatroszczy\u0107 si\u0119 o odpowiedni ekwipunek. Poza samym sprz\u0119tem narciarskim,&nbsp;kluczowe s\u0105 odzie\u017c, akcesoria ochronne oraz dodatkowe wyposa\u017cenie, kt\u00f3re zapewni komfort i bezpiecze\u0144stwo na stoku. Oto gotowa lista rzeczy na narty. Nim poch\u0142onie Was bia\u0142e szale\u0144stwo, sprawd\u017acie, czy na pewno pomy\u015bleli\u015bcie o wszystkim!&nbsp;<\/p>\n\n\n\n<div class=\"wp-block-buttons is-content-justification-center is-layout-flex wp-container-core-buttons-is-layout-1 wp-block-buttons-is-layout-flex\">\n<div class=\"wp-block-button\"><a class=\"wp-block-button__link wp-element-button\" href=\"https:\/\/travelist.pl\/search\/polskie-gory\/?MWID=TRA_PL_MAG_TRA_0000_NON_0000_ART_INS_0_M881_TEXT_CHN_20250205&amp;article_params=article,inspiracje,co-zabrac-na-wyjazd-na-narty,tekst,kanal&amp;noleadrequired=on\">Rezerwuj najlepsze hotele w g\u00f3rach TANIEJ na Travelist.pl>> <\/a><\/div>\n<\/div>\n\n\n\n<h2 class=\"wp-block-heading\"><strong>Sprz\u0119t narciarski \u2013 narty, buty, kijki i kask<\/strong><\/h2>\n\n\n\n<div style=\"height:11px\" aria-hidden=\"true\" class=\"wp-block-spacer\"><\/div>\n\n\n\n<div class=\"wp-block-media-text alignwide is-stacked-on-mobile\"><figure class=\"wp-block-media-text__media\"><img loading=\"lazy\" decoding=\"async\" width=\"1000\" height=\"666\" data-attachment-id=\"37057\" data-permalink=\"https:\/\/travelist.pl\/magazyn\/shutterstock_2530524671-min\" data-orig-file=\"https:\/\/travelist.pl\/magazyn\/wp-content\/uploads\/2025\/02\/shutterstock_2530524671-min.jpg\" data-orig-size=\"1000,666\" data-comments-opened=\"0\" data-image-meta=\"{&quot;aperture&quot;:&quot;0&quot;,&quot;credit&quot;:&quot;&quot;,&quot;camera&quot;:&quot;&quot;,&quot;caption&quot;:&quot;&quot;,&quot;created_timestamp&quot;:&quot;0&quot;,&quot;copyright&quot;:&quot;&quot;,&quot;focal_length&quot;:&quot;0&quot;,&quot;iso&quot;:&quot;0&quot;,&quot;shutter_speed&quot;:&quot;0&quot;,&quot;title&quot;:&quot;&quot;,&quot;orientation&quot;:&quot;0&quot;}\" data-image-title=\"Co zabra\u0107 zim\u0105 na narty?\" data-image-description=\"\" data-image-caption=\"\" data-medium-file=\"https:\/\/travelist.pl\/magazyn\/wp-content\/uploads\/2025\/02\/shutterstock_2530524671-min-300x200.jpg\" data-large-file=\"https:\/\/travelist.pl\/magazyn\/wp-content\/uploads\/2025\/02\/shutterstock_2530524671-min.jpg\" src=\"https:\/\/travelist.pl\/magazyn\/wp-content\/uploads\/2025\/02\/shutterstock_2530524671-min.jpg\" alt=\"Co zabra\u0107 zim\u0105 na narty?\" class=\"wp-image-37057 size-full\" srcset=\"https:\/\/travelist.pl\/magazyn\/wp-content\/uploads\/2025\/02\/shutterstock_2530524671-min.jpg 1000w, https:\/\/travelist.pl\/magazyn\/wp-content\/uploads\/2025\/02\/shutterstock_2530524671-min-300x200.jpg 300w, https:\/\/travelist.pl\/magazyn\/wp-content\/uploads\/2025\/02\/shutterstock_2530524671-min-768x511.jpg 768w, https:\/\/travelist.pl\/magazyn\/wp-content\/uploads\/2025\/02\/shutterstock_2530524671-min-18x12.jpg 18w\" sizes=\"(max-width: 1000px) 100vw, 1000px\" \/><\/figure><div class=\"wp-block-media-text__content\">\n<p>Najwa\u017cniejszym elementem ka\u017cdej <strong>narciarskiej wy<\/strong>prawy jest <strong>odpowiedni sprz\u0119t<\/strong>. Je\u015bli posiadacie w\u0142asne <strong>narty<\/strong>, warto zadba\u0107 o ich serwis jeszcze przed sezonem \u2013\u00a0<strong>naostrzenie kraw\u0119dzi, nasmarowanie \u015blizg\u00f3w i sprawdzenie wi\u0105za\u0144<\/strong>. <strong>Buty narciarskie<\/strong> powinny by\u0107 dobrze dopasowane\u00a0do stopy, aby zapewni\u0107 <strong>komfort i kontrol\u0119<\/strong> nad nartami &#8211; podczas nawet najbardziej szalonych akrobacji.\u00a0 <strong>Kijki dobieramy odpowiednio do wzrostu. Kask narciarski<\/strong> to absolutna podstawa bezpiecze\u0144stwa, zabezpieczaj\u0105ca g\u0142ow\u0119 w przypadku nieszcz\u0119\u015bliwego upadku. <strong>Narty warto<\/strong> sprawdzi\u0107 jeszcze raz tu\u017c przed\u00a0<strong>samym wyjazdem<\/strong>, aby unikn\u0105\u0107 niespodzianek na stoku.<\/p>\n<\/div><\/div>\n\n\n\n<div style=\"height:10px\" aria-hidden=\"true\" class=\"wp-block-spacer\"><\/div>\n\n\n\n<div class=\"wp-block-buttons is-content-justification-center is-layout-flex wp-container-core-buttons-is-layout-2 wp-block-buttons-is-layout-flex\">\n<div class=\"wp-block-button\"><a class=\"wp-block-button__link wp-element-button\" href=\"https:\/\/travelist.pl\/search\/polskie-gory\/?d=listingpages,214&amp;MWID=TRA_PL_MAG_TRA_0000_NON_0000_ART_INS_0_M881_TEXT_CHN_20250205&amp;article_params=article,inspiracje,co-zabrac-na-wyjazd-na-narty,tekst,kanal&amp;noleadrequired=on\">Rezerwuj najlepsze hotele na Ferie w g\u00f3rach na Travelist.pl>> <\/a><\/div>\n<\/div>\n\n\n\n<div style=\"height:13px\" aria-hidden=\"true\" class=\"wp-block-spacer\"><\/div>\n\n\n\n<h2 class=\"wp-block-heading\"><strong>Odpowiednia odzie\u017c narciarska \u2013 kurtka, spodnie i bielizna termoaktywna<\/strong><\/h2>\n\n\n\n<p><strong>Zimowe warunki na stoku<\/strong> wymagaj\u0105 <strong>odpowiedniego ubioru<\/strong>. <strong>Kurtka narciarska<\/strong> powinna by\u0107 <strong>wodoodporna, oddychaj\u0105ca i zapewnia\u0107 komfort termiczny<\/strong>. Dobrze, by i s<strong>podnie narciarskie<\/strong> posiada\u0142y <strong>membran\u0119 ochronn\u0105<\/strong>, kt\u00f3ra zabezpieczy przed \u015bniegiem i wilgoci\u0105 \u2013 <strong>warto przy zakupie spodni<\/strong> zwr\u00f3ci\u0107 uwag\u0119 na ich parametry techniczne.\u00a0<strong>Istotna jest bielizna termoaktywna<\/strong>, kt\u00f3ra <strong>odprowadza wilgo\u0107 i utrzymuje optymaln\u0105 temperatur\u0119 cia\u0142a<\/strong>. <strong>Rekomendujemy ubra\u0107 si\u0119\u00a0 <\/strong>warstwowo, tak by m\u00f3c prosto i szybko dostosowa\u0107 ubi\u00f3r do zmieniaj\u0105cych si\u0119 warunk\u00f3w atmosferycznych. <\/p>\n\n\n\n<div class=\"wp-block-buttons is-content-justification-center is-layout-flex wp-container-core-buttons-is-layout-3 wp-block-buttons-is-layout-flex\">\n<div class=\"wp-block-button\"><a class=\"wp-block-button__link wp-element-button\" href=\"https:\/\/travelist.pl\/magazyn\/narciarski-top-travelist-gdzie-na-narty\/\" target=\"_blank\" >Sprawd\u017a najlepsze o\u015brodki narciarskie w Polsce i zainspiruj si\u0119 do podr\u00f3\u017cy>> <\/a><\/div>\n<\/div>\n\n\n\n<h2 class=\"wp-block-heading\"><strong>Ochraniacze \u2013 na kolana, plecy i nadgarstki<\/strong><\/h2>\n\n\n\n<div style=\"height:10px\" aria-hidden=\"true\" class=\"wp-block-spacer\"><\/div>\n\n\n\n<div class=\"wp-block-media-text alignwide has-media-on-the-right is-stacked-on-mobile\"><div class=\"wp-block-media-text__content\">\n<p>Aby <strong>zwi\u0119kszy\u0107 bezpiecze\u0144stwo na stoku<\/strong>, warto zaopatrzy\u0107 si\u0119 w <strong>ochraniacze<\/strong>. <strong>Ochraniacze na kolana<\/strong> przydadz\u0105 si\u0119 szczeg\u00f3lnie osobom pocz\u0105tkuj\u0105cym, w przypadku kt\u00f3rych upadki s\u0105 nieco cz\u0119stsze. <strong>Ochraniacz na plecy (\u017c\u00f3\u0142w)<\/strong> zabezpieczy <strong>kr\u0119gos\u0142up przed urazami. Ochraniacze na nadgarstki sprawdz\u0105 si\u0119 zw\u0142aszcza w przypadku <\/strong>snowboardzist\u00f3w, kt\u00f3rzy cz\u0119sto podpieraj\u0105 si\u0119 r\u0119kami przy upadkach. <strong>Jednym z najwi\u0119kszych zagro\u017ce\u0144<\/strong> na stoku s\u0105 urazy, dlatego <strong>powinni\u015bmy zadba\u0107 o odpowiednie zabezpieczenia<\/strong>, by unikn\u0105\u0107 przykrych niespodzianek. <\/p>\n<\/div><figure class=\"wp-block-media-text__media\"><img loading=\"lazy\" decoding=\"async\" width=\"1024\" height=\"427\" data-attachment-id=\"37055\" data-permalink=\"https:\/\/travelist.pl\/magazyn\/shutterstock_2372435149-min\" data-orig-file=\"https:\/\/travelist.pl\/magazyn\/wp-content\/uploads\/2025\/02\/shutterstock_2372435149-min-scaled.jpg\" data-orig-size=\"2560,1068\" data-comments-opened=\"0\" data-image-meta=\"{&quot;aperture&quot;:&quot;0&quot;,&quot;credit&quot;:&quot;&quot;,&quot;camera&quot;:&quot;&quot;,&quot;caption&quot;:&quot;&quot;,&quot;created_timestamp&quot;:&quot;0&quot;,&quot;copyright&quot;:&quot;&quot;,&quot;focal_length&quot;:&quot;0&quot;,&quot;iso&quot;:&quot;0&quot;,&quot;shutter_speed&quot;:&quot;0&quot;,&quot;title&quot;:&quot;&quot;,&quot;orientation&quot;:&quot;0&quot;}\" data-image-title=\"shutterstock_2372435149-min\" data-image-description=\"\" data-image-caption=\"\" data-medium-file=\"https:\/\/travelist.pl\/magazyn\/wp-content\/uploads\/2025\/02\/shutterstock_2372435149-min-300x125.jpg\" data-large-file=\"https:\/\/travelist.pl\/magazyn\/wp-content\/uploads\/2025\/02\/shutterstock_2372435149-min-1024x427.jpg\" src=\"https:\/\/travelist.pl\/magazyn\/wp-content\/uploads\/2025\/02\/shutterstock_2372435149-min-1024x427.jpg\" alt=\"\" class=\"wp-image-37055 size-full\" srcset=\"https:\/\/travelist.pl\/magazyn\/wp-content\/uploads\/2025\/02\/shutterstock_2372435149-min-1024x427.jpg 1024w, https:\/\/travelist.pl\/magazyn\/wp-content\/uploads\/2025\/02\/shutterstock_2372435149-min-300x125.jpg 300w, https:\/\/travelist.pl\/magazyn\/wp-content\/uploads\/2025\/02\/shutterstock_2372435149-min-768x320.jpg 768w, https:\/\/travelist.pl\/magazyn\/wp-content\/uploads\/2025\/02\/shutterstock_2372435149-min-1536x641.jpg 1536w, https:\/\/travelist.pl\/magazyn\/wp-content\/uploads\/2025\/02\/shutterstock_2372435149-min-2048x854.jpg 2048w, https:\/\/travelist.pl\/magazyn\/wp-content\/uploads\/2025\/02\/shutterstock_2372435149-min-18x8.jpg 18w, https:\/\/travelist.pl\/magazyn\/wp-content\/uploads\/2025\/02\/shutterstock_2372435149-min-2000x834.jpg 2000w\" sizes=\"(max-width: 1024px) 100vw, 1024px\" \/><\/figure><\/div>\n\n\n\n<div class=\"wp-block-buttons is-content-justification-center is-layout-flex wp-container-core-buttons-is-layout-4 wp-block-buttons-is-layout-flex\">\n<div class=\"wp-block-button\"><a class=\"wp-block-button__link wp-element-button\" href=\"https:\/\/travelist.pl\/search\/polskie-gory\/?MWID=TRA_PL_MAG_TRA_0000_NON_0000_ART_INS_0_M881_TEXT_CHN_20250205&amp;article_params=article,inspiracje,co-zabrac-na-wyjazd-na-narty,tekst,kanal&amp;noleadrequired=on\">Rezerwuj najlepsze hotele w g\u00f3rach TANIE na Travelist.pl>> <\/a><\/div>\n<\/div>\n\n\n\n<div style=\"height:9px\" aria-hidden=\"true\" class=\"wp-block-spacer\"><\/div>\n\n\n\n<h2 class=\"wp-block-heading\"><strong>Gogle narciarskie \u2013 ochrona przed promieniowaniem UV i komfort jazdy<\/strong><\/h2>\n\n\n\n<div style=\"height:10px\" aria-hidden=\"true\" class=\"wp-block-spacer\"><\/div>\n\n\n\n<div class=\"wp-block-media-text alignwide is-stacked-on-mobile\"><figure class=\"wp-block-media-text__media\"><img loading=\"lazy\" decoding=\"async\" width=\"1000\" height=\"667\" data-attachment-id=\"37058\" data-permalink=\"https:\/\/travelist.pl\/magazyn\/shutterstock_2537515693-min\" data-orig-file=\"https:\/\/travelist.pl\/magazyn\/wp-content\/uploads\/2025\/02\/shutterstock_2537515693-min.jpg\" data-orig-size=\"1000,667\" data-comments-opened=\"0\" data-image-meta=\"{&quot;aperture&quot;:&quot;0&quot;,&quot;credit&quot;:&quot;&quot;,&quot;camera&quot;:&quot;&quot;,&quot;caption&quot;:&quot;&quot;,&quot;created_timestamp&quot;:&quot;0&quot;,&quot;copyright&quot;:&quot;&quot;,&quot;focal_length&quot;:&quot;0&quot;,&quot;iso&quot;:&quot;0&quot;,&quot;shutter_speed&quot;:&quot;0&quot;,&quot;title&quot;:&quot;&quot;,&quot;orientation&quot;:&quot;0&quot;}\" data-image-title=\"Co zabra\u0107 zim\u0105 na narty?\" data-image-description=\"\" data-image-caption=\"\" data-medium-file=\"https:\/\/travelist.pl\/magazyn\/wp-content\/uploads\/2025\/02\/shutterstock_2537515693-min-300x200.jpg\" data-large-file=\"https:\/\/travelist.pl\/magazyn\/wp-content\/uploads\/2025\/02\/shutterstock_2537515693-min.jpg\" src=\"https:\/\/travelist.pl\/magazyn\/wp-content\/uploads\/2025\/02\/shutterstock_2537515693-min.jpg\" alt=\"Co zabra\u0107 zim\u0105 na narty?\" class=\"wp-image-37058 size-full\" srcset=\"https:\/\/travelist.pl\/magazyn\/wp-content\/uploads\/2025\/02\/shutterstock_2537515693-min.jpg 1000w, https:\/\/travelist.pl\/magazyn\/wp-content\/uploads\/2025\/02\/shutterstock_2537515693-min-300x200.jpg 300w, https:\/\/travelist.pl\/magazyn\/wp-content\/uploads\/2025\/02\/shutterstock_2537515693-min-768x512.jpg 768w, https:\/\/travelist.pl\/magazyn\/wp-content\/uploads\/2025\/02\/shutterstock_2537515693-min-18x12.jpg 18w\" sizes=\"(max-width: 1000px) 100vw, 1000px\" \/><\/figure><div class=\"wp-block-media-text__content\">\n<p><strong>Gogle narciarskie<\/strong> to <strong>niezb\u0119dny gad\u017cet,<\/strong> kt\u00f3ry lepiej ni\u017c okulary przeciws\u0142oneczne <strong>chroni oczy przed wiatrem, \u015bniegiem i promieniowaniem UV<\/strong>. Dzi\u0119ki odpowiednio dobranym szybom gogle <strong>poprawiaj\u0105 widoczno\u015b\u0107 w trudnych warunkach atmosferycznych<\/strong>. <strong>Warto wybiera\u0107 modele z pow\u0142ok\u0105 antyfog<\/strong>, kt\u00f3ra zapobiega parowaniu. <strong>Nas\u0142onecznienie czy te\u017c nachylenie stoku<\/strong> wywieraj\u0105 du\u017cy wp\u0142yw na widoczno\u015b\u0107, dlatego\u00a0<strong>dobrze dobrane gogle pozwol\u0105 nam maksymalnie skupi\u0107 si\u0119 na zje\u017adzie<\/strong>.<\/p>\n<\/div><\/div>\n\n\n\n<div style=\"height:10px\" aria-hidden=\"true\" class=\"wp-block-spacer\"><\/div>\n\n\n\n<div class=\"wp-block-buttons is-layout-flex wp-block-buttons-is-layout-flex\">\n<div class=\"wp-block-button\"><a class=\"wp-block-button__link wp-element-button\" href=\"https:\/\/travelist.pl\/magazyn\/top-10-najlepszych-hoteli-blisko-stokow-narciarskich-w-polsce\/\" target=\"_blank\" >Poznaj najlepsze hotele na narty dost\u0119pne na Travelist.pl>> <\/a><\/div>\n<\/div>\n\n\n\n<div style=\"height:7px\" aria-hidden=\"true\" class=\"wp-block-spacer\"><\/div>\n\n\n\n<h2 class=\"wp-block-heading\"><strong>Ubezpieczenie narciarskie \u2013 ochrona w razie wypadku i zachorowania<\/strong><\/h2>\n\n\n\n<p><strong>Dobrze zorganizowany wyjazd na narty<\/strong> powinien uwzgl\u0119dnia\u0107 <strong>odpowiednie ubezpieczenie narciarskie<\/strong>. <strong>Wyjazd w g\u00f3ry zim\u0105<\/strong> wi\u0105\u017ce si\u0119 z <strong>ryzykiem kontuzji<\/strong>, dlatego <strong>ubezpieczenie powinno obejmowa\u0107 koszty leczenia, transportu medycznego oraz OC<\/strong> na wypadek wyrz\u0105dzenia szkody innym u\u017cytkownikom stoku. <\/p>\n\n\n\n<div class=\"wp-block-buttons is-content-justification-center is-layout-flex wp-container-core-buttons-is-layout-6 wp-block-buttons-is-layout-flex\">\n<div class=\"wp-block-button\"><a class=\"wp-block-button__link wp-element-button\" href=\"https:\/\/travelist.pl\/magazyn\/najlepsze-stoki-narciarskie-slowacji\/\" target=\"_blank\" >Poznaj najlepsze o\u015brodki narciarskie na S\u0142owacji >><\/a><\/div>\n<\/div>\n\n\n\n<h2 class=\"wp-block-heading\"><strong>Apteczka i kosmetyki \u2013 plastry na obtarcia, ogrzewacze chemiczne i krem z filtrem UV<\/strong><\/h2>\n\n\n\n<p>Podczas&nbsp;<strong>pobytu w g\u00f3rach<\/strong> przyda si\u0119 <strong>apteczka<\/strong> wyposa\u017cona w <strong>plastry, banda\u017c elastyczny oraz \u015brodki przeciwb\u00f3lowe i leki przeciwgor\u0105czkowe<\/strong>. <strong>W apteczce powinny znale\u017a\u0107 si\u0119 r\u00f3wnie\u017c podstawowe medykamenty na przezi\u0119bienie<\/strong>. <strong>Nie mo\u017cna zapomnie\u0107 o kremie z filtrem UV<\/strong>, poniewa\u017c s\u0142o\u0144ce odbijaj\u0105ce si\u0119 od \u015bniegu mo\u017ce by\u0107 przyczyn\u0105 poparze\u0144. Dodatkowo warto zabra\u0107 ze sob\u0105 na wyjazd <strong>ogrzewacze chemiczne<\/strong> do r\u0105k i st\u00f3p, kt\u00f3re zapewni\u0105 ciep\u0142o w ekstremalnych temperaturach.&nbsp;<\/p>\n\n\n\n<div class=\"wp-block-buttons is-content-justification-center is-layout-flex wp-container-core-buttons-is-layout-7 wp-block-buttons-is-layout-flex\">\n<div class=\"wp-block-button\"><a class=\"wp-block-button__link wp-element-button\" href=\"https:\/\/travelist.pl\/magazyn\/gdzie-jechac-na-narty-do-austrii-osrodki-narciarskie\/\" target=\"_blank\" >A mo\u017ce narty w austriackich Alpach? Zainspiruj si\u0119>> <\/a><\/div>\n<\/div>\n\n\n\n<h2 class=\"wp-block-heading\"><strong>Plecak narciarski \u2013 co warto mie\u0107 pod r\u0119k\u0105 na stoku<\/strong><\/h2>\n\n\n\n<div style=\"height:9px\" aria-hidden=\"true\" class=\"wp-block-spacer\"><\/div>\n\n\n\n<div class=\"wp-block-media-text alignwide has-media-on-the-right is-stacked-on-mobile\"><div class=\"wp-block-media-text__content\">\n<p>Na stoku warto mie\u0107 <strong>lekki, funkcjonalny plecak narciarski<\/strong>, w kt\u00f3rym zmie\u015bcimy <strong>wod\u0119 lub termos z gor\u0105c\u0105 herbat\u0105<\/strong>, przek\u0105ski, dodatkow\u0105 warstw\u0119 odzie\u017cy i podstawowe akcesoria. <strong>Gor\u0105c\u0105 herbat\u0105 to zawsze obowi\u0105zkowa rzecz w ka\u017cdym plecaku narciarskim<\/strong>.<\/p>\n<\/div><figure class=\"wp-block-media-text__media\"><img loading=\"lazy\" decoding=\"async\" width=\"1024\" height=\"683\" data-attachment-id=\"37054\" data-permalink=\"https:\/\/travelist.pl\/magazyn\/shutterstock_353043653-min\" data-orig-file=\"https:\/\/travelist.pl\/magazyn\/wp-content\/uploads\/2025\/02\/shutterstock_353043653-min-scaled.jpg\" data-orig-size=\"2560,1707\" data-comments-opened=\"0\" data-image-meta=\"{&quot;aperture&quot;:&quot;0&quot;,&quot;credit&quot;:&quot;&quot;,&quot;camera&quot;:&quot;&quot;,&quot;caption&quot;:&quot;&quot;,&quot;created_timestamp&quot;:&quot;0&quot;,&quot;copyright&quot;:&quot;&quot;,&quot;focal_length&quot;:&quot;0&quot;,&quot;iso&quot;:&quot;0&quot;,&quot;shutter_speed&quot;:&quot;0&quot;,&quot;title&quot;:&quot;&quot;,&quot;orientation&quot;:&quot;0&quot;}\" data-image-title=\"Co warto zabra\u0107 na wyjazd narciarski?\" data-image-description=\"\" data-image-caption=\"\" data-medium-file=\"https:\/\/travelist.pl\/magazyn\/wp-content\/uploads\/2025\/02\/shutterstock_353043653-min-300x200.jpg\" data-large-file=\"https:\/\/travelist.pl\/magazyn\/wp-content\/uploads\/2025\/02\/shutterstock_353043653-min-1024x683.jpg\" src=\"https:\/\/travelist.pl\/magazyn\/wp-content\/uploads\/2025\/02\/shutterstock_353043653-min-1024x683.jpg\" alt=\"Co warto zabra\u0107 na wyjazd narciarski? \" class=\"wp-image-37054 size-full\" srcset=\"https:\/\/travelist.pl\/magazyn\/wp-content\/uploads\/2025\/02\/shutterstock_353043653-min-1024x683.jpg 1024w, https:\/\/travelist.pl\/magazyn\/wp-content\/uploads\/2025\/02\/shutterstock_353043653-min-300x200.jpg 300w, https:\/\/travelist.pl\/magazyn\/wp-content\/uploads\/2025\/02\/shutterstock_353043653-min-768x512.jpg 768w, https:\/\/travelist.pl\/magazyn\/wp-content\/uploads\/2025\/02\/shutterstock_353043653-min-1536x1024.jpg 1536w, https:\/\/travelist.pl\/magazyn\/wp-content\/uploads\/2025\/02\/shutterstock_353043653-min-2048x1365.jpg 2048w, https:\/\/travelist.pl\/magazyn\/wp-content\/uploads\/2025\/02\/shutterstock_353043653-min-18x12.jpg 18w, https:\/\/travelist.pl\/magazyn\/wp-content\/uploads\/2025\/02\/shutterstock_353043653-min-2000x1333.jpg 2000w\" sizes=\"(max-width: 1024px) 100vw, 1024px\" \/><\/figure><\/div>\n\n\n\n<div style=\"height:9px\" aria-hidden=\"true\" class=\"wp-block-spacer\"><\/div>\n\n\n\n<div style=\"height:11px\" aria-hidden=\"true\" class=\"wp-block-spacer\"><\/div>\n\n\n\n<div class=\"wp-block-buttons is-content-justification-center is-layout-flex wp-container-core-buttons-is-layout-8 wp-block-buttons-is-layout-flex\">\n<div class=\"wp-block-button\"><a class=\"wp-block-button__link wp-element-button\" href=\"https:\/\/travelist.pl\/search\/polskie-gory\/?MWID=TRA_PL_MAG_TRA_0000_NON_0000_ART_INS_0_M881_TEXT_CHN_20250205&amp;article_params=article,inspiracje,co-zabrac-na-wyjazd-na-narty,tekst,kanal&amp;noleadrequired=on\">Rezerwuj hotele w g\u00f3rach  TANIEJ na Travelist.pl>> <\/a><\/div>\n<\/div>\n\n\n\n<h2 class=\"wp-block-heading\"><strong>Nawigacja i bezpiecze\u0144stwo \u2013 mapy, telefon i power bank<\/strong><\/h2>\n\n\n\n<p><strong>Wyj\u015bciem w g\u00f3ry sprawd\u017amy warunki \u015bniegowe<\/strong>, kt\u00f3re s\u0105 <strong>zmienne i zale\u017c\u0105 od wielu okoliczno\u015bci<\/strong>. Warto zabra\u0107 <strong>map\u0119 tras narciarskich<\/strong>, a tak\u017ce <strong>telefon kom\u00f3rkowy na wypadek sytuacji awaryjnych<\/strong>. <strong>Power bank zapewni dodatkowe \u017ar\u00f3d\u0142o energii<\/strong>, potrzebne zw\u0142aszcza przy <strong>niskich temperaturach<\/strong>, w kt\u00f3rych sprz\u0119ty elektryczne szybciej si\u0119 wy\u0142adowuj\u0105. <\/p>\n\n\n\n<div class=\"wp-block-buttons is-content-justification-center is-layout-flex wp-container-core-buttons-is-layout-9 wp-block-buttons-is-layout-flex\">\n<div class=\"wp-block-button\"><a class=\"wp-block-button__link wp-element-button\" href=\"https:\/\/travelist.pl\/magazyn\/najlepsze-osrodki-narciarskie-we-wloszech-polecane-regiony-na-zimowy-wypad\/\" target=\"_blank\" >Odkryj najlepsze o\u015brodki narciarskie we W\u0142oszech>><\/a><\/div>\n<\/div>\n\n\n\n<h2 class=\"wp-block-heading\"><strong>Prowiant i picie \u2013 batony energetyczne, kanapki i termos z herbat\u0105<\/strong><\/h2>\n\n\n\n<div style=\"height:10px\" aria-hidden=\"true\" class=\"wp-block-spacer\"><\/div>\n\n\n\n<div class=\"wp-block-media-text alignwide is-stacked-on-mobile\"><figure class=\"wp-block-media-text__media\"><img loading=\"lazy\" decoding=\"async\" width=\"1000\" height=\"667\" data-attachment-id=\"37061\" data-permalink=\"https:\/\/travelist.pl\/magazyn\/shutterstock_379343356-min\" data-orig-file=\"https:\/\/travelist.pl\/magazyn\/wp-content\/uploads\/2025\/02\/shutterstock_379343356-min.jpg\" data-orig-size=\"1000,667\" data-comments-opened=\"0\" data-image-meta=\"{&quot;aperture&quot;:&quot;0&quot;,&quot;credit&quot;:&quot;&quot;,&quot;camera&quot;:&quot;&quot;,&quot;caption&quot;:&quot;&quot;,&quot;created_timestamp&quot;:&quot;0&quot;,&quot;copyright&quot;:&quot;&quot;,&quot;focal_length&quot;:&quot;0&quot;,&quot;iso&quot;:&quot;0&quot;,&quot;shutter_speed&quot;:&quot;0&quot;,&quot;title&quot;:&quot;&quot;,&quot;orientation&quot;:&quot;0&quot;}\" data-image-title=\"Co zabra\u0107 na narty?\" data-image-description=\"\" data-image-caption=\"\" data-medium-file=\"https:\/\/travelist.pl\/magazyn\/wp-content\/uploads\/2025\/02\/shutterstock_379343356-min-300x200.jpg\" data-large-file=\"https:\/\/travelist.pl\/magazyn\/wp-content\/uploads\/2025\/02\/shutterstock_379343356-min.jpg\" src=\"https:\/\/travelist.pl\/magazyn\/wp-content\/uploads\/2025\/02\/shutterstock_379343356-min.jpg\" alt=\"Co zabra\u0107 na narty? \" class=\"wp-image-37061 size-full\" srcset=\"https:\/\/travelist.pl\/magazyn\/wp-content\/uploads\/2025\/02\/shutterstock_379343356-min.jpg 1000w, https:\/\/travelist.pl\/magazyn\/wp-content\/uploads\/2025\/02\/shutterstock_379343356-min-300x200.jpg 300w, https:\/\/travelist.pl\/magazyn\/wp-content\/uploads\/2025\/02\/shutterstock_379343356-min-768x512.jpg 768w, https:\/\/travelist.pl\/magazyn\/wp-content\/uploads\/2025\/02\/shutterstock_379343356-min-18x12.jpg 18w\" sizes=\"(max-width: 1000px) 100vw, 1000px\" \/><\/figure><div class=\"wp-block-media-text__content\">\n<p>Na stoku organizm <strong>zu\u017cywa du\u017co energii<\/strong>, dlatego warto mie\u0107 pod r\u0119k\u0105 <strong>lekkostrawne przek\u0105ski<\/strong>. <strong>Batony energetyczne, kanapki czy orzechy<\/strong> dostarcz\u0105 energii  do dalszej jazdy i zabaw na \u015bniegu. <strong>Termos z gor\u0105c\u0105 herbat\u0105<\/strong> to \u015bwietny spos\u00f3b na <strong>rozgrzanie si\u0119 w mro\u017ane dni<\/strong>.<\/p>\n<\/div><\/div>\n\n\n\n<div class=\"wp-block-buttons is-content-justification-center is-layout-flex wp-container-core-buttons-is-layout-10 wp-block-buttons-is-layout-flex\">\n<div class=\"wp-block-button\"><a class=\"wp-block-button__link wp-element-button\" href=\"https:\/\/travelist.pl\/magazyn\/jedzenie-w-gorach-co-warto-zabrac\/\" target=\"_blank\" >Jedzenie w g\u00f3rach &#8211; sprawd\u017a pomys\u0142y przek\u0105sek >><\/a><\/div>\n<\/div>\n\n\n\n<div style=\"height:11px\" aria-hidden=\"true\" class=\"wp-block-spacer\"><\/div>\n\n\n\n<h2 class=\"wp-block-heading\"><strong>Dokumenty i p\u0142atno\u015bci \u2013 dow\u00f3d osobisty, karty p\u0142atnicze i got\u00f3wka<\/strong><\/h2>\n\n\n\n<p>Na <strong>wyjazd<\/strong> nale\u017cy zabra\u0107 <strong>dow\u00f3d osobisty lub paszport<\/strong>, a tak\u017ce <strong>karty p\u0142atnicze<\/strong>. <strong>Warto mie\u0107 przy sobie r\u00f3wnie\u017c got\u00f3wk\u0119<\/strong>, gdy\u017c <strong>nie wszystkie g\u00f3rskie schroniska i punkty gastronomiczne akceptuj\u0105 p\u0142atno\u015bci bezgot\u00f3wkowe<\/strong>.<\/p>\n\n\n\n<figure class=\"wp-block-image alignwide size-full\"><a href=\"https:\/\/travelist.pl\/magazyn\/wp-content\/uploads\/2025\/02\/shutterstock_2522321907-min.jpg\"><img loading=\"lazy\" decoding=\"async\" width=\"1000\" height=\"666\" data-attachment-id=\"37056\" data-permalink=\"https:\/\/travelist.pl\/magazyn\/shutterstock_2522321907-min\" data-orig-file=\"https:\/\/travelist.pl\/magazyn\/wp-content\/uploads\/2025\/02\/shutterstock_2522321907-min.jpg\" data-orig-size=\"1000,666\" data-comments-opened=\"0\" data-image-meta=\"{&quot;aperture&quot;:&quot;0&quot;,&quot;credit&quot;:&quot;&quot;,&quot;camera&quot;:&quot;&quot;,&quot;caption&quot;:&quot;&quot;,&quot;created_timestamp&quot;:&quot;0&quot;,&quot;copyright&quot;:&quot;&quot;,&quot;focal_length&quot;:&quot;0&quot;,&quot;iso&quot;:&quot;0&quot;,&quot;shutter_speed&quot;:&quot;0&quot;,&quot;title&quot;:&quot;&quot;,&quot;orientation&quot;:&quot;0&quot;}\" data-image-title=\"shutterstock_2522321907-min\" data-image-description=\"\" data-image-caption=\"\" data-medium-file=\"https:\/\/travelist.pl\/magazyn\/wp-content\/uploads\/2025\/02\/shutterstock_2522321907-min-300x200.jpg\" data-large-file=\"https:\/\/travelist.pl\/magazyn\/wp-content\/uploads\/2025\/02\/shutterstock_2522321907-min.jpg\" src=\"https:\/\/travelist.pl\/magazyn\/wp-content\/uploads\/2025\/02\/shutterstock_2522321907-min.jpg\" alt=\"\" class=\"wp-image-37056\" srcset=\"https:\/\/travelist.pl\/magazyn\/wp-content\/uploads\/2025\/02\/shutterstock_2522321907-min.jpg 1000w, https:\/\/travelist.pl\/magazyn\/wp-content\/uploads\/2025\/02\/shutterstock_2522321907-min-300x200.jpg 300w, https:\/\/travelist.pl\/magazyn\/wp-content\/uploads\/2025\/02\/shutterstock_2522321907-min-768x511.jpg 768w, https:\/\/travelist.pl\/magazyn\/wp-content\/uploads\/2025\/02\/shutterstock_2522321907-min-18x12.jpg 18w\" sizes=\"(max-width: 1000px) 100vw, 1000px\" \/><\/a><\/figure>\n\n\n\n<p>Po zweryfikowaniu wszystkich pozycji z powy\u017cszej <strong>listy rzeczy do spakowania na narty<\/strong> mo\u017cemy mie\u0107 pewno\u015b\u0107, \u017ce <strong>zabierzemy ze sob\u0105 na wyjazd wszystko, co potrzebne na stoku<\/strong>, aby w pe\u0142ni cieszy\u0107 si\u0119 <strong>bia\u0142ym szale\u0144stwem!<\/strong><\/p>\n\n\n\n<div class=\"wp-block-buttons is-content-justification-center is-layout-flex wp-container-core-buttons-is-layout-11 wp-block-buttons-is-layout-flex\">\n<div class=\"wp-block-button\"><a class=\"wp-block-button__link wp-element-button\" href=\"https:\/\/travelist.pl\/search\/polskie-gory\/?MWID=TRA_PL_MAG_TRA_0000_NON_0000_ART_INS_0_M881_TEXT_CHN_20250205&amp;article_params=article,inspiracje,co-zabrac-na-wyjazd-na-narty,tekst,kanal&amp;noleadrequired=on\">Rezerwuj najlepsze hotele w g\u00f3rach TANIEJ na Travelist.pl>> <\/a><\/div>\n<\/div>\n","protected":false},"excerpt":{"rendered":"<p>Sezon narciarski trwa w najlepsze. Planujecie wyjazd w g\u00f3ry zim\u0105? Je\u015bli tak, to \u015bwietnie si\u0119 sk\u0142ada. Przed wyruszeniem na stok, trzeba zadba\u0107 o odpowiednie przygotowanie, [&hellip;]<\/p>\n","protected":false},"author":41,"featured_media":37052,"comment_status":"closed","ping_status":"closed","sticky":false,"template":"","format":"standard","meta":{"_editorskit_title_hidden":false,"_editorskit_reading_time":0,"_editorskit_is_block_options_detached":false,"_editorskit_block_options_position":"{}","footnotes":""},"categories":[162,7],"tags":[],"class_list":["post-37051","post","type-post","status-publish","format-standard","has-post-thumbnail","hentry","category-kultura-ciekawostki","category-podroze-po-polsce"],"jetpack_sharing_enabled":true,"jetpack_featured_media_url":"https:\/\/magazyn.travelist.pl\/wp-content\/uploads\/2025\/02\/shutterstock_174226964.jpg","jetpack-related-posts":[{"id":32844,"url":"https:\/\/magazyn.travelist.pl\/co-zabrac-na-wyjazd-w-gory-latem-i-zima-sprawdz-kompletna-liste-rzeczy-do-spakowania-na-wycieczke","url_meta":{"origin":37051,"position":0},"title":"Co zabra\u0107 na wyjazd w g\u00f3ry latem i zim\u0105? Sprawd\u017a kompletn\u0105 list\u0119 rzeczy do spakowania na wycieczk\u0119!","author":"Redakcja Travelist","date":"2 maja 2024","format":false,"excerpt":"W\u0119dr\u00f3wki g\u00f3rskie to fantastyczny spos\u00f3b na aktywny wypoczynek o ka\u017cdej porze roku. Niezale\u017cnie od tego, czy planujesz letni trekking, czy te\u017c zimow\u0105 eskapad\u0119, odpowiednie przygotowanie to klucz do bezpiecznej i udanej przygody. Przygotowali\u015bmy list\u0119 rzeczy, kt\u00f3re warto spakowa\u0107 w g\u00f3ry.\u00a0 W co si\u0119 ubra\u0107 w g\u00f3ry i jakie za\u0142o\u017cy\u0107 obuwie\u2026","rel":"","context":"In &quot;Podr\u00f3\u017ce po Polsce&quot;","block_context":{"text":"Podr\u00f3\u017ce po Polsce","link":"https:\/\/magazyn.travelist.pl\/podroze-po-polsce"},"img":{"alt_text":"Co warto spakowa\u0107 w g\u00f3ry?","src":"https:\/\/i0.wp.com\/magazyn.travelist.pl\/wp-content\/uploads\/2024\/04\/shutterstock_2338145795-min.png?resize=350%2C200&ssl=1","width":350,"height":200,"srcset":"https:\/\/i0.wp.com\/magazyn.travelist.pl\/wp-content\/uploads\/2024\/04\/shutterstock_2338145795-min.png?resize=350%2C200&ssl=1 1x, https:\/\/i0.wp.com\/magazyn.travelist.pl\/wp-content\/uploads\/2024\/04\/shutterstock_2338145795-min.png?resize=525%2C300&ssl=1 1.5x, https:\/\/i0.wp.com\/magazyn.travelist.pl\/wp-content\/uploads\/2024\/04\/shutterstock_2338145795-min.png?resize=700%2C400&ssl=1 2x"},"classes":[]},{"id":32842,"url":"https:\/\/magazyn.travelist.pl\/co-zabrac-nad-morze-gotowa-lista-niezbednych-rzeczy-na-wyjazd-ktore-musisz-spakowac","url_meta":{"origin":37051,"position":1},"title":"Co zabra\u0107 nad morze? Gotowa lista niezb\u0119dnych rzeczy na wyjazd, kt\u00f3re musisz spakowa\u0107","author":"Redakcja Travelist","date":"2 maja 2024","format":false,"excerpt":"Podczas planowania wakacji nad morzem, kluczowe jest nie tylko wybieranie miejsca czy rezerwowanie nocleg\u00f3w, ale przede wszystkim dok\u0142adne zaplanowanie, co spakowa\u0107. Oto kompleksowa lista, kt\u00f3ra pomo\u017ce Ci odpowiednio przygotowa\u0107 i spakowa\u0107 wszystkie niezb\u0119dne rzeczy, gwarantuj\u0105c komfort\u00a0 i przyjemno\u015b\u0107 podr\u00f3\u017cy nad Ba\u0142tyk, Adriatyk czy inny rodzaj s\u0142onego akwenu.\u00a0 W co najlepiej\u2026","rel":"","context":"In &quot;Podr\u00f3\u017ce po Polsce&quot;","block_context":{"text":"Podr\u00f3\u017ce po Polsce","link":"https:\/\/magazyn.travelist.pl\/podroze-po-polsce"},"img":{"alt_text":"","src":"https:\/\/i0.wp.com\/magazyn.travelist.pl\/wp-content\/uploads\/2024\/04\/shutterstock_539719900-min.png?resize=350%2C200&ssl=1","width":350,"height":200,"srcset":"https:\/\/i0.wp.com\/magazyn.travelist.pl\/wp-content\/uploads\/2024\/04\/shutterstock_539719900-min.png?resize=350%2C200&ssl=1 1x, https:\/\/i0.wp.com\/magazyn.travelist.pl\/wp-content\/uploads\/2024\/04\/shutterstock_539719900-min.png?resize=525%2C300&ssl=1 1.5x, https:\/\/i0.wp.com\/magazyn.travelist.pl\/wp-content\/uploads\/2024\/04\/shutterstock_539719900-min.png?resize=700%2C400&ssl=1 2x"},"classes":[]},{"id":39802,"url":"https:\/\/magazyn.travelist.pl\/co-zabrac-na-wakacje-all-inclusive-kompletna-lista-rzeczy-do-spakowania","url_meta":{"origin":37051,"position":2},"title":"Co zabra\u0107 na wakacje all inclusive? Kompletna lista rzeczy do spakowania","author":"Magdalena Markiewicz","date":"5 sierpnia 2025","format":false,"excerpt":"Wakacje all inclusive to idealny spos\u00f3b na oderwanie si\u0119 od codzienno\u015bci. Komfortowe warunki, wy\u017cywienie, pla\u017ca i animacje w cenie... pozostaje jedynie dobrze si\u0119 przygotowa\u0107. Aby unikn\u0105\u0107 stresu tu\u017c przed wyjazdem, warto z wyprzedzeniem opracowa\u0107 list\u0119 rzeczy do spakowania na wakacje. Co warto zabra\u0107 na wczasy typu all inclusive? Sprawd\u017acie praktyczny\u2026","rel":"","context":"In &quot;Podr\u00f3\u017cowanie&quot;","block_context":{"text":"Podr\u00f3\u017cowanie","link":"https:\/\/magazyn.travelist.pl\/podrozowanie"},"img":{"alt_text":"Co spakowa\u0107 na wakacje All Inlusive?","src":"https:\/\/i0.wp.com\/magazyn.travelist.pl\/wp-content\/uploads\/2025\/08\/shutterstock_2652076929-min.jpg?resize=350%2C200&ssl=1","width":350,"height":200,"srcset":"https:\/\/i0.wp.com\/magazyn.travelist.pl\/wp-content\/uploads\/2025\/08\/shutterstock_2652076929-min.jpg?resize=350%2C200&ssl=1 1x, https:\/\/i0.wp.com\/magazyn.travelist.pl\/wp-content\/uploads\/2025\/08\/shutterstock_2652076929-min.jpg?resize=525%2C300&ssl=1 1.5x, https:\/\/i0.wp.com\/magazyn.travelist.pl\/wp-content\/uploads\/2025\/08\/shutterstock_2652076929-min.jpg?resize=700%2C400&ssl=1 2x"},"classes":[]},{"id":7263,"url":"https:\/\/magazyn.travelist.pl\/dobrze-spakowani-szczesliwi-w-podrozy","url_meta":{"origin":37051,"position":3},"title":"Jak spakowa\u0107 si\u0119 na wakacje? Lista rzeczy, kt\u00f3re powinny si\u0119 znale\u017a\u0107 w Twojej walizce!","author":"Redakcja Travelist","date":"22 kwietnia 2026","format":false,"excerpt":"Pakowanie na wyjazd zawsze zaczyna si\u0119 od tej samej \u0142amig\u0142\u00f3wki: jak zabra\u0107 wszystko, co naprawd\u0119 si\u0119 przyda, i jednocze\u015bnie nie sko\u0144czy\u0107 z walizk\u0105, kt\u00f3ra ju\u017c na starcie wydaje si\u0119 o rozmiar za ma\u0142a. Niezale\u017cnie od tego, czy przed Wami letni urlop, zimowy city break czy d\u0142u\u017csza podr\u00f3\u017c w nieznane, stawka\u2026","rel":"","context":"In &quot;Kultura i ciekawostki ze \u015bwiata&quot;","block_context":{"text":"Kultura i ciekawostki ze \u015bwiata","link":"https:\/\/magazyn.travelist.pl\/kultura-ciekawostki"},"img":{"alt_text":"Magazyn Travelist: Jak spakowa\u0107 si\u0119 na wakacje?","src":"https:\/\/i0.wp.com\/magazyn.travelist.pl\/wp-content\/uploads\/2026\/04\/shutterstock_2760523491-1.jpg?resize=350%2C200&ssl=1","width":350,"height":200,"srcset":"https:\/\/i0.wp.com\/magazyn.travelist.pl\/wp-content\/uploads\/2026\/04\/shutterstock_2760523491-1.jpg?resize=350%2C200&ssl=1 1x, https:\/\/i0.wp.com\/magazyn.travelist.pl\/wp-content\/uploads\/2026\/04\/shutterstock_2760523491-1.jpg?resize=525%2C300&ssl=1 1.5x, https:\/\/i0.wp.com\/magazyn.travelist.pl\/wp-content\/uploads\/2026\/04\/shutterstock_2760523491-1.jpg?resize=700%2C400&ssl=1 2x"},"classes":[]},{"id":44189,"url":"https:\/\/magazyn.travelist.pl\/co-zabrac-na-city-break-lista-rzeczy","url_meta":{"origin":37051,"position":4},"title":"Co zabra\u0107 na city break? Lista rzeczy, kt\u00f3re warto spakowa\u0107 na kr\u00f3tki wyjazd!","author":"Anna K\u0119dzierska","date":"24 kwietnia 2026","format":false,"excerpt":"City break to taki rodzaj wyjazdu, przy kt\u00f3rym turysta m\u00f3wi sobie: \u201eto tylko dwa, trzy dni, co mo\u017ce p\u00f3j\u015b\u0107 nie tak?\u201d, a potem na miejscu odkrywa, \u017ce nie ma \u0142adowarki, wygodnych but\u00f3w i poj\u0119cia, jak trafi\u0107 z lotniska do hotelu. Kr\u00f3tki wyjazd ma t\u0119 przewag\u0119, \u017ce nie wymaga pakowania walizki\u2026","rel":"","context":"In &quot;Podr\u00f3\u017cowanie&quot;","block_context":{"text":"Podr\u00f3\u017cowanie","link":"https:\/\/magazyn.travelist.pl\/podrozowanie"},"img":{"alt_text":"Magazyn Travelist: co spakowa\u0107 na city break","src":"https:\/\/i0.wp.com\/magazyn.travelist.pl\/wp-content\/uploads\/2026\/04\/shutterstock_2727400531-1.jpg?resize=350%2C200&ssl=1","width":350,"height":200,"srcset":"https:\/\/i0.wp.com\/magazyn.travelist.pl\/wp-content\/uploads\/2026\/04\/shutterstock_2727400531-1.jpg?resize=350%2C200&ssl=1 1x, https:\/\/i0.wp.com\/magazyn.travelist.pl\/wp-content\/uploads\/2026\/04\/shutterstock_2727400531-1.jpg?resize=525%2C300&ssl=1 1.5x, https:\/\/i0.wp.com\/magazyn.travelist.pl\/wp-content\/uploads\/2026\/04\/shutterstock_2727400531-1.jpg?resize=700%2C400&ssl=1 2x"},"classes":[]},{"id":43523,"url":"https:\/\/magazyn.travelist.pl\/podrozowanie-z-niemowlakiem-o-czym-trzeba-pamietac","url_meta":{"origin":37051,"position":5},"title":"Podr\u00f3\u017cowanie z niemowlakiem \u2013 o czym trzeba pami\u0119ta\u0107 przy pierwszej podr\u00f3\u017cy?\u00a0","author":"Magdalena Markiewicz","date":"15 kwietnia 2026","format":false,"excerpt":"Podr\u00f3\u017c z niemowl\u0119ciem to du\u017ce wyzwanie logistyczne dla rodzic\u00f3w.\u00a0Cho\u0107 wymaga wi\u0119cej przygotowa\u0144 ni\u017c standardowy wyjazd, nie musi oznacza\u0107 rezygnacji z odkrywania \u015bwiata. Kluczem jest odpowiednie zaplanowanie terminu, dopasowanie tempa podr\u00f3\u017cy do rytmu dziecka oraz zadbanie o bezpiecze\u0144stwo i komfort ca\u0142ej rodziny. W tym artykule podpowiadamy, kiedy najlepiej ruszy\u0107 w pierwsz\u0105\u2026","rel":"","context":"In &quot;Kultura i ciekawostki ze \u015bwiata&quot;","block_context":{"text":"Kultura i ciekawostki ze \u015bwiata","link":"https:\/\/magazyn.travelist.pl\/kultura-ciekawostki"},"img":{"alt_text":"Podr\u00f3\u017cowanie z niemowlakiem - Magazyn travelist","src":"https:\/\/i0.wp.com\/magazyn.travelist.pl\/wp-content\/uploads\/2026\/04\/GLOWNE-Podrozowanie-z-niemowlakiem-1.jpg?resize=350%2C200&ssl=1","width":350,"height":200,"srcset":"https:\/\/i0.wp.com\/magazyn.travelist.pl\/wp-content\/uploads\/2026\/04\/GLOWNE-Podrozowanie-z-niemowlakiem-1.jpg?resize=350%2C200&ssl=1 1x, https:\/\/i0.wp.com\/magazyn.travelist.pl\/wp-content\/uploads\/2026\/04\/GLOWNE-Podrozowanie-z-niemowlakiem-1.jpg?resize=525%2C300&ssl=1 1.5x, https:\/\/i0.wp.com\/magazyn.travelist.pl\/wp-content\/uploads\/2026\/04\/GLOWNE-Podrozowanie-z-niemowlakiem-1.jpg?resize=700%2C400&ssl=1 2x, https:\/\/i0.wp.com\/magazyn.travelist.pl\/wp-content\/uploads\/2026\/04\/GLOWNE-Podrozowanie-z-niemowlakiem-1.jpg?resize=1050%2C600&ssl=1 3x, https:\/\/i0.wp.com\/magazyn.travelist.pl\/wp-content\/uploads\/2026\/04\/GLOWNE-Podrozowanie-z-niemowlakiem-1.jpg?resize=1400%2C800&ssl=1 4x"},"classes":[]}],"_links":{"self":[{"href":"https:\/\/magazyn.travelist.pl\/wp-json\/wp\/v2\/posts\/37051"}],"collection":[{"href":"https:\/\/magazyn.travelist.pl\/wp-json\/wp\/v2\/posts"}],"about":[{"href":"https:\/\/magazyn.travelist.pl\/wp-json\/wp\/v2\/types\/post"}],"author":[{"embeddable":true,"href":"https:\/\/magazyn.travelist.pl\/wp-json\/wp\/v2\/users\/41"}],"replies":[{"embeddable":true,"href":"https:\/\/magazyn.travelist.pl\/wp-json\/wp\/v2\/comments?post=37051"}],"version-history":[{"count":10,"href":"https:\/\/magazyn.travelist.pl\/wp-json\/wp\/v2\/posts\/37051\/revisions"}],"predecessor-version":[{"id":37072,"href":"https:\/\/magazyn.travelist.pl\/wp-json\/wp\/v2\/posts\/37051\/revisions\/37072"}],"wp:featuredmedia":[{"embeddable":true,"href":"https:\/\/magazyn.travelist.pl\/wp-json\/wp\/v2\/media\/37052"}],"wp:attachment":[{"href":"https:\/\/magazyn.travelist.pl\/wp-json\/wp\/v2\/media?parent=37051"}],"wp:term":[{"taxonomy":"category","embeddable":true,"href":"https:\/\/magazyn.travelist.pl\/wp-json\/wp\/v2\/categories?post=37051"},{"taxonomy":"post_tag","embeddable":true,"href":"https:\/\/magazyn.travelist.pl\/wp-json\/wp\/v2\/tags?post=37051"}],"curies":[{"name":"wp","href":"https:\/\/api.w.org\/{rel}","templated":true}]}}